{"id":30881,"date":"2026-01-27T20:34:41","date_gmt":"2026-01-27T18:34:41","guid":{"rendered":"https:\/\/www.psib-psoe.org\/mallorca\/?p=30881"},"modified":"2026-01-27T20:34:52","modified_gmt":"2026-01-27T18:34:52","slug":"la-federacio-socialista-de-mallorca-inicia-lany-politic-reclamant-el-canvi-que-necessita-lilla-davant-la-deriva-ultra-i-privatitzadora-dels-governs-de-prohens-i-ga","status":"publish","type":"post","link":"https:\/\/www.psib-psoe.org\/mallorca\/la-federacio-socialista-de-mallorca-inicia-lany-politic-reclamant-el-canvi-que-necessita-lilla-davant-la-deriva-ultra-i-privatitzadora-dels-governs-de-prohens-i-ga\/","title":{"rendered":"La Federaci\u00f3 Socialista de Mallorca inicia l\u2019any pol\u00edtic reclamant \u201cel canvi que necessita l\u2019illa\u201d, davant la deriva ultra i privatitzadora dels governs de Prohens i Galm\u00e9s."},"content":{"rendered":"<div class=\"wpb-content-wrapper\">\n<figure class=\"wp-block-image size-full\"><img loading=\"lazy\" decoding=\"async\" width=\"1600\" height=\"614\" src=\"https:\/\/www.psib-psoe.org\/mallorca\/wp-content\/uploads\/Consell-Politic-FSM-GENER-26.jpeg\" alt=\"\" class=\"wp-image-30882\" srcset=\"https:\/\/www.psib-psoe.org\/mallorca\/wp-content\/uploads\/Consell-Politic-FSM-GENER-26.jpeg 1600w, https:\/\/www.psib-psoe.org\/mallorca\/wp-content\/uploads\/Consell-Politic-FSM-GENER-26-300x115.jpeg 300w, https:\/\/www.psib-psoe.org\/mallorca\/wp-content\/uploads\/Consell-Politic-FSM-GENER-26-1024x393.jpeg 1024w, https:\/\/www.psib-psoe.org\/mallorca\/wp-content\/uploads\/Consell-Politic-FSM-GENER-26-768x295.jpeg 768w, https:\/\/www.psib-psoe.org\/mallorca\/wp-content\/uploads\/Consell-Politic-FSM-GENER-26-1536x589.jpeg 1536w, https:\/\/www.psib-psoe.org\/mallorca\/wp-content\/uploads\/Consell-Politic-FSM-GENER-26-150x58.jpeg 150w, https:\/\/www.psib-psoe.org\/mallorca\/wp-content\/uploads\/Consell-Politic-FSM-GENER-26-600x230.jpeg 600w, https:\/\/www.psib-psoe.org\/mallorca\/wp-content\/uploads\/Consell-Politic-FSM-GENER-26-900x345.jpeg 900w, https:\/\/www.psib-psoe.org\/mallorca\/wp-content\/uploads\/Consell-Politic-FSM-GENER-26-20x9.jpeg 20w\" sizes=\"(max-width: 1600px) 100vw, 1600px\" \/><\/figure>\n\n\n<p>La secret\u00e0ria general de la Federaci\u00f3 Socialista de Mallorca, Amanda Fern\u00e0ndez, denuncia el silenci del PP que s\u2019alinea amb els ultres davant les vulneracions de drets humans i del dret internacional i reivindica la regularitzaci\u00f3 de 500.000 persones migrants aprovada pel Govern d\u2019Espanya, 11.000 de les quals s\u00f3n a Balears. <\/p>\n<p>En la intervenci\u00f3 davant el Consell Pol\u00edtic de la formaci\u00f3, ha alertat de la devaluaci\u00f3 dels serveis p\u00fablics,  davant l\u2019aposta del PP per l\u2019escola i la sanitat privada.<\/p>\n\n\n[vc_row][vc_column][vc_column_text]\n<p>La secret\u00e0ria general de la Federaci\u00f3 Socialista de Mallorca, Amanda Fern\u00e0ndez, ha obert avui el Consell Pol\u00edtic de la formaci\u00f3 advertint que el 2026 ser\u00e0 \u201cun any preelectoral\u201d i que el PSOE de Mallorca es posa en marxa \u201cper guanyar les eleccions del 2027 amb for\u00e7a, amb il\u00b7lusi\u00f3 i amb tota la feina que tenim per endavant per donar resposta a la necessitat de canvi que t\u00e9 la nostra illa\u201d. Fern\u00e0ndez ha defensat que Mallorca necessita un canvi urgent perqu\u00e8 \u201cen tres anys, les coses han anat a pitjor, a Mallorca i en un m\u00f3n en el qual veiem que es necessiten m\u00e9s que mai els valors que representa el nostre partit\u201d.<\/p>\n<p>Fern\u00e0ndez ha celebrat la regularitzaci\u00f3 de 500.000 persones migrants anunciada pel Govern d\u2019Espanya, que ha qualificat de \u201cmolt bona not\u00edcia perqu\u00e8 confirma que encara hi ha esperan\u00e7a, que tenim un Govern estatal presidit pel Partit Socialista que prioritza els drets humans i que garanteix oportunitats a qui les necessita\u201d. La socialista ha apuntat que 11.000 d\u2019aquestes persones viuen a les Illes Balears. <\/p>\n<p>Justament la secret\u00e0ria general dels Socialistes de Mallorca ha volgut contraposar aquesta actitud humanista enfront de la deriva dels esdeveniments recents e l\u2019\u00e0mbit internacional. Fern\u00e0ndez ha denunciat que \u201cels i les socialistes no podem quedar callats mentre decideixen botar-se tot el dret internacional a Vene\u00e7uela, segrestant el seu president\u201d.<\/p>\n<p>Respecte aquests fets, Fern\u00e0ndez ha lamentat el silenci de la presidenta Marga Prohens i del president del Consell, Lloren\u00e7 Galm\u00e9s: \u201cAlg\u00fa els ha sentit condemnar el genocidi a Gaza? Alg\u00fa els ha sentit dir res contra Donald Trump? Alg\u00fa els ha sentit condemnar la ruptura del dret internacional? Nosaltres tampoc; s\u00f3n silencis eixordadors\u201d. La dirigent socialista ha criticat que el PP hagi votat en contra del paquet de mesures de l\u2019escut social que inclo\u00efa la pujada de les pensions d\u2019un 2,7% per enguany, i que no hagi donat el seu vot favorable a la mesura que allargar la gratu\u00eftat del transport p\u00fablic. \u201cEls socialistes ho tenim clar, o ets de drets, o ets de dretes\u201d. <\/p>\n<p>Dins l\u2019\u00e0mbit educatiu, la secret\u00e0ria general ha advertit que el PP i Vox \u201cdespr\u00e9s de separar els nins i nines per ra\u00f3 de llengua i de prioritzar l\u2019escola concertada, ara volen imposar la zona escolar \u00fanica a tota Mallorca\u201d. Segons Fern\u00e0ndez, aquesta mesura i el punt d\u2019antic alumne que el PP ha rescatat \u201cintroduir\u00e0 desigualtat i impedir\u00e0 que les persones nouvingudes \u2014siguin migrants o mallorquins que canvien de municipi\u2014 tinguin les mateixes oportunitats a l\u2019hora de triar centre escolar\u201d. Ha defensat que \u201cl\u2019escola ha de ser un punt d\u2019aprenentatge, de conviv\u00e8ncia i d\u2019oportunitats per a tothom vengui d\u2019on vengui i tingui els recursos que tingui, i no convertir les escoles en guetos, per que alguns centres podran triar els alumnes que volen\u201d. <\/p>\n<p>Pel que fa a la sanitat p\u00fablica, Fern\u00e0ndez ha denunciat el deteriorament accelerat del sistema: \u201cEl tancament de les sales de parts de Manacor condemna moltes dones a parir a Palma, lluny de ca seva i del personal que les ha ateses durant tot l\u2019embar\u00e0s, perqu\u00e8 el Govern no \u00e9s capa\u00e7 de garantir el personal necessari\u201d. \u00c9s el PP de sempre fent el de sempre: devaluant l\u2019educaci\u00f3 i la sanitat p\u00fablica per engeixar les empreses privades\u201d.<\/p>\n<p>Davant de tota aquesta deriva privatitzadora que atempta contra la prestaci\u00f3 dels serveis p\u00fablics de qualitat a la ciutadania, Fern\u00e0ndez ha qualificat d\u2019incomprensible que el Govern Prohens rebutgi l\u2019arribada de nous recursos, com s\u00f3n la ren\u00fancia a la condonaci\u00f3 de 1.741 milions d\u2019euros de deute i als 412 milions anuals addicionals que arribarien a Balears a trav\u00e9s del nou sistema de finan\u00e7ament que el Govern ja ha dit que no vol negociar: \u201cNo puc entendre com el PP diu que no a aquests recursos mentre abaixa els imposts als m\u00e9s rics i Lloren\u00e7 Galm\u00e9s no pinta res davant aquesta decisi\u00f3 unilateral de Prohens\u201d.<\/p>\n<p>Finalment, la l\u00edder socialista ha afirmat que la FSM inicia un any clau amb voluntat de construir una alternativa s\u00f2lida i compartida: \u201cVolem que la gent d\u2019aqu\u00ed tingui futur, i diem no a la frustraci\u00f3 de la dreta. La feina d\u2019avui al Consell Pol\u00edtic \u00e9s de debat i de proposta per continuar construint una alternativa il\u00b7lusionant, dialogada i possible per fer realitat el canvi que millori la vida dels mallorquins i les mallorquines el 2027\u201d. <\/p>\n<p>Debat i aprovaci\u00f3 de quatre Propostes de resoluci\u00f3 al Consell Pol\u00edtic de la FSM.<\/p>\n<p>Els Socialistes de Mallorca han aprovat quatre resolucions que denuncien la regressi\u00f3 en pol\u00edtiques p\u00fabliques essencials i reclamen accions immediates per protegir l\u2019inter\u00e8s general. D\u2019una banda, s\u2019assenyala la mala gesti\u00f3 del Partit Popular en mat\u00e8ria de residus, especialment a Eivissa, i es rebutja l\u2019entrada de fems per ports com el d\u2019Alc\u00fadia, defensant un model sostenible basat en la reducci\u00f3 i el reciclatge. Igualment, es critica la voluntat del Govern de crear una zona escolar \u00fanica, advertint que aix\u00f2 incrementaria la segregaci\u00f3 i rompria l\u2019equitat educativa, i es reclama recuperar la zonificaci\u00f3 anterior per garantir cohesi\u00f3 social, proximitat i sostenibilitat.<\/p>\n<p>D\u2019altra banda, el Consell Pol\u00edtic expressa la seva preocupaci\u00f3 per l\u2019escalada d\u2019actuacions militars unilaterals a escala internacional, condemna les intervencions a Vene\u00e7uela i defensa el multilateralisme, el respecte al Dret Internacional i la sobirania dels pobles. Tamb\u00e9 es reivindica l\u2019elaboraci\u00f3 urgent del Pla Insular de Joventut, exigint transpar\u00e8ncia, participaci\u00f3 real i recursos suficients per afrontar reptes com l\u2019habitatge, l\u2019emancipaci\u00f3, la salut mental i l\u2019ocupaci\u00f3 digna, en una iniciativa defensada per les Joventuts Socialistes de Mallorca. En conjunt, les resolucions reafirmen el comprom\u00eds socialista amb la just\u00edcia social, la democr\u00e0cia, la sostenibilitat i la defensa dels drets de la ciutadania.<\/p>\n[\/vc_column_text][\/vc_column][\/vc_row]\n\n\n\n<figure class=\"wp-block-audio\"><audio controls src=\"https:\/\/www.psib-psoe.org\/mallorca\/wp-content\/uploads\/AUDIO-RDP-AMANDA.mp3\"><\/audio><\/figure>\n<\/div>","protected":false},"excerpt":{"rendered":"La secret\u00e0ria general de la Federaci\u00f3 Socialista de Mallorca, Amanda Fern\u00e0ndez, denuncia el silenci del PP que s\u2019alinea amb els ultres davant les vulneracions de drets humans i del dret internacional i reivindica la regularitzaci\u00f3 de 500.000 persones migrants aprovada pel Govern d\u2019Espanya, 11.000 de les quals s\u00f3n a Balears. En la intervenci\u00f3 davant el&hellip;","protected":false},"author":3,"featured_media":30882,"comment_status":"closed","ping_status":"closed","sticky":false,"template":"","format":"standard","meta":{"footnotes":""},"categories":[2,1,90,92],"tags":[218,362,83,77,504,430,100,277,351],"class_list":["post-30881","post","type-post","status-publish","format-standard","has-post-thumbnail","hentry","category-federacio-de-mallorca","category-federacio-de-mallorca-portada","category-municipis","category-portada","tag-amanda-fernandez","tag-ares-fernandez","tag-consell-de-mallorca","tag-federacio-socialista-de-mallorca","tag-juana-m-adrover","tag-marti-march","tag-miquel-cabot","tag-paula-ginard","tag-tolo-aguilar"],"_links":{"self":[{"href":"https:\/\/www.psib-psoe.org\/mallorca\/wp-json\/wp\/v2\/posts\/30881"}],"collection":[{"href":"https:\/\/www.psib-psoe.org\/mallorca\/wp-json\/wp\/v2\/posts"}],"about":[{"href":"https:\/\/www.psib-psoe.org\/mallorca\/wp-json\/wp\/v2\/types\/post"}],"author":[{"embeddable":true,"href":"https:\/\/www.psib-psoe.org\/mallorca\/wp-json\/wp\/v2\/users\/3"}],"replies":[{"embeddable":true,"href":"https:\/\/www.psib-psoe.org\/mallorca\/wp-json\/wp\/v2\/comments?post=30881"}],"version-history":[{"count":1,"href":"https:\/\/www.psib-psoe.org\/mallorca\/wp-json\/wp\/v2\/posts\/30881\/revisions"}],"predecessor-version":[{"id":30884,"href":"https:\/\/www.psib-psoe.org\/mallorca\/wp-json\/wp\/v2\/posts\/30881\/revisions\/30884"}],"wp:featuredmedia":[{"embeddable":true,"href":"https:\/\/www.psib-psoe.org\/mallorca\/wp-json\/wp\/v2\/media\/30882"}],"wp:attachment":[{"href":"https:\/\/www.psib-psoe.org\/mallorca\/wp-json\/wp\/v2\/media?parent=30881"}],"wp:term":[{"taxonomy":"category","embeddable":true,"href":"https:\/\/www.psib-psoe.org\/mallorca\/wp-json\/wp\/v2\/categories?post=30881"},{"taxonomy":"post_tag","embeddable":true,"href":"https:\/\/www.psib-psoe.org\/mallorca\/wp-json\/wp\/v2\/tags?post=30881"}],"curies":[{"name":"wp","href":"https:\/\/api.w.org\/{rel}","templated":true}]}}