{"id":30885,"date":"2026-01-28T12:49:21","date_gmt":"2026-01-28T10:49:21","guid":{"rendered":"https:\/\/www.psib-psoe.org\/mallorca\/?p=30885"},"modified":"2026-01-28T12:49:34","modified_gmt":"2026-01-28T10:49:34","slug":"els-socialistes-de-son-servera-denuncien-el-deteriorament-de-latencio-sanitaria-al-municipi-i-exigeixen-la-reobertura-completa-de-la-unitat-de-salut-de-cala-millor","status":"publish","type":"post","link":"https:\/\/www.psib-psoe.org\/mallorca\/els-socialistes-de-son-servera-denuncien-el-deteriorament-de-latencio-sanitaria-al-municipi-i-exigeixen-la-reobertura-completa-de-la-unitat-de-salut-de-cala-millor\/","title":{"rendered":"Els Socialistes de Son Servera denuncien el deteriorament de l\u2019atenci\u00f3 sanit\u00e0ria al municipi i exigeixen la reobertura completa de la unitat de salut de Cala Millor."},"content":{"rendered":"<div class=\"wpb-content-wrapper\">\n<figure class=\"wp-block-image size-full is-resized is-style-default\"><img loading=\"lazy\" decoding=\"async\" width=\"879\" height=\"603\" src=\"https:\/\/www.psib-psoe.org\/mallorca\/wp-content\/uploads\/Ple-Son-Servera.jpeg\" alt=\"\" class=\"wp-image-30886\" style=\"width:788px;height:auto\" srcset=\"https:\/\/www.psib-psoe.org\/mallorca\/wp-content\/uploads\/Ple-Son-Servera.jpeg 879w, https:\/\/www.psib-psoe.org\/mallorca\/wp-content\/uploads\/Ple-Son-Servera-300x206.jpeg 300w, https:\/\/www.psib-psoe.org\/mallorca\/wp-content\/uploads\/Ple-Son-Servera-768x527.jpeg 768w, https:\/\/www.psib-psoe.org\/mallorca\/wp-content\/uploads\/Ple-Son-Servera-150x103.jpeg 150w, https:\/\/www.psib-psoe.org\/mallorca\/wp-content\/uploads\/Ple-Son-Servera-600x412.jpeg 600w, https:\/\/www.psib-psoe.org\/mallorca\/wp-content\/uploads\/Ple-Son-Servera-20x13.jpeg 20w\" sizes=\"(max-width: 879px) 100vw, 879px\" \/><\/figure>\n\n\n[vc_row][vc_column][vc_column_text]\n<p><em><u>  L\u2019Agrupaci\u00f3 Socialista reclama solucions immediates davant la manca de serveis essencials al nucli de Cala Millor, que se sumen a les demandes dels Socialistes de Mallorca al Govern de Prohens per cobrir les mancances de personal i d\u2019infraestructures sanit\u00e0ries a la comarca. La portaveu del Grup Municipal, Reme Ca\u00f1adas, exigeix m\u00e9s feina i insist\u00e8ncia a l\u2019equip de govern de Son Servera davant la negativa de la Conselleria de Salut d\u2019incrementar el personal de la unitat b\u00e0sica de Cala Millor. <\/p>\n[\/vc_column_text][\/vc_column][\/vc_row]\n\n\n[vc_row][vc_column][vc_column_text]\n<p>L\u2019Agrupaci\u00f3 Socialista de Son Servera ha tornat a reclamar en el Ple municipal la necessitat urgent de recuperar els serveis sanitaris a la Unitat B\u00e0sica de Salut de Cala Millor, que actualment no obre els horabaixes i continua sense servei de pediatria. Aquesta situaci\u00f3 deixa sense una atenci\u00f3 essencial molts ve\u00efns i ve\u00efnes del nucli, fet que consideren \u201cinadmisible\u201d en una zona amb poblaci\u00f3 estable i una alta demanda assistencial.<\/p>\n<p>La portaveu del Grup Municipal Socialista, Reme Ca\u00f1adas, ha remarcat que \u201cCala Millor no pot continuar sent un nucli oblidat en mat\u00e8ria sanit\u00e0ria. Les excuses de la Conselleria no resolen els problemes reals de la gent\u201d. Ca\u00f1adas ha recordat que el municipi ja ha traslladat reiteradament aquesta preocupaci\u00f3 al Ple i que la resposta del Govern \u201csempre \u00e9s la mateixa: manca de personal. Per\u00f2 el que manca \u00e9s voluntat pol\u00edtica i capacitat de gesti\u00f3\u201d.<\/p>\n<p>Els Socialistes de Son Servera exigeixen la reobertura completa de la UBS de Cala Millor, l incorporaci\u00f3 immediata d\u2019un servei de pediatria, imprescindible per a les fam\u00edlies del nucli que no es poden despla\u00e7ar al centre de salut de Son Servera. I tamb\u00e9 posar en marxa mesures provisionals urgents, com el refor\u00e7 amb personal del PAC de Son Servera un o dos dies per setmana, mentre no es restableixen els serveis. \u201cNo deixarem d\u2019exigir que de manera inmediata es pugui reobrir la UBS de Cala Millor els horabaixes i dotar el servei de pediatria almanco un d\u00eda per la semana\u201d, ha recalcat Ca\u00f1adas.  <\/p>\n<p>El prec de l\u2019Agrupaci\u00f3 Socialista de Son Servera per a la millora de l\u2019atenci\u00f3 sanit\u00e0ria al municipi s\u2019afegeix a les den\u00fancies formulades recentment per la secret\u00e0ria general de la Federaci\u00f3 Socialista de Mallorca, Amanda Fern\u00e0ndez, a Manacor. Fern\u00e0ndez, acompanyada de batles i regidors socialistes del Llevant i el Migjorn va advertir davant l\u2019Hospital de Manacor que el Govern est\u00e0 permetent sales de parts tancades, centres de salut infradotats i una manca de planificaci\u00f3 que posa en risc l\u2019atenci\u00f3 a milers de fam\u00edlies.<\/p>\n<p>Segons la FSM, la degradaci\u00f3 dels serveis sanitaris a la comarca \u00e9s \u201cintolerable\u201d en un territori que necessita m\u00e9s recursos, no menys, i han anunciat que mantindran la pressi\u00f3 institucional i social fins que el Govern rectifiqui i garanteixi una atenci\u00f3 sanit\u00e0ria adequada a tota la ciutadania del Llevant i el Migjorn, per una pol\u00edtica continuada i met\u00f3dica de \u201cdevaluaci\u00f3 de la sanitat p\u00fablica en favor de l\u2019 empresa privada\u201d. <\/p>\n[\/vc_column_text][\/vc_column][\/vc_row]\n<\/div>","protected":false},"excerpt":{"rendered":"[vc_row][vc_column][vc_column_text] L\u2019Agrupaci\u00f3 Socialista reclama solucions immediates davant la manca de serveis essencials al nucli de Cala Millor, que se sumen a les demandes dels Socialistes de Mallorca al Govern de Prohens per cobrir les mancances de personal i d\u2019infraestructures sanit\u00e0ries a la comarca. La portaveu del Grup Municipal, Reme Ca\u00f1adas, exigeix m\u00e9s feina i insist\u00e8ncia&hellip;","protected":false},"author":3,"featured_media":30886,"comment_status":"closed","ping_status":"closed","sticky":false,"template":"","format":"standard","meta":{"footnotes":""},"categories":[2,1,90,92],"tags":[403,218,362,564,77,84,659,187],"class_list":["post-30885","post","type-post","status-publish","format-standard","has-post-thumbnail","hentry","category-federacio-de-mallorca","category-federacio-de-mallorca-portada","category-municipis","category-portada","tag-agrupacio-socialista-de-son-servera","tag-amanda-fernandez","tag-ares-fernandez","tag-fa-fang-dong","tag-federacio-socialista-de-mallorca","tag-psib-psoe","tag-remedios-canadas","tag-son-servera"],"_links":{"self":[{"href":"https:\/\/www.psib-psoe.org\/mallorca\/wp-json\/wp\/v2\/posts\/30885"}],"collection":[{"href":"https:\/\/www.psib-psoe.org\/mallorca\/wp-json\/wp\/v2\/posts"}],"about":[{"href":"https:\/\/www.psib-psoe.org\/mallorca\/wp-json\/wp\/v2\/types\/post"}],"author":[{"embeddable":true,"href":"https:\/\/www.psib-psoe.org\/mallorca\/wp-json\/wp\/v2\/users\/3"}],"replies":[{"embeddable":true,"href":"https:\/\/www.psib-psoe.org\/mallorca\/wp-json\/wp\/v2\/comments?post=30885"}],"version-history":[{"count":1,"href":"https:\/\/www.psib-psoe.org\/mallorca\/wp-json\/wp\/v2\/posts\/30885\/revisions"}],"predecessor-version":[{"id":30887,"href":"https:\/\/www.psib-psoe.org\/mallorca\/wp-json\/wp\/v2\/posts\/30885\/revisions\/30887"}],"wp:featuredmedia":[{"embeddable":true,"href":"https:\/\/www.psib-psoe.org\/mallorca\/wp-json\/wp\/v2\/media\/30886"}],"wp:attachment":[{"href":"https:\/\/www.psib-psoe.org\/mallorca\/wp-json\/wp\/v2\/media?parent=30885"}],"wp:term":[{"taxonomy":"category","embeddable":true,"href":"https:\/\/www.psib-psoe.org\/mallorca\/wp-json\/wp\/v2\/categories?post=30885"},{"taxonomy":"post_tag","embeddable":true,"href":"https:\/\/www.psib-psoe.org\/mallorca\/wp-json\/wp\/v2\/tags?post=30885"}],"curies":[{"name":"wp","href":"https:\/\/api.w.org\/{rel}","templated":true}]}}