{"id":30888,"date":"2026-01-29T14:47:12","date_gmt":"2026-01-29T12:47:12","guid":{"rendered":"https:\/\/www.psib-psoe.org\/mallorca\/?p=30888"},"modified":"2026-01-29T14:47:24","modified_gmt":"2026-01-29T12:47:24","slug":"els-socialistes-de-maria-de-la-salut-recullen-el-malestar-dels-veinats-davant-les-modificacions-del-nou-planejament-municipal-que-ha-imposat-el-batle","status":"publish","type":"post","link":"https:\/\/www.psib-psoe.org\/mallorca\/els-socialistes-de-maria-de-la-salut-recullen-el-malestar-dels-veinats-davant-les-modificacions-del-nou-planejament-municipal-que-ha-imposat-el-batle\/","title":{"rendered":"Els Socialistes de Maria de la Salut recullen el malestar dels ve\u00efnats davant les modificacions del nou planejament municipal que ha imposat el batle."},"content":{"rendered":"<div class=\"wpb-content-wrapper\">\n<figure class=\"wp-block-image size-large is-resized\"><img loading=\"lazy\" decoding=\"async\" width=\"1024\" height=\"768\" src=\"https:\/\/www.psib-psoe.org\/mallorca\/wp-content\/uploads\/Maria-de-la-Salut-reunio-pla-urbanistic-1024x768.jpeg\" alt=\"\" class=\"wp-image-30889\" style=\"width:771px;height:auto\" srcset=\"https:\/\/www.psib-psoe.org\/mallorca\/wp-content\/uploads\/Maria-de-la-Salut-reunio-pla-urbanistic-1024x768.jpeg 1024w, https:\/\/www.psib-psoe.org\/mallorca\/wp-content\/uploads\/Maria-de-la-Salut-reunio-pla-urbanistic-300x225.jpeg 300w, https:\/\/www.psib-psoe.org\/mallorca\/wp-content\/uploads\/Maria-de-la-Salut-reunio-pla-urbanistic-768x576.jpeg 768w, https:\/\/www.psib-psoe.org\/mallorca\/wp-content\/uploads\/Maria-de-la-Salut-reunio-pla-urbanistic-1536x1152.jpeg 1536w, https:\/\/www.psib-psoe.org\/mallorca\/wp-content\/uploads\/Maria-de-la-Salut-reunio-pla-urbanistic-150x113.jpeg 150w, https:\/\/www.psib-psoe.org\/mallorca\/wp-content\/uploads\/Maria-de-la-Salut-reunio-pla-urbanistic-600x450.jpeg 600w, https:\/\/www.psib-psoe.org\/mallorca\/wp-content\/uploads\/Maria-de-la-Salut-reunio-pla-urbanistic-900x675.jpeg 900w, https:\/\/www.psib-psoe.org\/mallorca\/wp-content\/uploads\/Maria-de-la-Salut-reunio-pla-urbanistic-20x16.jpeg 20w, https:\/\/www.psib-psoe.org\/mallorca\/wp-content\/uploads\/Maria-de-la-Salut-reunio-pla-urbanistic.jpeg 2048w\" sizes=\"(max-width: 1024px) 100vw, 1024px\" \/><\/figure>\n\n\n[vc_row][vc_column][vc_column_text]\n<p><em><u> La reuni\u00f3 amb ve\u00efnats de Maria, davant el nou per\u00edode d\u2019exposici\u00f3 p\u00fablica del planejament municipal, ha posat al descobert el descontentament social per unes modificacions que no incorporen gran part de les al\u00b7legacions plantejades, i les queixes per l\u2019abs\u00e8ncia d\u2019explicacions de l\u2019equip de govern municipal. La mem\u00f2ria del planejament exposa clarament que part de les modificacions incloses en el projecte de Normes Subsidi\u00e0ries han estat imposades pel batle Jaume Ferriol (PP). <\/p>\n<p> <\/u><\/em><\/p>\n[\/vc_column_text][\/vc_column][\/vc_row]\n\n\n[vc_row][vc_column][vc_column_text]\n<p>L\u2019Agrupaci\u00f3 Socialista de Maria de la Salut ha convocat els ve\u00efnats de la localitat per con\u00e8ixer la seva opini\u00f3 davant del nou planejament urban\u00edstic municipal. I el resultat de la consulta no ha pogut ser m\u00e9s decebedor: rebuig generalitzat a un projecte que no respon a l\u2019inter\u00e8s general del poble, i que no ha estat suficientment explicat. A la sessi\u00f3 hi han assistit la diputada i vicepresidenta del Parlament, Mercedes Garrido, els consellers del Grup Socialista Bea Gamund\u00ed i Jaume Mateu, i el secretari general de l\u2019Agrupaci\u00f3 de Maria, Toni Moreno. <\/p>\n<p>En la presentaci\u00f3 que es va fer del document, fa unes setmanes, l\u2019equip del departament de Territori i Urbanisme del Consell de Mallorca, que ha estat el redactor de les Normes de Maria, apuntava a un projecte que apostava pel creixement compacte i la protecci\u00f3 del car\u00e0cter tradicional del nucli. El l\u00edmit m\u00e0xim de poblaci\u00f3 de Maria arriba ara fins als 3550 habitants, incrementant en 300 persones m\u00e9s el topall que s\u2019havia indicat en el primer projecte de la modificaci\u00f3, presentat en 2023. <\/p>\n<p>En canvi els ve\u00efns presents a la reuni\u00f3 van manifestar el seu desacord amb el planejament aprovat inicialment. En la mem\u00f2ria del document que ha de substituir les actuals Normes Subsidi\u00e0ries del municipi, es llegeix clarament que moltes de les modificacions incorporades no responen a les al\u00b7legacions (297) que es van presentar al projecte anterior, sin\u00f3 que havien estat \u201cimposades\u201d pel batle Jaume Ferriol, qui tamb\u00e9 president la Federaci\u00f3 de Municipis de les Illes Balears en representaci\u00f3 del PP. <\/p>\n<p>Aix\u00ed es parla de canvis al projecte per intermediaci\u00f3 directa de Ferriol per suprimir una zona urbanitzable a Font i Roig, delimitar un nou sector de s\u00f2l urbanitzable industrial a tocar del ja existent, incloure terrenys del nord del nucli qualificats d\u2019aparcaments i zona verda, dins d\u2019un sector d\u2019urbanitzable, o la supressi\u00f3 de totes les obertures de nous vials. Uns canvis que no han tengut en compte la realitat del poble pel que fa al futur dels equipaments educatius, socials i culturals, ni tampoc la necessitat de pensar en un projecte com\u00fa del municipi, i no basats en interessos particulars.<\/p>\n<p>Des de l\u2019Agrupaci\u00f3 Socialista de Maria es confirma la impressi\u00f3 de qu\u00e8 en la confecci\u00f3 d\u2019aquesta modificaci\u00f3 del projecte de nou planejament urban\u00edstic de Maria hi ha hagut una intervenci\u00f3 directa del batle, que queda reflectit a la mateixa mem\u00f2ria, i que no respon a l\u2019inter\u00e8s general dels residents al municipi, en un document que ha de guiar el futur de la poblaci\u00f3 per a les pr\u00f2ximes d\u00e8cades. Els Socialistes reclamen que m\u00e9s enll\u00e0 de l\u2019opini\u00f3 del batle, el planejament de Maria recuperi l\u2019esperit que va tenir durant la passada legislatura en qu\u00e8 tot el proc\u00e9s de reforma es va iniciar amb una consulta participativa oberta a tota la ciutadania, que va donar pas a la confecci\u00f3 d\u2019un primer esborrany que posteriorment Jaume Ferriol va descartar, just acabat de ser nomenat batle, a l\u2019estiu de 2023. <\/p>\n[\/vc_column_text][\/vc_column][\/vc_row]\n<\/div>","protected":false},"excerpt":{"rendered":"[vc_row][vc_column][vc_column_text] La reuni\u00f3 amb ve\u00efnats de Maria, davant el nou per\u00edode d\u2019exposici\u00f3 p\u00fablica del planejament municipal, ha posat al descobert el descontentament social per unes modificacions que no incorporen gran part de les al\u00b7legacions plantejades, i les queixes per l\u2019abs\u00e8ncia d\u2019explicacions de l\u2019equip de govern municipal. La mem\u00f2ria del planejament exposa clarament que part de&hellip;","protected":false},"author":3,"featured_media":30889,"comment_status":"closed","ping_status":"closed","sticky":false,"template":"","format":"standard","meta":{"footnotes":""},"categories":[2,1,90,92],"tags":[218,362,447,77,186,104,84,352,666,81],"class_list":["post-30888","post","type-post","status-publish","format-standard","has-post-thumbnail","hentry","category-federacio-de-mallorca","category-federacio-de-mallorca-portada","category-municipis","category-portada","tag-amanda-fernandez","tag-ares-fernandez","tag-bea-gamundi","tag-federacio-socialista-de-mallorca","tag-jaume-mateu","tag-mercedes-garrido","tag-psib-psoe","tag-rafel-oliver","tag-toni-moreno","tag-xisco-arrom"],"_links":{"self":[{"href":"https:\/\/www.psib-psoe.org\/mallorca\/wp-json\/wp\/v2\/posts\/30888"}],"collection":[{"href":"https:\/\/www.psib-psoe.org\/mallorca\/wp-json\/wp\/v2\/posts"}],"about":[{"href":"https:\/\/www.psib-psoe.org\/mallorca\/wp-json\/wp\/v2\/types\/post"}],"author":[{"embeddable":true,"href":"https:\/\/www.psib-psoe.org\/mallorca\/wp-json\/wp\/v2\/users\/3"}],"replies":[{"embeddable":true,"href":"https:\/\/www.psib-psoe.org\/mallorca\/wp-json\/wp\/v2\/comments?post=30888"}],"version-history":[{"count":1,"href":"https:\/\/www.psib-psoe.org\/mallorca\/wp-json\/wp\/v2\/posts\/30888\/revisions"}],"predecessor-version":[{"id":30890,"href":"https:\/\/www.psib-psoe.org\/mallorca\/wp-json\/wp\/v2\/posts\/30888\/revisions\/30890"}],"wp:featuredmedia":[{"embeddable":true,"href":"https:\/\/www.psib-psoe.org\/mallorca\/wp-json\/wp\/v2\/media\/30889"}],"wp:attachment":[{"href":"https:\/\/www.psib-psoe.org\/mallorca\/wp-json\/wp\/v2\/media?parent=30888"}],"wp:term":[{"taxonomy":"category","embeddable":true,"href":"https:\/\/www.psib-psoe.org\/mallorca\/wp-json\/wp\/v2\/categories?post=30888"},{"taxonomy":"post_tag","embeddable":true,"href":"https:\/\/www.psib-psoe.org\/mallorca\/wp-json\/wp\/v2\/tags?post=30888"}],"curies":[{"name":"wp","href":"https:\/\/api.w.org\/{rel}","templated":true}]}}