{"id":31066,"date":"2026-03-08T11:29:29","date_gmt":"2026-03-08T09:29:29","guid":{"rendered":"https:\/\/www.psib-psoe.org\/mallorca\/?p=31066"},"modified":"2026-03-08T11:29:40","modified_gmt":"2026-03-08T09:29:40","slug":"rosario-sanchez-acusa-el-govern-de-prohens-dhaver-ficat-dins-un-calaix-totes-les-politiques-digualtat-a-balears-per-no-molestar-vox","status":"publish","type":"post","link":"https:\/\/www.psib-psoe.org\/mallorca\/rosario-sanchez-acusa-el-govern-de-prohens-dhaver-ficat-dins-un-calaix-totes-les-politiques-digualtat-a-balears-per-no-molestar-vox\/","title":{"rendered":"Rosario S\u00e1nchez acusa el Govern de Prohens \u201cd\u2019haver ficat dins un calaix totes les pol\u00edtiques d\u2019igualtat a Balears per no molestar Vox\u201d."},"content":{"rendered":"<div class=\"wpb-content-wrapper\">\n<figure class=\"wp-block-image size-full\"><img loading=\"lazy\" decoding=\"async\" width=\"1600\" height=\"1200\" src=\"https:\/\/www.psib-psoe.org\/mallorca\/wp-content\/uploads\/8M-Inca.jpeg\" alt=\"\" class=\"wp-image-31067\" srcset=\"https:\/\/www.psib-psoe.org\/mallorca\/wp-content\/uploads\/8M-Inca.jpeg 1600w, https:\/\/www.psib-psoe.org\/mallorca\/wp-content\/uploads\/8M-Inca-300x225.jpeg 300w, https:\/\/www.psib-psoe.org\/mallorca\/wp-content\/uploads\/8M-Inca-1024x768.jpeg 1024w, https:\/\/www.psib-psoe.org\/mallorca\/wp-content\/uploads\/8M-Inca-768x576.jpeg 768w, https:\/\/www.psib-psoe.org\/mallorca\/wp-content\/uploads\/8M-Inca-1536x1152.jpeg 1536w, https:\/\/www.psib-psoe.org\/mallorca\/wp-content\/uploads\/8M-Inca-150x113.jpeg 150w, https:\/\/www.psib-psoe.org\/mallorca\/wp-content\/uploads\/8M-Inca-600x450.jpeg 600w, https:\/\/www.psib-psoe.org\/mallorca\/wp-content\/uploads\/8M-Inca-900x675.jpeg 900w, https:\/\/www.psib-psoe.org\/mallorca\/wp-content\/uploads\/8M-Inca-20x16.jpeg 20w\" sizes=\"(max-width: 1600px) 100vw, 1600px\" \/><\/figure>\n\n\n<p>La vicesecret\u00e0ria general del PSIB-PSOE participa al tradicional sopar del 8M a Inca amb l\u2019alcalde Virgilio Moreno i la secret\u00e0ria general de la FSM, Amanda Fern\u00e1ndez.<\/p>\n\n\n[vc_row][vc_column][vc_column_text]\n<p>La vicesecret\u00e0ria general del PSIB-PSOE, Rosario S\u00e1nchez, ha denunciat que el Govern de Marga Prohens \u201cha ficat dins un calaix totes les pol\u00edtiques d\u2019igualtat per no molestar els seus socis de Vox\u201d, durant la seva intervenci\u00f3 al tradicional sopar amb motiu de la celebraci\u00f3n del 8 de mar\u00e7, Dia Internacional de la Dona, organitzat pels Socialistes d\u2019Inca aquest dissabte.<\/p>\n<p>L\u2019acte ha comptat tamb\u00e9 amb la participaci\u00f3 de l\u2019alcalde d\u2019Inca, Virgilio Moreno, i de la secret\u00e0ria general de la Federaci\u00f3 Socialista de Mallorca, Amanda Fern\u00e1ndez, i ha servit com a espai de trobada i reivindicaci\u00f3 de les dones socialistes. Durant la seva intervenci\u00f3, S\u00e1nchez ha reivindicat la import\u00e0ncia de les pol\u00edtiques d\u2019igualtat \u201cdes de totes les institucions, tamb\u00e9 des dels ajuntaments\u201d, i ha destacat el paper de les dones socialistes a l\u2019hora de fer xarxa i impulsar avan\u00e7os reals en drets i oportunitats.<\/p>\n<p>La dirigent socialista ha criticat que, en tres anys de legislatura, el Govern auton\u00f2mic \u201cno ha impulsat cap iniciativa nova en mat\u00e8ria d\u2019igualtat\u201d, fet que ha atribu\u00eft a la depend\u00e8ncia del PP respecte a Vox. \u201cDiuen que defensen la igualtat, per\u00f2 ning\u00fa \u00e9s capa\u00e7 de citar una sola acci\u00f3 de Marga Prohens en aquests tres anys a favor de la igualtat entre dones i homes\u201d, ha afirmat.<\/p>\n<p>S\u00e1nchez ha advertit que \u201cles dones de les Illes Balears no podem esperar mentre PP i Vox ens utilitzen com a eina pol\u00edtica per mantenir els seus pactes de govern\u201d, i ha recordat que encara hi ha reptes urgents com la lluita contra la viol\u00e8ncia masclista, la bretxa salarial, la conciliaci\u00f3 i la corresponsabilitat o el tr\u00e0fic de dones, nines i nins amb fins d\u2019explotaci\u00f3 sexual.<\/p>\n<p>En aquest sentit, ha alertat que \u201cel blanqueig del masclisme i del feixisme per part de la dreta i l\u2019extrema dreta est\u00e0 provocant un retroc\u00e9s en drets i un augment de les agressions masclistes, tamb\u00e9 en entorns digitals\u201d. Davant aquesta situaci\u00f3, la vicesecret\u00e0ria general del PSIB-PSOE ha assegurat que el partit treballa ja en l\u2019alternativa pol\u00edtica per al 2027. \u201cEl nostre objectiu \u00e9s tornar a situar les pol\u00edtiques feministes i d\u2019igualtat al centre de l\u2019acci\u00f3 de govern i oferir esperan\u00e7a i solucions a les dones, tant a les v\u00edctimes de viol\u00e8ncia masclista com a totes aquelles que volen desenvolupar el seu projecte de vida amb llibertat\u201d, ha explicat.<\/p>\n<p>La socialista tamb\u00e9 ha volgut fer un al\u00b7legat en contra de la guerra, atesa la situaci\u00f3 creada pels conlictes a l\u2019Iran, a Gaza i a Ucra\u00efna, \u201csituacions en les que les dones patim en major mesura, com pasa amb la pobresa la desigualtat o la manca d\u2019oportunitats\u201d. <\/p>\n<p>Per la seva banda, l\u2019alcalde d\u2019Inca, Virgilio Moreno, ha reivindicat la import\u00e0ncia de continuar avan\u00e7ant en drets i igualtat. \u201cEn aquest 8 de mar\u00e7, no nom\u00e9s celebrem els aven\u00e7os aconseguits gr\u00e0cies a la lluita de tantes dones, sin\u00f3 que tamb\u00e9 recordem que la igualtat real encara \u00e9s un repte que ens interpel\u00b7la a tots i a totes\u201d. Moreno ha advertit tamb\u00e9 dels riscos dels discursos reaccionaris: \u201cDavant els discursos de l\u2019extrema dreta que volen fer passes enrere i q\u00fcestionar drets que han costat d\u00e8cades de conquerir, hem de respondre amb m\u00e9s democr\u00e0cia, m\u00e9s feminisme i m\u00e9s comprom\u00eds col\u00b7lectiu\u201d.<\/p>\n<p>Finalment, el batle d\u2019Inca ha fet una crida a la mobilitzaci\u00f3 ciutadana: \u201cPer aix\u00f2, des d\u2019Inca, vos convido a continuar al\u00e7ant la veu, a defensar la igualtat cada dia i a caminar junts i juntes cap a una societat m\u00e9s justa, m\u00e9s lliure i m\u00e9s digna per a tothom\u201d.<\/p>\n[vc_row][vc_column][vc_column_text]\n\n\n\n<figure class=\"wp-block-audio\"><audio controls src=\"https:\/\/www.psib-psoe.org\/mallorca\/wp-content\/uploads\/080326_Rosario-Sanchez.mp3.mp3\"><\/audio><\/figure>\n\n\n\n<figure class=\"wp-block-audio\"><audio controls src=\"https:\/\/www.psib-psoe.org\/mallorca\/wp-content\/uploads\/080326_Virgilio-Moreno.mp3.mp3\"><\/audio><\/figure>\n<\/div>","protected":false},"excerpt":{"rendered":"La vicesecret\u00e0ria general del PSIB-PSOE participa al tradicional sopar del 8M a Inca amb l\u2019alcalde Virgilio Moreno i la secret\u00e0ria general de la FSM, Amanda Fern\u00e1ndez. [vc_row][vc_column][vc_column_text] La vicesecret\u00e0ria general del PSIB-PSOE, Rosario S\u00e1nchez, ha denunciat que el Govern de Marga Prohens \u201cha ficat dins un calaix totes les pol\u00edtiques d\u2019igualtat per no molestar els&hellip;","protected":false},"author":3,"featured_media":31067,"comment_status":"closed","ping_status":"closed","sticky":false,"template":"","format":"standard","meta":{"footnotes":""},"categories":[2,1,90,92],"tags":[218,362,105,83,77,483,141,245,296,329],"class_list":["post-31066","post","type-post","status-publish","format-standard","has-post-thumbnail","hentry","category-federacio-de-mallorca","category-federacio-de-mallorca-portada","category-municipis","category-portada","tag-amanda-fernandez","tag-ares-fernandez","tag-catalina-cladera","tag-consell-de-mallorca","tag-federacio-socialista-de-mallorca","tag-joan-ferrer","tag-rosario-sanchez","tag-socialistes-dinca","tag-sofia-alonso","tag-virgilio-moreno"],"_links":{"self":[{"href":"https:\/\/www.psib-psoe.org\/mallorca\/wp-json\/wp\/v2\/posts\/31066"}],"collection":[{"href":"https:\/\/www.psib-psoe.org\/mallorca\/wp-json\/wp\/v2\/posts"}],"about":[{"href":"https:\/\/www.psib-psoe.org\/mallorca\/wp-json\/wp\/v2\/types\/post"}],"author":[{"embeddable":true,"href":"https:\/\/www.psib-psoe.org\/mallorca\/wp-json\/wp\/v2\/users\/3"}],"replies":[{"embeddable":true,"href":"https:\/\/www.psib-psoe.org\/mallorca\/wp-json\/wp\/v2\/comments?post=31066"}],"version-history":[{"count":1,"href":"https:\/\/www.psib-psoe.org\/mallorca\/wp-json\/wp\/v2\/posts\/31066\/revisions"}],"predecessor-version":[{"id":31070,"href":"https:\/\/www.psib-psoe.org\/mallorca\/wp-json\/wp\/v2\/posts\/31066\/revisions\/31070"}],"wp:featuredmedia":[{"embeddable":true,"href":"https:\/\/www.psib-psoe.org\/mallorca\/wp-json\/wp\/v2\/media\/31067"}],"wp:attachment":[{"href":"https:\/\/www.psib-psoe.org\/mallorca\/wp-json\/wp\/v2\/media?parent=31066"}],"wp:term":[{"taxonomy":"category","embeddable":true,"href":"https:\/\/www.psib-psoe.org\/mallorca\/wp-json\/wp\/v2\/categories?post=31066"},{"taxonomy":"post_tag","embeddable":true,"href":"https:\/\/www.psib-psoe.org\/mallorca\/wp-json\/wp\/v2\/tags?post=31066"}],"curies":[{"name":"wp","href":"https:\/\/api.w.org\/{rel}","templated":true}]}}