{"id":31071,"date":"2026-03-09T16:56:55","date_gmt":"2026-03-09T14:56:55","guid":{"rendered":"https:\/\/www.psib-psoe.org\/mallorca\/?p=31071"},"modified":"2026-03-09T16:57:07","modified_gmt":"2026-03-09T14:57:07","slug":"el-psib-psoe-acusa-galmes-de-fer-partidisme-amb-el-conveni-de-carreteres-i-reclama-una-politica-de-mobilitat-integral","status":"publish","type":"post","link":"https:\/\/www.psib-psoe.org\/mallorca\/el-psib-psoe-acusa-galmes-de-fer-partidisme-amb-el-conveni-de-carreteres-i-reclama-una-politica-de-mobilitat-integral\/","title":{"rendered":"El PSIB-PSOE acusa Galm\u00e9s de fer \u201cpartidisme\u201d amb el conveni de carreteres i reclama una pol\u00edtica de mobilitat integral."},"content":{"rendered":"<div class=\"wpb-content-wrapper\">\n<figure class=\"wp-block-image size-full\"><img loading=\"lazy\" decoding=\"async\" width=\"1436\" height=\"1201\" src=\"https:\/\/www.psib-psoe.org\/mallorca\/wp-content\/uploads\/Captura-de-pantalla-2026-03-09-154605.png\" alt=\"\" class=\"wp-image-31072\" srcset=\"https:\/\/www.psib-psoe.org\/mallorca\/wp-content\/uploads\/Captura-de-pantalla-2026-03-09-154605.png 1436w, https:\/\/www.psib-psoe.org\/mallorca\/wp-content\/uploads\/Captura-de-pantalla-2026-03-09-154605-300x251.png 300w, https:\/\/www.psib-psoe.org\/mallorca\/wp-content\/uploads\/Captura-de-pantalla-2026-03-09-154605-1024x856.png 1024w, https:\/\/www.psib-psoe.org\/mallorca\/wp-content\/uploads\/Captura-de-pantalla-2026-03-09-154605-768x642.png 768w, https:\/\/www.psib-psoe.org\/mallorca\/wp-content\/uploads\/Captura-de-pantalla-2026-03-09-154605-70x60.png 70w, https:\/\/www.psib-psoe.org\/mallorca\/wp-content\/uploads\/Captura-de-pantalla-2026-03-09-154605-20x16.png 20w, https:\/\/www.psib-psoe.org\/mallorca\/wp-content\/uploads\/Captura-de-pantalla-2026-03-09-154605-150x125.png 150w, https:\/\/www.psib-psoe.org\/mallorca\/wp-content\/uploads\/Captura-de-pantalla-2026-03-09-154605-600x502.png 600w, https:\/\/www.psib-psoe.org\/mallorca\/wp-content\/uploads\/Captura-de-pantalla-2026-03-09-154605-900x753.png 900w\" sizes=\"(max-width: 1436px) 100vw, 1436px\" \/><\/figure>\n\n\n<p>Cladera denuncia la \u201cincoher\u00e8ncia\u201d del president del Consell i lamenta que el PP rebutgi aprovar la llei de limitaci\u00f3 d\u2019entrada de vehicles a Mallorca. \u201cAvui hem vist que el senyor Galm\u00e9s ha tornat a fer un parip\u00e9 amb el conveni de carreteres\u201d, i ha remarcat que el president del Consell \u201cno ha fet cap passa real en tres anys per aconseguir finan\u00e7ament estatal per a les infraestructures que diu defensar\u201d, ni ha volgut consensuar cap proposta de mobilitat de les presentades pels socialistes, i que es debatran en el ple de dijous que ve al Consell de Mallorca.<\/p>\n\n\n[vc_row][vc_column][vc_column_text]\n<p>El Grup Socialista al Consell de Mallorca ha criticat l\u2019actitud del president Lloren\u00e7 Galm\u00e9s en relaci\u00f3 amb l\u2019exig\u00e8ncia plantejada a l\u2019Estat per a la signatura d\u2019un nou conveni de carreteres i l\u2019ha acusat d\u2019utilitzar la instituci\u00f3 \u201cper fer partidisme i confrontaci\u00f3 amb l\u2019Estat\u201d. Cladera ha recordat que Galm\u00e9s \u201cni tan sols ha mantingut cap reuni\u00f3 amb el Ministeri\u201d, fet que, segons ha dit, \u201cdemostra un baix nivell de lleialtat institucional\u201d. En aquest sentit, ha criticat que el PP \u201cprefereixi fer fotos amb asfalt i m\u00e9s vehicles en lloc d\u2019impulsar una pol\u00edtica de mobilitat seriosa i coherent\u201d.<\/p>\n<p>La portaveu socialista ha explicat que el Grup Socialista no ha participat en la moci\u00f3 impulsada pel PP, ni en la reuni\u00f3 promoguda pel Consell amb senadors i diputats auton\u00f2mics a les Corts, perqu\u00e8 \u201cno \u00e9s completa ni aborda els reptes reals de mobilitat de l\u2019illa\u201d. Segons Cladera, \u201cnosaltres no estem en contra de demanar finan\u00e7ament a l\u2019Estat, per\u00f2 volem una pol\u00edtica m\u00e9s sostenible on tamb\u00e9 s\u2019introdueixi transport p\u00fablic i tot tipus d\u2019infraestructures\u201d. La portaveu ha concl\u00f2s que \u201cel PP nom\u00e9s fa bandera de posar m\u00e9s asfalt i m\u00e9s velocitat, una pol\u00edtica totalment contr\u00e0ria al futur de Mallorca\u201d, i ha reiterat que el Grup Socialista \u201cno participar\u00e0 en un parip\u00e9 que nom\u00e9s serveix per confrontar amb el govern d\u2019Espanya i no per millorar la mobilitat de l\u2019illa\u201d.<\/p>\n<p>Els socialistes havien condicionat el seu suport a la moci\u00f3 del PP al fet que el govern insular aprov\u00e9s la llei de limitaci\u00f3 d\u2019entrada de vehicles a Mallorca i ampli\u00e9s l\u2019abast de l\u2019acord com\u00fa a noves mesures que afavoreixen la mobilitat sostenible a Mallorca, com ara el transport p\u00fablic i l\u2019assumpci\u00f3 de les compet\u00e8ncies en mat\u00e8ria de transport terrestre\u201d. Cladera ha afirmat que \u201csi realment tinguessin una pol\u00edtica de mobilitat seriosa, fa una setmana i mitja haurien aprovat la llei de limitaci\u00f3 d\u2019entrada de vehicles a Mallorca\u201d, norma que el PP \u201cmant\u00e9 paralitzada per un mer c\u00e0lcul electoral i per mantenir el suport de Vox\u201d.<\/p>\n<p>El Grup Socialista va proposar ampliar la moci\u00f3  del PP per convertir-la en una iniciativa integral de mobilitat \u2014incloent finan\u00e7ament estatal, auton\u00f2mic i provincial, compet\u00e8ncia plena en mobilitat per al Consell, m\u00e9s vials c\u00edvics i infraestructures sostenibles\u2014, per\u00f2 el PP s\u2019hi va negar taxativament: \u201cens van penjar al tel\u00e8fon, literalment\u201d, ha descrit Cladera.<\/p>\n<p>Aquestes propostes si que queden ben descrites i defensades en la moci\u00f3 del Grup Socialista, que reclama una estrat\u00e8gia de mobilitat sostenible \u201crigorosa i completa\u201d, amb un paper central del transport p\u00fablic, el tren, el TIB i la recuperaci\u00f3 de projectes aturats com el tramvia de Palma o el tren de Llevant. Tamb\u00e9 insta el Consell a assumir plenament les compet\u00e8ncies en mobilitat i a aprovar definitivament la llei de limitaci\u00f3 d\u2019entrada de vehicles.<\/p>\n[vc_row][vc_column][vc_column_text]\n\n\n\n<figure class=\"wp-block-audio\"><audio controls src=\"https:\/\/www.psib-psoe.org\/mallorca\/wp-content\/uploads\/Decles-reunio-carreteres-1.mp3\"><\/audio><\/figure>\n\n\n\n<p><\/p>\n<\/div>","protected":false},"excerpt":{"rendered":"Cladera denuncia la \u201cincoher\u00e8ncia\u201d del president del Consell i lamenta que el PP rebutgi aprovar la llei de limitaci\u00f3 d\u2019entrada de vehicles a Mallorca. \u201cAvui hem vist que el senyor Galm\u00e9s ha tornat a fer un parip\u00e9 amb el conveni de carreteres\u201d, i ha remarcat que el president del Consell \u201cno ha fet cap passa&hellip;","protected":false},"author":3,"featured_media":31072,"comment_status":"closed","ping_status":"closed","sticky":false,"template":"","format":"standard","meta":{"footnotes":""},"categories":[2,1,90,92],"tags":[218,362,105,83,77,186,483,296],"class_list":["post-31071","post","type-post","status-publish","format-standard","has-post-thumbnail","hentry","category-federacio-de-mallorca","category-federacio-de-mallorca-portada","category-municipis","category-portada","tag-amanda-fernandez","tag-ares-fernandez","tag-catalina-cladera","tag-consell-de-mallorca","tag-federacio-socialista-de-mallorca","tag-jaume-mateu","tag-joan-ferrer","tag-sofia-alonso"],"_links":{"self":[{"href":"https:\/\/www.psib-psoe.org\/mallorca\/wp-json\/wp\/v2\/posts\/31071"}],"collection":[{"href":"https:\/\/www.psib-psoe.org\/mallorca\/wp-json\/wp\/v2\/posts"}],"about":[{"href":"https:\/\/www.psib-psoe.org\/mallorca\/wp-json\/wp\/v2\/types\/post"}],"author":[{"embeddable":true,"href":"https:\/\/www.psib-psoe.org\/mallorca\/wp-json\/wp\/v2\/users\/3"}],"replies":[{"embeddable":true,"href":"https:\/\/www.psib-psoe.org\/mallorca\/wp-json\/wp\/v2\/comments?post=31071"}],"version-history":[{"count":1,"href":"https:\/\/www.psib-psoe.org\/mallorca\/wp-json\/wp\/v2\/posts\/31071\/revisions"}],"predecessor-version":[{"id":31074,"href":"https:\/\/www.psib-psoe.org\/mallorca\/wp-json\/wp\/v2\/posts\/31071\/revisions\/31074"}],"wp:featuredmedia":[{"embeddable":true,"href":"https:\/\/www.psib-psoe.org\/mallorca\/wp-json\/wp\/v2\/media\/31072"}],"wp:attachment":[{"href":"https:\/\/www.psib-psoe.org\/mallorca\/wp-json\/wp\/v2\/media?parent=31071"}],"wp:term":[{"taxonomy":"category","embeddable":true,"href":"https:\/\/www.psib-psoe.org\/mallorca\/wp-json\/wp\/v2\/categories?post=31071"},{"taxonomy":"post_tag","embeddable":true,"href":"https:\/\/www.psib-psoe.org\/mallorca\/wp-json\/wp\/v2\/tags?post=31071"}],"curies":[{"name":"wp","href":"https:\/\/api.w.org\/{rel}","templated":true}]}}