{"id":31075,"date":"2026-03-10T15:01:12","date_gmt":"2026-03-10T13:01:12","guid":{"rendered":"https:\/\/www.psib-psoe.org\/mallorca\/?p=31075"},"modified":"2026-03-10T15:01:25","modified_gmt":"2026-03-10T13:01:25","slug":"els-socialistes-de-llucmajor-donen-suport-total-als-veinats-de-llucmajor-que-reclamen-contra-lajuntament-pel-deficient-servei-de-recollida-de-fems-que-la-batlessa-lascolas","status":"publish","type":"post","link":"https:\/\/www.psib-psoe.org\/mallorca\/els-socialistes-de-llucmajor-donen-suport-total-als-veinats-de-llucmajor-que-reclamen-contra-lajuntament-pel-deficient-servei-de-recollida-de-fems-que-la-batlessa-lascolas\/","title":{"rendered":"Els Socialistes de Llucmajor donen \u201csuport total\u201d als ve\u00efnats de Llucmajor que reclamen contra l\u2019Ajuntament, pel deficient servei de recollida de fems que la batlessa Lascolas no resol. \u00a0"},"content":{"rendered":"\n<figure class=\"wp-block-image size-full\"><img loading=\"lazy\" decoding=\"async\" width=\"828\" height=\"828\" src=\"https:\/\/www.psib-psoe.org\/mallorca\/wp-content\/uploads\/Jaume-J-Oliver-1.jpeg\" alt=\"\" class=\"wp-image-31076\" srcset=\"https:\/\/www.psib-psoe.org\/mallorca\/wp-content\/uploads\/Jaume-J-Oliver-1.jpeg 828w, https:\/\/www.psib-psoe.org\/mallorca\/wp-content\/uploads\/Jaume-J-Oliver-1-300x300.jpeg 300w, https:\/\/www.psib-psoe.org\/mallorca\/wp-content\/uploads\/Jaume-J-Oliver-1-150x150.jpeg 150w, https:\/\/www.psib-psoe.org\/mallorca\/wp-content\/uploads\/Jaume-J-Oliver-1-768x768.jpeg 768w, https:\/\/www.psib-psoe.org\/mallorca\/wp-content\/uploads\/Jaume-J-Oliver-1-600x600.jpeg 600w, https:\/\/www.psib-psoe.org\/mallorca\/wp-content\/uploads\/Jaume-J-Oliver-1-20x20.jpeg 20w\" sizes=\"(max-width: 828px) 100vw, 828px\" \/><\/figure>\n\n\n<p>El portaveu socialista, Jaume J. Oliver, denuncia la \u201cincompet\u00e8ncia de l\u2019Ajuntament per poder oferir als ve\u00efnats un servei de recollida de fems digna i a l\u2019al\u00e7ada de la taxa que els ciutadans paguen religiosament\u201d. Oliver ha lamentat un nou incompliment de la batlessa Lascolas, \u201cper que en 4 mesos ha estat incapa\u00e7 de complir la moci\u00f3 socialista que es va aprovar en el ple d\u2019octubre passat\u201d, per la qual l\u2019Ajuntament es comprometia a revisar tota l\u2019estructura de la taxa de fems amb un informe p\u00fablic, que revisi el possible sobre-cobrament de prop d\u2019un mili\u00f3 d\u2019euros durant els darrers 6 anys. <\/p>\n\n\n<p>Si alguna cosa caracteritza la traject\u00f2ria de la batlessa Xisca Lascolas i el seu canviant equip de govern a Llucmajor \u00e9s nul\u00b7la capacitat de complir els compromisos adquirits, amb l\u2019agreujant que es tracta de mocions aprovades pel ple municipal. Ara la neglig\u00e8ncia afecta els ciutadans directament a trav\u00e9s del molt deficitari servei de recollida de fems, que a m\u00e9s es troba immers en constants problem\u00e0tiques laborals que ara tornen a amena\u00e7ar en una nova convocat\u00f2ria de vaga. Les mol\u00e8sties per la brutor que s\u2019acumula als carrers, sobretot a les urbanitzacions, ha provocat que ja s\u2019hagin comen\u00e7at les mobilitzacions entre els ve\u00efns. <\/p>\n<p>El portaveu socialista a Llucmajor, Jaume J. Oliver, ha reiterat la \u201csolidaritat i el suport\u201d als ve\u00efnats en les seves demandes, que considera \u201cjustes, despr\u00e9s que l\u2019Ajuntament de Llucmajor hagi renunciat a prestar un servei de recollida de fems digne a la localitat\u201d. Els ve\u00efnats reclamen que el servei deficitari \u00e9s causa suficient per reclamar el retorn de la taxa municipal de fems. Un fet que justament el Grup Socialista va elevar a moci\u00f3 en el ple del passat mes d\u2019octubre, i va rebre la unanimitat total de la Sala. <\/p>\n<p>\u201cFa quatre mesos que l\u2019equip de govern de PP ASI i Vox a Llucmajor va admetre obertament que el municipi hauria pogut recaptar un mili\u00f3 d\u2019euros de m\u00e9s de les butxaques dels ciutadans per la taxa de fems dels darrers sis anys\u201d, ha recordat Oliver. La norma obliga als ajuntaments a no ingressar tributs finalistes (com la taxa municipal de fems) per damunt del cost real del servei, que a Llucmajor duu a terme una contracta externa. <\/p>\n<p>La demanda no \u00e9s nova, el Grup Socialista ve denunciant aquesta desproporci\u00f3 entre cost de la taxa i qualitat del servei prestat des de 2019, i per tant obligaria a un retorn de les quantitats cobrades de m\u00e9s, un fet va quedar constatat dins de la moci\u00f3 socialista aprovada amb els vots de tots els regidors del consistori llucmajorer el passat mes d\u2019octubre. <\/p>\n<p>Oliver ha lamentat que des del 30 d\u2019octubre que es va aprovar la moci\u00f3 \u201cl\u2019Ajuntament no ha fer res de res\u201d. El comprom\u00eds inclo\u00efa la realitzaci\u00f3 d\u2019un estudi jur\u00eddic-econ\u00f2mic i el comprom\u00eds de no fer cap pujada de la taxa de fems fins que no s\u2019acrediti objectivament el cost del servei i que tamb\u00e9 es garanteixi el compliment del contracte de recollida i tractament de residus. Les queixes ara dels ve\u00efns \u201ctenen tot el sentit, despr\u00e9s que un cop m\u00e9s Lascolas ha incomplert els seus compromisos\u201d, ha dit Oliver. \u201cNo aturarem de denunciar aquesta situaci\u00f3 tercermundista que viuen els ciutadans de Llucmajor, condemnats a patir serveis indignes per la neglig\u00e8ncia de l\u2019equip de govern\u201d. <\/p>\n\n\n\n<p><\/p>\n","protected":false},"excerpt":{"rendered":"El portaveu socialista, Jaume J. Oliver, denuncia la \u201cincompet\u00e8ncia de l\u2019Ajuntament per poder oferir als ve\u00efnats un servei de recollida de fems digna i a l\u2019al\u00e7ada de la taxa que els ciutadans paguen religiosament\u201d. Oliver ha lamentat un nou incompliment de la batlessa Lascolas, \u201cper que en 4 mesos ha estat incapa\u00e7 de complir la&hellip;","protected":false},"author":3,"featured_media":31076,"comment_status":"closed","ping_status":"closed","sticky":false,"template":"","format":"standard","meta":{"footnotes":""},"categories":[2,1,90,92],"tags":[130,218,613,77,664],"class_list":["post-31075","post","type-post","status-publish","format-standard","has-post-thumbnail","hentry","category-federacio-de-mallorca","category-federacio-de-mallorca-portada","category-municipis","category-portada","tag-agrupacio-socialista-de-llucmajor","tag-amanda-fernandez","tag-elsa-herranz","tag-federacio-socialista-de-mallorca","tag-jaume-j-oliver-2"],"_links":{"self":[{"href":"https:\/\/www.psib-psoe.org\/mallorca\/wp-json\/wp\/v2\/posts\/31075"}],"collection":[{"href":"https:\/\/www.psib-psoe.org\/mallorca\/wp-json\/wp\/v2\/posts"}],"about":[{"href":"https:\/\/www.psib-psoe.org\/mallorca\/wp-json\/wp\/v2\/types\/post"}],"author":[{"embeddable":true,"href":"https:\/\/www.psib-psoe.org\/mallorca\/wp-json\/wp\/v2\/users\/3"}],"replies":[{"embeddable":true,"href":"https:\/\/www.psib-psoe.org\/mallorca\/wp-json\/wp\/v2\/comments?post=31075"}],"version-history":[{"count":1,"href":"https:\/\/www.psib-psoe.org\/mallorca\/wp-json\/wp\/v2\/posts\/31075\/revisions"}],"predecessor-version":[{"id":31077,"href":"https:\/\/www.psib-psoe.org\/mallorca\/wp-json\/wp\/v2\/posts\/31075\/revisions\/31077"}],"wp:featuredmedia":[{"embeddable":true,"href":"https:\/\/www.psib-psoe.org\/mallorca\/wp-json\/wp\/v2\/media\/31076"}],"wp:attachment":[{"href":"https:\/\/www.psib-psoe.org\/mallorca\/wp-json\/wp\/v2\/media?parent=31075"}],"wp:term":[{"taxonomy":"category","embeddable":true,"href":"https:\/\/www.psib-psoe.org\/mallorca\/wp-json\/wp\/v2\/categories?post=31075"},{"taxonomy":"post_tag","embeddable":true,"href":"https:\/\/www.psib-psoe.org\/mallorca\/wp-json\/wp\/v2\/tags?post=31075"}],"curies":[{"name":"wp","href":"https:\/\/api.w.org\/{rel}","templated":true}]}}