{"id":31088,"date":"2026-03-11T11:47:11","date_gmt":"2026-03-11T09:47:11","guid":{"rendered":"https:\/\/www.psib-psoe.org\/mallorca\/?p=31088"},"modified":"2026-03-11T11:47:24","modified_gmt":"2026-03-11T09:47:24","slug":"la-liquidacio-del-pressupost-de-2025-demostra-un-any-mes-la-mala-gestio-de-galmes-al-consell-de-mallorca","status":"publish","type":"post","link":"https:\/\/www.psib-psoe.org\/mallorca\/la-liquidacio-del-pressupost-de-2025-demostra-un-any-mes-la-mala-gestio-de-galmes-al-consell-de-mallorca\/","title":{"rendered":"La liquidaci\u00f3 del pressupost de 2025 demostra, un any m\u00e9s, la mala gesti\u00f3 de Galm\u00e9s al Consell de Mallorca."},"content":{"rendered":"<div class=\"wpb-content-wrapper\">\n<figure class=\"wp-block-image size-full\"><img loading=\"lazy\" decoding=\"async\" width=\"1600\" height=\"1200\" src=\"https:\/\/www.psib-psoe.org\/mallorca\/wp-content\/uploads\/Ple-120226-2.jpeg\" alt=\"\" class=\"wp-image-31089\" srcset=\"https:\/\/www.psib-psoe.org\/mallorca\/wp-content\/uploads\/Ple-120226-2.jpeg 1600w, https:\/\/www.psib-psoe.org\/mallorca\/wp-content\/uploads\/Ple-120226-2-300x225.jpeg 300w, https:\/\/www.psib-psoe.org\/mallorca\/wp-content\/uploads\/Ple-120226-2-1024x768.jpeg 1024w, https:\/\/www.psib-psoe.org\/mallorca\/wp-content\/uploads\/Ple-120226-2-768x576.jpeg 768w, https:\/\/www.psib-psoe.org\/mallorca\/wp-content\/uploads\/Ple-120226-2-1536x1152.jpeg 1536w, https:\/\/www.psib-psoe.org\/mallorca\/wp-content\/uploads\/Ple-120226-2-150x113.jpeg 150w, https:\/\/www.psib-psoe.org\/mallorca\/wp-content\/uploads\/Ple-120226-2-600x450.jpeg 600w, https:\/\/www.psib-psoe.org\/mallorca\/wp-content\/uploads\/Ple-120226-2-900x675.jpeg 900w, https:\/\/www.psib-psoe.org\/mallorca\/wp-content\/uploads\/Ple-120226-2-20x16.jpeg 20w\" sizes=\"(max-width: 1600px) 100vw, 1600px\" \/><\/figure>\n\n\n<p>El Consell deixa sense executar 135 milions d\u2019euros, nom\u00e9s inverteix 1 de cada 4 euros previstos inicialment i acumula 10,5 milions en factures al calaix sense comptabilitzar. \u201c De res serveix anar dient que tens el pressupost m\u00e9s alt de la hist\u00f2ria cada mes de novembre, si despr\u00e9s deixes d\u2019executar el 20% d\u2019all\u00f2 que has prom\u00e8s, com fa Galm\u00e9s\u201d, ha afirmat la portaveu socialista, Catalina Cladera.<\/p>\n\n\n[vc_row][vc_column][vc_column_text]\n<p>El Grup Socialista ha denunciat avui que la liquidaci\u00f3 del pressupost de 2025 confirma la mala gesti\u00f3 del president Lloren\u00e7 Galm\u00e9s i del seu soci de govern, Pedro Bestard, al capdavant del Consell de Mallorca. La instituci\u00f3 insular ha tancat l\u2019any amb un romanent de tresoreria de 135 milions d\u2019euros, \u00e9s a dir, 135 milions que no s\u2019han destinat a millorar la vida dels mallorquins i mallorquines. La portaveu socialista, Catalina Cladera, ha estat contundent: \u201cLa mala gesti\u00f3 de Galm\u00e9s i del seu soci Bestard es torna a demostrar com a molt deficient, per un Consell de Mallorca que ha deixat de gastar 135 milions d\u2019euros del seu pressupost.\u201d.<\/p>\n<p>La dada m\u00e9s preocupant \u00e9s l\u2019execuci\u00f3 del cap\u00edtol 6 d\u2019inversions, on el Consell nom\u00e9s ha estat capa\u00e7 de gastar 1 de cada 4 euros previstos, deixant sense executar el 75% del pressupost. Cladera, ha afegit que aquest frac\u00e0s \u201cdemostra que Galm\u00e9s no governa, nom\u00e9s acumula romanents mentre Mallorca perd oportunitats\u201d. A aix\u00f2 s\u2019hi suma un altre punt fosc: 10,5 milions d\u2019euros en factures guardades al calaix, sense comptabilitzar. Per als socialistes, aquesta pr\u00e0ctica evidencia una administraci\u00f3 \u201cdesordenada, opaca i sense planificaci\u00f3\u201d.<\/p>\n<p>Un altre dels grans fracassos \u00e9s el conveni de carreteres anunciat per Prohens i Galm\u00e9s, que havia de sumar 30 milions d\u2019euros al pressupost de 2025. Aquest finan\u00e7ament no ha arribat i el projecte ha quedat en no res. \u201cEl gran anunci de Prohens i Galm\u00e9s per sumar 30 milions d\u2019euros per fer carreteres s\u2019ha esfumat, i s\u2019ha demostrat que era una nova mentida per quadrar xifres i quedar b\u00e9 en el power point\u201d, ha denunciat Cladera. El Grup Socialista considera que aquest episodi retrata perfectament la manera de governar del PP: \u201cgrans titulars, zero execuci\u00f3\u201d.<\/p>\n<p>El departament de Turisme tampoc compleix els seus objectius. Nom\u00e9s s\u2019han generat 5,4 milions d\u2019euros en sancions, lluny dels 7,5 milions previstos, gaireb\u00e9 un 30% manco de les previstes. Per als socialistes, aix\u00f2 demostra que el Consell ni controla l\u2019oferta il\u00b7legal ni compleix les seves pr\u00f2pies previsions. A l\u2019IMAS la incorporaci\u00f3 de romanent de 2025 per despeses generals arriba als 10,4 milions d\u2019euros, un fet \u201cespecialment greu si es pensa que s\u2019ha deixat de gastar aquesta quantitat en serveis que necessiten els col\u00b7lectius m\u00e9s vulnerables de Mallorca\u201d.<\/p>\n<p>Cladera ha alertat que el Grup Socialista estar\u00e0 molt atent a l\u2019estrat\u00e8gia que segueix ara Galm\u00e9s i el seu conseller d\u2019Hisenda, Rafel Bosch en quant a la distribuci\u00f3 d\u2019aquest romanent durant 2026. \u201cSeria molt greu que ara Galm\u00e9s es dediqu\u00e9s a inflar altre pic el pressupost de Tirme, com ha fet en els dos darrers exercicis liquidats\u201d, en un moviment que ha aconseguit desviar 62 milions d\u2019euros extra-pressupostaris per a la concession\u00e0ria de la gesti\u00f3 de residus a Mallorca, recursos que deixa d\u2019invertir en q\u00fcestions vitals per a la ciutadania\u201d.  Cladera ha apuntat a les grans necessitats en despesa social i ajudes a la ciutadania en temes com l\u2019acc\u00e9s a l\u2019habitatge, l\u2019escut social en temps de crisi i pujada generalitzada de preus a causa de la guerra, com a possibles objectius per a destinar el gruix d\u2019aquest romanent.<\/p>\n[vc_row][vc_column][vc_column_text]\n<\/div>","protected":false},"excerpt":{"rendered":"El Consell deixa sense executar 135 milions d\u2019euros, nom\u00e9s inverteix 1 de cada 4 euros previstos inicialment i acumula 10,5 milions en factures al calaix sense comptabilitzar. \u201c De res serveix anar dient que tens el pressupost m\u00e9s alt de la hist\u00f2ria cada mes de novembre, si despr\u00e9s deixes d\u2019executar el 20% d\u2019all\u00f2 que has&hellip;","protected":false},"author":3,"featured_media":31079,"comment_status":"closed","ping_status":"closed","sticky":false,"template":"","format":"standard","meta":{"footnotes":""},"categories":[2,1,90,92],"tags":[218,362,105,83,77,186,483,264,296],"class_list":["post-31088","post","type-post","status-publish","format-standard","has-post-thumbnail","hentry","category-federacio-de-mallorca","category-federacio-de-mallorca-portada","category-municipis","category-portada","tag-amanda-fernandez","tag-ares-fernandez","tag-catalina-cladera","tag-consell-de-mallorca","tag-federacio-socialista-de-mallorca","tag-jaume-mateu","tag-joan-ferrer","tag-palma","tag-sofia-alonso"],"_links":{"self":[{"href":"https:\/\/www.psib-psoe.org\/mallorca\/wp-json\/wp\/v2\/posts\/31088"}],"collection":[{"href":"https:\/\/www.psib-psoe.org\/mallorca\/wp-json\/wp\/v2\/posts"}],"about":[{"href":"https:\/\/www.psib-psoe.org\/mallorca\/wp-json\/wp\/v2\/types\/post"}],"author":[{"embeddable":true,"href":"https:\/\/www.psib-psoe.org\/mallorca\/wp-json\/wp\/v2\/users\/3"}],"replies":[{"embeddable":true,"href":"https:\/\/www.psib-psoe.org\/mallorca\/wp-json\/wp\/v2\/comments?post=31088"}],"version-history":[{"count":1,"href":"https:\/\/www.psib-psoe.org\/mallorca\/wp-json\/wp\/v2\/posts\/31088\/revisions"}],"predecessor-version":[{"id":31090,"href":"https:\/\/www.psib-psoe.org\/mallorca\/wp-json\/wp\/v2\/posts\/31088\/revisions\/31090"}],"wp:featuredmedia":[{"embeddable":true,"href":"https:\/\/www.psib-psoe.org\/mallorca\/wp-json\/wp\/v2\/media\/31079"}],"wp:attachment":[{"href":"https:\/\/www.psib-psoe.org\/mallorca\/wp-json\/wp\/v2\/media?parent=31088"}],"wp:term":[{"taxonomy":"category","embeddable":true,"href":"https:\/\/www.psib-psoe.org\/mallorca\/wp-json\/wp\/v2\/categories?post=31088"},{"taxonomy":"post_tag","embeddable":true,"href":"https:\/\/www.psib-psoe.org\/mallorca\/wp-json\/wp\/v2\/tags?post=31088"}],"curies":[{"name":"wp","href":"https:\/\/api.w.org\/{rel}","templated":true}]}}