{"id":31091,"date":"2026-03-11T15:46:22","date_gmt":"2026-03-11T13:46:22","guid":{"rendered":"https:\/\/www.psib-psoe.org\/mallorca\/?p=31091"},"modified":"2026-03-11T15:46:35","modified_gmt":"2026-03-11T13:46:35","slug":"psib-psoe-mes-per-mallorca-i-coalicio-per-mallorca-defensen-una-mocio-conjunta-de-suport-al-correllengua-agermanat-2026-al-ple-del-consell-de-mallorca","status":"publish","type":"post","link":"https:\/\/www.psib-psoe.org\/mallorca\/psib-psoe-mes-per-mallorca-i-coalicio-per-mallorca-defensen-una-mocio-conjunta-de-suport-al-correllengua-agermanat-2026-al-ple-del-consell-de-mallorca\/","title":{"rendered":"PSIB-PSOE, M\u00c9S per Mallorca i Coalici\u00f3 per Mallorca defensen una moci\u00f3 conjunta de suport al Correllengua Agermanat 2026 al ple del Consell de Mallorca."},"content":{"rendered":"<div class=\"wpb-content-wrapper\">\n<figure class=\"wp-block-image size-full\"><img loading=\"lazy\" decoding=\"async\" width=\"1600\" height=\"899\" src=\"https:\/\/www.psib-psoe.org\/mallorca\/wp-content\/uploads\/Foto-agermanats-correllengua.jpeg\" alt=\"\" class=\"wp-image-31092\" srcset=\"https:\/\/www.psib-psoe.org\/mallorca\/wp-content\/uploads\/Foto-agermanats-correllengua.jpeg 1600w, https:\/\/www.psib-psoe.org\/mallorca\/wp-content\/uploads\/Foto-agermanats-correllengua-300x169.jpeg 300w, https:\/\/www.psib-psoe.org\/mallorca\/wp-content\/uploads\/Foto-agermanats-correllengua-1024x575.jpeg 1024w, https:\/\/www.psib-psoe.org\/mallorca\/wp-content\/uploads\/Foto-agermanats-correllengua-768x432.jpeg 768w, https:\/\/www.psib-psoe.org\/mallorca\/wp-content\/uploads\/Foto-agermanats-correllengua-1536x863.jpeg 1536w, https:\/\/www.psib-psoe.org\/mallorca\/wp-content\/uploads\/Foto-agermanats-correllengua-20x11.jpeg 20w, https:\/\/www.psib-psoe.org\/mallorca\/wp-content\/uploads\/Foto-agermanats-correllengua-150x84.jpeg 150w, https:\/\/www.psib-psoe.org\/mallorca\/wp-content\/uploads\/Foto-agermanats-correllengua-600x337.jpeg 600w, https:\/\/www.psib-psoe.org\/mallorca\/wp-content\/uploads\/Foto-agermanats-correllengua-900x506.jpeg 900w\" sizes=\"(max-width: 1600px) 100vw, 1600px\" \/><\/figure>\n\n\n<p>Les tres formacions reivindiquen la tasca de Joves de Mallorca per la Llengua, promotors del Correllengua Agermanat 2026, una iniciativa que est\u00e9n el suport de la llengua a tots els territoris de parla catalana. El coordinador de l\u2019entitat juvenil, Pere Pau Mu\u00f1oz, ha acompanyat els representants dels tres grups en la presentaci\u00f3 de la iniciativa que es debatr\u00e0 en el ple del Consell de dem\u00e0 dijous.<\/p>\n\n\n[vc_row][vc_column][vc_column_text]\n<p>Els grups PSIB-PSOE, M\u00c9S per Mallorca i Coalici\u00f3 per Mallorca han registrat una moci\u00f3 conjunta al Ple del Consell de Mallorca per expressar el seu suport al Correllengua Agermanat 2026, una iniciativa de refor\u00e7 a un acte cultural, c\u00edvic i participatiu que promou l\u2019\u00fas social de la llengua pr\u00f2pia i posa en valor el patrimoni cultural mitjan\u00e7ant activitats obertes a tota la ciutadania.<\/p>\n<p>La moci\u00f3 destaca la traject\u00f2ria del Correllengua a Mallorca des de 1995, impulsat per Joves de Mallorca per la Llengua, entitat que ha esdevingut un referent en la promoci\u00f3 de la llengua i la cultura. En la presentaci\u00f3 de la proposta hi ha estat present el coordinador de l\u2019entitat, Pere Pau Mu\u00f1oz, a qui les tres formacions han agra\u00eft la seva dedicaci\u00f3 i el comprom\u00eds sostingut amb la llengua i la participaci\u00f3 juvenil.<\/p>\n<p>L\u2019edici\u00f3 del Correllengua Agermanat 2026 se celebrar\u00e0 del 19 d\u2019abril al 5 de maig, amb un recorregut que connectar\u00e0 diversos territoris i municipis de parla catalana. El pas per Mallorca tindr\u00e0 lloc els dies 2 i 3 de maig, amb activitats que implicaran entitats culturals, centres educatius i ciutadania. El text subratlla que es tracta d\u2019un esdeveniment que fomenta la conviv\u00e8ncia, la participaci\u00f3 ciutadana i la promoci\u00f3 del patrimoni cultural i ling\u00fc\u00edstic. Els representants dels tres partits han defensat la necessitat que el Consell de Mallorca faci un gest dem\u00e0 per aprovar la moci\u00f3 i aportar el suport institucional necessari per a la realitzaci\u00f3 dels actes previstos. <\/p>\n<p>El conseller socialista Joan M\u00e9ndez ha destacat que aquesta moci\u00f3 \u201cvol reafirmar el comprom\u00eds del Consell amb una iniciativa que, des de fa d\u00e8cades, contribueix a enfortir la cohesi\u00f3 social i el sentiment de comunitat\u201d. Segons M\u00e9ndez, el Correllengua \u00e9s un \u201cespai de trobada intergeneracional que reivindica la llengua i la cultura des del respecte, la conviv\u00e8ncia i la participaci\u00f3\u201d. M\u00e9ndez ha reclamat \u201csuport institucional del Consell\u201d i ha apel\u00b7lat al consens per aprovar una moci\u00f3 \u201cen positiu\u201d, en contraposici\u00f3 a les \u201ciniciatives d\u2019odi que promou l\u2019extrema dreta quan es tracta de defensar la nostra llengua\u201d. <\/p>\n<p>El conseller de M\u00c9S per Mallorca al Consell de Mallorca, Biel Payeras, ha expressat el seu suport al Correllengua Agermanat, que ha definit com \u201cun s\u00edmbol de resist\u00e8ncia, mem\u00f2ria i identitat del nostre poble\u201d. En aquest sentit, ha remarcat que iniciatives com aquesta contribueixen a mantenir viva la llengua catalana i a refor\u00e7ar la consci\u00e8ncia col\u00b7lectiva al voltant de la cultura pr\u00f2pia. Payeras ha destacat especialment el paper de la mobilitzaci\u00f3 juvenil, que ha qualificat com \u201cla millor manera d\u2019encarar els atacs contra la nostra llengua i la nostra cultura, i tamb\u00e9 de plantar cara a l\u2019extrema dreta que pret\u00e9n fer-nos retrocedir en drets i llibertats\u201d. Aix\u00ed mateix, ha fet una crida a la ciutadania, i especialment als joves, a participar activament en el Correllengua Agermanat, i ha instat el Consell de Mallorca a implicar-s\u2019hi institucionalment i a donar suport a totes aquelles iniciatives que treballen per la defensa, la promoci\u00f3 i la normalitzaci\u00f3 de la llengua i la cultura pr\u00f2pies.<\/p>\n<p>Finalment, des de Coalici\u00f3 per Mallorca, Antoni Salas, ha ofert \u201csuport incondicional al Correllengua i a la tasca de Joves per la Llengua, essencial per a la integraci\u00f3 davant l&#8217;augment poblacional. Alhora, ha denunciat que el \u201cpacte entre PP i VOX utilitzi el catal\u00e0 com a moneda de canvi, reafirmant el seu menyspreu cap a la nostra llengua\u201d.<\/p>\n[vc_row][vc_column][vc_column_text]\n\n\n\n<figure class=\"wp-block-audio\"><audio controls src=\"https:\/\/www.psib-psoe.org\/mallorca\/wp-content\/uploads\/110326_Joan-Mendez.mp3.mp3\"><\/audio><\/figure>\n<\/div>","protected":false},"excerpt":{"rendered":"Les tres formacions reivindiquen la tasca de Joves de Mallorca per la Llengua, promotors del Correllengua Agermanat 2026, una iniciativa que est\u00e9n el suport de la llengua a tots els territoris de parla catalana. El coordinador de l\u2019entitat juvenil, Pere Pau Mu\u00f1oz, ha acompanyat els representants dels tres grups en la presentaci\u00f3 de la iniciativa&hellip;","protected":false},"author":3,"featured_media":31092,"comment_status":"closed","ping_status":"closed","sticky":false,"template":"","format":"standard","meta":{"footnotes":""},"categories":[2,1,90,92],"tags":[218,362,105,83,77,186,483,264,296],"class_list":["post-31091","post","type-post","status-publish","format-standard","has-post-thumbnail","hentry","category-federacio-de-mallorca","category-federacio-de-mallorca-portada","category-municipis","category-portada","tag-amanda-fernandez","tag-ares-fernandez","tag-catalina-cladera","tag-consell-de-mallorca","tag-federacio-socialista-de-mallorca","tag-jaume-mateu","tag-joan-ferrer","tag-palma","tag-sofia-alonso"],"_links":{"self":[{"href":"https:\/\/www.psib-psoe.org\/mallorca\/wp-json\/wp\/v2\/posts\/31091"}],"collection":[{"href":"https:\/\/www.psib-psoe.org\/mallorca\/wp-json\/wp\/v2\/posts"}],"about":[{"href":"https:\/\/www.psib-psoe.org\/mallorca\/wp-json\/wp\/v2\/types\/post"}],"author":[{"embeddable":true,"href":"https:\/\/www.psib-psoe.org\/mallorca\/wp-json\/wp\/v2\/users\/3"}],"replies":[{"embeddable":true,"href":"https:\/\/www.psib-psoe.org\/mallorca\/wp-json\/wp\/v2\/comments?post=31091"}],"version-history":[{"count":1,"href":"https:\/\/www.psib-psoe.org\/mallorca\/wp-json\/wp\/v2\/posts\/31091\/revisions"}],"predecessor-version":[{"id":31094,"href":"https:\/\/www.psib-psoe.org\/mallorca\/wp-json\/wp\/v2\/posts\/31091\/revisions\/31094"}],"wp:featuredmedia":[{"embeddable":true,"href":"https:\/\/www.psib-psoe.org\/mallorca\/wp-json\/wp\/v2\/media\/31092"}],"wp:attachment":[{"href":"https:\/\/www.psib-psoe.org\/mallorca\/wp-json\/wp\/v2\/media?parent=31091"}],"wp:term":[{"taxonomy":"category","embeddable":true,"href":"https:\/\/www.psib-psoe.org\/mallorca\/wp-json\/wp\/v2\/categories?post=31091"},{"taxonomy":"post_tag","embeddable":true,"href":"https:\/\/www.psib-psoe.org\/mallorca\/wp-json\/wp\/v2\/tags?post=31091"}],"curies":[{"name":"wp","href":"https:\/\/api.w.org\/{rel}","templated":true}]}}