{"id":31095,"date":"2026-03-11T19:12:24","date_gmt":"2026-03-11T17:12:24","guid":{"rendered":"https:\/\/www.psib-psoe.org\/mallorca\/?p=31095"},"modified":"2026-03-11T19:12:35","modified_gmt":"2026-03-11T17:12:35","slug":"el-psib-psoe-reclama-al-consell-de-mallorca-que-acceleri-la-tramitacio-i-execucio-de-la-ronda-nord-darta","status":"publish","type":"post","link":"https:\/\/www.psib-psoe.org\/mallorca\/el-psib-psoe-reclama-al-consell-de-mallorca-que-acceleri-la-tramitacio-i-execucio-de-la-ronda-nord-darta\/","title":{"rendered":"El PSIB-PSOE reclama al Consell de Mallorca que acceleri la tramitaci\u00f3 i execuci\u00f3 de la Ronda Nord d\u2019Art\u00e0"},"content":{"rendered":"<div class=\"wpb-content-wrapper\">\n<figure class=\"wp-block-image size-full\"><img loading=\"lazy\" decoding=\"async\" width=\"1600\" height=\"1200\" src=\"https:\/\/www.psib-psoe.org\/mallorca\/wp-content\/uploads\/Arta-ronda-Nord.jpeg\" alt=\"\" class=\"wp-image-31096\" srcset=\"https:\/\/www.psib-psoe.org\/mallorca\/wp-content\/uploads\/Arta-ronda-Nord.jpeg 1600w, https:\/\/www.psib-psoe.org\/mallorca\/wp-content\/uploads\/Arta-ronda-Nord-300x225.jpeg 300w, https:\/\/www.psib-psoe.org\/mallorca\/wp-content\/uploads\/Arta-ronda-Nord-1024x768.jpeg 1024w, https:\/\/www.psib-psoe.org\/mallorca\/wp-content\/uploads\/Arta-ronda-Nord-768x576.jpeg 768w, https:\/\/www.psib-psoe.org\/mallorca\/wp-content\/uploads\/Arta-ronda-Nord-1536x1152.jpeg 1536w, https:\/\/www.psib-psoe.org\/mallorca\/wp-content\/uploads\/Arta-ronda-Nord-150x113.jpeg 150w, https:\/\/www.psib-psoe.org\/mallorca\/wp-content\/uploads\/Arta-ronda-Nord-600x450.jpeg 600w, https:\/\/www.psib-psoe.org\/mallorca\/wp-content\/uploads\/Arta-ronda-Nord-900x675.jpeg 900w, https:\/\/www.psib-psoe.org\/mallorca\/wp-content\/uploads\/Arta-ronda-Nord-20x16.jpeg 20w\" sizes=\"(max-width: 1600px) 100vw, 1600px\" \/><\/figure>\n\n\n<p>Avui fa 2 anys que Galm\u00e9s va presentar el projecte de la Ronda Nord d\u2019Art\u00e0 al mateix municipi. Des d\u2019aleshores els artanencs i artanenques esperen pacientment a qu\u00e8 el Consell tiri endavant el projecte, sense resultats. El PSIB-PSOE reclama al Consell de Mallorca que acceleri la tramitaci\u00f3 i execuci\u00f3 de la Ronda Nord d\u2019Art\u00e0 a qu\u00e8 es va comprometre. Amanda Fern\u00e0ndez i Manolo Gal\u00e1n denuncien que el projecte, planificat la passada legislatura amb consens municipal, est\u00e0 aturat malgrat les promeses de Galm\u00e9s.<\/p>\n\n\n[vc_row][vc_column][vc_column_text]\n<p>El PSIB-PSOE ha reclamat al Consell de Mallorca que activi de manera immediata la tramitaci\u00f3, licitaci\u00f3 i execuci\u00f3 del projecte de la Ronda Nord d\u2019Art\u00e0, una infraestructura planificada durant la passada legislatura des del Departament de Carreteres i consensuada amb l\u2019Ajuntament del municipi. Els socialistes denuncien que, malgrat les promeses del president insular, Lloren\u00e7 Galm\u00e9s, el projecte ha quedat relegat mentre s\u2019han prioritzat altres actuacions.<\/p>\n<p>12 de mar\u00e7 de 2024, \u00e9s a dir, avui fa dos anys, el president del Consell va acudir a Art\u00e0 amb uns pl\u00e0nols sota el bra\u00e7, amb el dibuix del tra\u00e7at. Dies despr\u00e9s va acabar el per\u00edode d\u2019exposici\u00f3 p\u00fablica del projecte. Des d\u2019aleshores res m\u00e9s s\u2019ha conegut del projecte de la Ronda Nord. La secret\u00e0ria general de la Federaci\u00f3 Socialista de Mallorca, Amanda Fern\u00e0ndez, ha assenyalat que \u2018a Art\u00e0 estem davant d&#8217;una promesa incompleta m\u00e9s del senyor Galm\u00e9s, que \u00e9s la Ronda Nord\u2019, i ha remarcat que aquesta infraestructura \u00e9s clau per avan\u00e7ar cap al model de municipi que defensa el socialisme: \u2018Una Ronda Nord que afavoriria el model de poble que volen els socialistes\u2019.<\/p>\n<p>Per la seva banda, el batle d\u2019Art\u00e0, Manolo Gal\u00e1n, ha insistit que el projecte \u00e9s imprescindible per transformar la mobilitat i prioritzar les persones per damunt del vehicle privat. Tal com ha expressat, \u2018un model de poble on el protagonista sigui el vianant, que no sigui el cotxe\u2019. Gal\u00e1n ha explicat que la ronda \u00e9s necess\u00e0ria per ordenar els accessos i facilitar l\u2019\u00fas d\u2019aparcaments dissuasius: \u2018Per aix\u00f2 necessitem generar aparcaments i generar una ronda que ens permeti anar en aquests aparcaments\u2019.<\/p>\n<p>El batle ha reclamat al Consell que posi fi a la par\u00e0lisi administrativa i que impulsi el projecte sense m\u00e9s dilacions: \u2018Ja hem d&#8217;agilitzar tots els processos perqu\u00e8 aquesta ronda sigui una realitat, el m\u00e9s aviat possible\u2019. <\/p>\n[vc_row][vc_column][vc_column_text]\n\n\n\n<figure class=\"wp-block-audio\"><audio controls src=\"https:\/\/www.psib-psoe.org\/mallorca\/wp-content\/uploads\/110326_Amanda-Fernandez.mp3.mp3\"><\/audio><\/figure>\n\n\n\n<figure class=\"wp-block-audio\"><audio controls src=\"https:\/\/www.psib-psoe.org\/mallorca\/wp-content\/uploads\/110326_Manolo-Galan.mp3.mp3\"><\/audio><\/figure>\n<\/div>","protected":false},"excerpt":{"rendered":"Avui fa 2 anys que Galm\u00e9s va presentar el projecte de la Ronda Nord d\u2019Art\u00e0 al mateix municipi. Des d\u2019aleshores els artanencs i artanenques esperen pacientment a qu\u00e8 el Consell tiri endavant el projecte, sense resultats. El PSIB-PSOE reclama al Consell de Mallorca que acceleri la tramitaci\u00f3 i execuci\u00f3 de la Ronda Nord d\u2019Art\u00e0 a&hellip;","protected":false},"author":3,"featured_media":31096,"comment_status":"closed","ping_status":"closed","sticky":false,"template":"","format":"standard","meta":{"footnotes":""},"categories":[2,1,90,92],"tags":[218,362,105,83,77,186,477,279],"class_list":["post-31095","post","type-post","status-publish","format-standard","has-post-thumbnail","hentry","category-federacio-de-mallorca","category-federacio-de-mallorca-portada","category-municipis","category-portada","tag-amanda-fernandez","tag-ares-fernandez","tag-catalina-cladera","tag-consell-de-mallorca","tag-federacio-socialista-de-mallorca","tag-jaume-mateu","tag-manolo-galan","tag-socialistes-darta"],"_links":{"self":[{"href":"https:\/\/www.psib-psoe.org\/mallorca\/wp-json\/wp\/v2\/posts\/31095"}],"collection":[{"href":"https:\/\/www.psib-psoe.org\/mallorca\/wp-json\/wp\/v2\/posts"}],"about":[{"href":"https:\/\/www.psib-psoe.org\/mallorca\/wp-json\/wp\/v2\/types\/post"}],"author":[{"embeddable":true,"href":"https:\/\/www.psib-psoe.org\/mallorca\/wp-json\/wp\/v2\/users\/3"}],"replies":[{"embeddable":true,"href":"https:\/\/www.psib-psoe.org\/mallorca\/wp-json\/wp\/v2\/comments?post=31095"}],"version-history":[{"count":1,"href":"https:\/\/www.psib-psoe.org\/mallorca\/wp-json\/wp\/v2\/posts\/31095\/revisions"}],"predecessor-version":[{"id":31099,"href":"https:\/\/www.psib-psoe.org\/mallorca\/wp-json\/wp\/v2\/posts\/31095\/revisions\/31099"}],"wp:featuredmedia":[{"embeddable":true,"href":"https:\/\/www.psib-psoe.org\/mallorca\/wp-json\/wp\/v2\/media\/31096"}],"wp:attachment":[{"href":"https:\/\/www.psib-psoe.org\/mallorca\/wp-json\/wp\/v2\/media?parent=31095"}],"wp:term":[{"taxonomy":"category","embeddable":true,"href":"https:\/\/www.psib-psoe.org\/mallorca\/wp-json\/wp\/v2\/categories?post=31095"},{"taxonomy":"post_tag","embeddable":true,"href":"https:\/\/www.psib-psoe.org\/mallorca\/wp-json\/wp\/v2\/tags?post=31095"}],"curies":[{"name":"wp","href":"https:\/\/api.w.org\/{rel}","templated":true}]}}