{"id":31100,"date":"2026-03-12T12:48:48","date_gmt":"2026-03-12T10:48:48","guid":{"rendered":"https:\/\/www.psib-psoe.org\/mallorca\/?p=31100"},"modified":"2026-03-12T12:49:00","modified_gmt":"2026-03-12T10:49:00","slug":"el-psib-psoe-promou-un-manifest-en-favor-de-la-pau-i-el-multilateralisme-al-consell-de-mallorca-i-lamenta-que-la-ultradreta-impedeixi-la-unanimitat","status":"publish","type":"post","link":"https:\/\/www.psib-psoe.org\/mallorca\/el-psib-psoe-promou-un-manifest-en-favor-de-la-pau-i-el-multilateralisme-al-consell-de-mallorca-i-lamenta-que-la-ultradreta-impedeixi-la-unanimitat\/","title":{"rendered":"El PSIB PSOE promou un manifest en favor de la Pau i el multilateralisme al Consell de Mallorca i lamenta que la ultradreta impedeixi la unanimitat."},"content":{"rendered":"<div class=\"wpb-content-wrapper\">\n<figure class=\"wp-block-image size-full\"><img loading=\"lazy\" decoding=\"async\" width=\"1600\" height=\"1120\" src=\"https:\/\/www.psib-psoe.org\/mallorca\/wp-content\/uploads\/foto-lectura-manifest-no-a-la-guerra-Consell.jpeg\" alt=\"\" class=\"wp-image-31101\" srcset=\"https:\/\/www.psib-psoe.org\/mallorca\/wp-content\/uploads\/foto-lectura-manifest-no-a-la-guerra-Consell.jpeg 1600w, https:\/\/www.psib-psoe.org\/mallorca\/wp-content\/uploads\/foto-lectura-manifest-no-a-la-guerra-Consell-300x210.jpeg 300w, https:\/\/www.psib-psoe.org\/mallorca\/wp-content\/uploads\/foto-lectura-manifest-no-a-la-guerra-Consell-1024x717.jpeg 1024w, https:\/\/www.psib-psoe.org\/mallorca\/wp-content\/uploads\/foto-lectura-manifest-no-a-la-guerra-Consell-768x538.jpeg 768w, https:\/\/www.psib-psoe.org\/mallorca\/wp-content\/uploads\/foto-lectura-manifest-no-a-la-guerra-Consell-1536x1075.jpeg 1536w, https:\/\/www.psib-psoe.org\/mallorca\/wp-content\/uploads\/foto-lectura-manifest-no-a-la-guerra-Consell-150x105.jpeg 150w, https:\/\/www.psib-psoe.org\/mallorca\/wp-content\/uploads\/foto-lectura-manifest-no-a-la-guerra-Consell-600x420.jpeg 600w, https:\/\/www.psib-psoe.org\/mallorca\/wp-content\/uploads\/foto-lectura-manifest-no-a-la-guerra-Consell-900x630.jpeg 900w, https:\/\/www.psib-psoe.org\/mallorca\/wp-content\/uploads\/foto-lectura-manifest-no-a-la-guerra-Consell-20x13.jpeg 20w\" sizes=\"(max-width: 1600px) 100vw, 1600px\" \/><\/figure>\n\n\n<p>El Grup Socialista defensa la Pau a l\u2019Orient Mitj\u00e0 a trav\u00e9s d\u2019un manifest que ha llegit la consellera del Grup Socialista, Bea Gamund\u00ed, en companyia de portaveus d\u2019altres formacions pol\u00edtiques, abans de l\u2019inici del ple del Consell Els Socialistes han lamentat que Vox hagi impedit la unanimitat.<\/p>\n\n\n[vc_row][vc_column][vc_column_text]\n<p>El Grup Socialista del Consell de Mallorca ha promogut i ha participat avui en la lectura del Manifest en defensa de la Pau, el multilateralisme i el Dret Internacional davant l\u2019escalada militar a l\u2019Orient Mitj\u00e0, un text consensuat entre el PSIB-PSOE, el PI, M\u00e9s per Mallorca i el PP, i llegit per la consellera insular socialista Bea Gamund\u00ed.<\/p>\n<p>La secret\u00e0ria general del PSIB-PSOE i portaveu socialista al Consell, Catalina Cladera, ha celebrat \u201cla unitat majorit\u00e0ria\u201d de la instituci\u00f3 en defensa de la pau i del dret internacional, per\u00f2 ha lamentat \u201cprofundament\u201d l\u2019abs\u00e8ncia de Vox, que ha impedit que el text es pogu\u00e9s aprovar com a Declaraci\u00f3 Institucional en el ple celebrat tot seguit.<\/p>\n<p>La portaveu socialista ha subratllat que el Manifest \u201creafirma el comprom\u00eds del Consell amb els valors europeus, el multilateralisme i el respecte al dret internacional\u201d, i ha destacat la import\u00e0ncia de \u201cprotegir la poblaci\u00f3 civil i evitar qualsevol \u00fas dels ports i aeroports de les Illes Balears per a accions b\u00e8l\u00b7liques que no comptin amb mandat de les Nacions Unides\u201d i ha instat a les autoritats locals a prendre mesures d\u2019ajuda davant les repercussions econ\u00f2miques del conflicte que afectaran a la vida di\u00e0ria dels ciutadans .<\/p>\n<p>La lectura s\u2019ha dut a terme a l\u2019entrada del Consell, abans de l\u2019inici del ple ordinari. Cladera ha concl\u00f2s que \u201cel Consell de Mallorca ha enviat un missatge clar: la via \u00e9s la diplom\u00e0cia\u201d al temps que ha fet una crida a la desescalada militar a la zona.<\/p>\n[vc_row][vc_column][vc_column_text]\n<\/div>","protected":false},"excerpt":{"rendered":"El Grup Socialista defensa la Pau a l\u2019Orient Mitj\u00e0 a trav\u00e9s d\u2019un manifest que ha llegit la consellera del Grup Socialista, Bea Gamund\u00ed, en companyia de portaveus d\u2019altres formacions pol\u00edtiques, abans de l\u2019inici del ple del Consell Els Socialistes han lamentat que Vox hagi impedit la unanimitat. [vc_row][vc_column][vc_column_text] El Grup Socialista del Consell de Mallorca&hellip;","protected":false},"author":3,"featured_media":31101,"comment_status":"closed","ping_status":"closed","sticky":false,"template":"","format":"standard","meta":{"footnotes":""},"categories":[2,1,90,92],"tags":[218,343,362,447,546,105,83,77,186,483,639,600,296],"class_list":["post-31100","post","type-post","status-publish","format-standard","has-post-thumbnail","hentry","category-federacio-de-mallorca","category-federacio-de-mallorca-portada","category-municipis","category-portada","tag-amanda-fernandez","tag-andreu-serra","tag-ares-fernandez","tag-bea-gamundi","tag-biel-alomar","tag-catalina-cladera","tag-consell-de-mallorca","tag-federacio-socialista-de-mallorca","tag-jaume-mateu","tag-joan-ferrer","tag-joan-mendez-2","tag-joana-maria-adrover","tag-sofia-alonso"],"_links":{"self":[{"href":"https:\/\/www.psib-psoe.org\/mallorca\/wp-json\/wp\/v2\/posts\/31100"}],"collection":[{"href":"https:\/\/www.psib-psoe.org\/mallorca\/wp-json\/wp\/v2\/posts"}],"about":[{"href":"https:\/\/www.psib-psoe.org\/mallorca\/wp-json\/wp\/v2\/types\/post"}],"author":[{"embeddable":true,"href":"https:\/\/www.psib-psoe.org\/mallorca\/wp-json\/wp\/v2\/users\/3"}],"replies":[{"embeddable":true,"href":"https:\/\/www.psib-psoe.org\/mallorca\/wp-json\/wp\/v2\/comments?post=31100"}],"version-history":[{"count":1,"href":"https:\/\/www.psib-psoe.org\/mallorca\/wp-json\/wp\/v2\/posts\/31100\/revisions"}],"predecessor-version":[{"id":31102,"href":"https:\/\/www.psib-psoe.org\/mallorca\/wp-json\/wp\/v2\/posts\/31100\/revisions\/31102"}],"wp:featuredmedia":[{"embeddable":true,"href":"https:\/\/www.psib-psoe.org\/mallorca\/wp-json\/wp\/v2\/media\/31101"}],"wp:attachment":[{"href":"https:\/\/www.psib-psoe.org\/mallorca\/wp-json\/wp\/v2\/media?parent=31100"}],"wp:term":[{"taxonomy":"category","embeddable":true,"href":"https:\/\/www.psib-psoe.org\/mallorca\/wp-json\/wp\/v2\/categories?post=31100"},{"taxonomy":"post_tag","embeddable":true,"href":"https:\/\/www.psib-psoe.org\/mallorca\/wp-json\/wp\/v2\/tags?post=31100"}],"curies":[{"name":"wp","href":"https:\/\/api.w.org\/{rel}","templated":true}]}}