{"id":31103,"date":"2026-03-12T19:14:40","date_gmt":"2026-03-12T17:14:40","guid":{"rendered":"https:\/\/www.psib-psoe.org\/mallorca\/?p=31103"},"modified":"2026-03-12T19:14:53","modified_gmt":"2026-03-12T17:14:53","slug":"el-consell-de-mallorca-no-aporta-els-informes-que-regularan-el-trasllat-dels-fems-deivissa-per-a-ser-incinerats-a-mallorca","status":"publish","type":"post","link":"https:\/\/www.psib-psoe.org\/mallorca\/el-consell-de-mallorca-no-aporta-els-informes-que-regularan-el-trasllat-dels-fems-deivissa-per-a-ser-incinerats-a-mallorca\/","title":{"rendered":"El Consell de Mallorca no aporta els informes que regularan el trasllat dels fems d\u2019Eivissa per a ser incinerats a Mallorca."},"content":{"rendered":"<div class=\"wpb-content-wrapper\">\n<figure class=\"wp-block-image size-full\"><img loading=\"lazy\" decoding=\"async\" width=\"1024\" height=\"497\" src=\"https:\/\/www.psib-psoe.org\/mallorca\/wp-content\/uploads\/Grup-ple-120326.jpeg\" alt=\"\" class=\"wp-image-31104\" srcset=\"https:\/\/www.psib-psoe.org\/mallorca\/wp-content\/uploads\/Grup-ple-120326.jpeg 1024w, https:\/\/www.psib-psoe.org\/mallorca\/wp-content\/uploads\/Grup-ple-120326-300x146.jpeg 300w, https:\/\/www.psib-psoe.org\/mallorca\/wp-content\/uploads\/Grup-ple-120326-768x373.jpeg 768w, https:\/\/www.psib-psoe.org\/mallorca\/wp-content\/uploads\/Grup-ple-120326-20x9.jpeg 20w, https:\/\/www.psib-psoe.org\/mallorca\/wp-content\/uploads\/Grup-ple-120326-150x73.jpeg 150w, https:\/\/www.psib-psoe.org\/mallorca\/wp-content\/uploads\/Grup-ple-120326-600x291.jpeg 600w, https:\/\/www.psib-psoe.org\/mallorca\/wp-content\/uploads\/Grup-ple-120326-900x437.jpeg 900w\" sizes=\"(max-width: 1024px) 100vw, 1024px\" \/><\/figure>\n\n\n<p>El Grup Socialista ha acusat de \u201cpoc transparent\u201d al conseller ultradret\u00e0 de Medi Ambient, Pedro Bestard, que ha tramitat l\u2019autoritzaci\u00f3 de la instituci\u00f3 insular per iniciar el tr\u00e0nsit de fems eivissencs a Mallorca, per\u00f2 que no ha mostrat els documents que dissenyen l\u2019operatiu.  <\/p>\n<p>La portaveu del Grup Socialista, Catalina Cladera ha alertat de la deficient gesti\u00f3 de l\u2019equip de govern del Consell per una liquidaci\u00f3 del pressupost que ha deixat un nou romanent per valor de 135 milions d\u2019euros, fruit de la baixa execuci\u00f3 de les partides pressupost\u00e0ries, sobretot les destinades a inversi\u00f3. <\/p>\n<p>El Grup Socialista, conjuntament amb Mes per Mallorca i Coalici\u00f3 per Mallorca, ha dut a bon port la moci\u00f3 per fer suport al Correllengua Agermanat que organitza Joves de Mallorca per la Llengua. Les mocions sobre mobilitat sostenible i sobre coeducaci\u00f3 i igualtat no han tingut la mateixa sort, i han quedat rebutjades o retallades a causa de l\u2019oposici\u00f3 de PPVox. <\/p>\n\n\n[vc_row][vc_column][vc_column_text]\n<p>La portaveu socialista, Catalina Cladera, ha demanat avui \u201cm\u00e9s transpar\u00e8ncia i m\u00e9s explicacions\u201d al responsable insular de Medi Ambient, en relaci\u00f3 amb el projecte pilot de trasllat de fems d\u2019Eivissa fins a Mallorca per a la seva incineraci\u00f3. Fa un mes que el Consell Executiu va aprovar l\u2019autoritzaci\u00f3 per a l\u2019inici de la prova pilot, i en tot aquest temps el Consell de Mallorca ha ocultat els informes que expliquen la mesura. <\/p>\n<p>Cladera s\u2019ha queixat d\u2019aquesta ocultaci\u00f3 dels detalls de la mesura, de la que nom\u00e9s es coneixen les dades que de manera a\u00efllada i inconnexa ha deixat anar Pedro Bestard. Menys de 10 camions al dia, fems tractats pr\u00e8viament a Eivissa i una promesa de fems que no faran pudor, s\u00f3n les \u00faniques caracter\u00edstiques del trasllat que ha comunicat el vicepresident ultra del Consell. Per\u00f2 cap informe, cap estudi i tampoc l\u2019acord que el Consell de Mallorca ha traslladat a Eivissa. \u201cEl sr. Mar\u00ed d\u2019Eivissa i la sra. Prohens decideixen, i Galm\u00e9s cala el cap\u201d ha afirmat Cladera, que ha acabat preguntant quin ser\u00e0 el preu que el Consell d\u2019Eivissa aportar\u00e0 a Mallorca pel servei d\u2019incineraci\u00f3 de fems d\u2019aquest pla pilot. <\/p>\n<p>La liquidaci\u00f3 del pressupost de 2025 tamb\u00e9 ha estat present en el ple del Consell d\u2019avui. Un resum comptable del Consell que confirma, segons el Grup Socialista la mala gesti\u00f3 de Galm\u00e9s , despr\u00e9s que el Consell hagi deixat sense executar 135 milions d\u2019euros, nom\u00e9s hagi invertit 1 de cada 4 euros previstos i acumuli 10,5 milions en factures al calaix. Tamb\u00e9 ha remarcat l\u2019incompliment del conveni de carreteres, la baixa execuci\u00f3 en Turisme i la manca de despesa social a l\u2019IMAS, i ha advertit que seria \u201cmolt greu\u201d que el romanent de 2026 torn\u00e9s a inflar el pressupost de Tirme en lloc de destinar-se a necessitats socials com habitatge o l\u2019escut social.<\/p>\n<p>Mocions socialistes sobre mobilitat sostenible, coeducaci\u00f3 per a la igualtat i en suport del Correllengua Agermanat.<\/p>\n<p>Les formacions PSIB\u2011PSOE, M\u00c9S per Mallorca i Coalici\u00f3 per Mallorca han impulsat i defensat una moci\u00f3 conjunta al Consell de Mallorca per donar suport al Correllengua Agermanat 2026, destacant-ne el paper en la promoci\u00f3 de la llengua i la cultura catalanes. La iniciativa, organitzada per Joves de Mallorca per la Llengua, recorrer\u00e0 diversos territoris del 19 d\u2019abril al 5 de maig i passar\u00e0 per Mallorca els dies 2 i 3 de maig. Finalment, la moci\u00f3 ha quedat aprovada en el ple del Consell, refor\u00e7ant aix\u00ed el suport institucional a l\u2019esdeveniment. El responsable de Joves de Mallorca per la Llengua, Pau Emili Mu\u00f1oz, ha intervingut en aquest punt de l\u2019ordre del dia. <\/p>\n<p>El conseller socialista Joan M\u00e9ndez ha subratllat que la proposta \u201cvol reafirmar el comprom\u00eds del Consell amb una iniciativa que, des de fa d\u00e8cades, contribueix a enfortir la cohesi\u00f3 social i el sentiment de comunitat\u201d. Tamb\u00e9 ha remarcat que el Correllengua \u00e9s \u201cun espai de trobada intergeneracional que reivindica la llengua i la cultura des del respecte, la conviv\u00e8ncia i la participaci\u00f3\u201d, i ha defensat la necessitat d\u2019un suport institucional ferm davant les \u201ciniciatives d\u2019odi que promou l\u2019extrema dreta quan es tracta de defensar la nostra llengua\u201d.<\/p>\n<p>El Grup Socialista ha presentat una moci\u00f3 al Consell de Mallorca per impulsar un model de mobilitat sostenible davant el que considera la \u201cinacci\u00f3\u201d del govern insEls socialistes reclamen reprendre la llei de regulaci\u00f3 de vehicles, refor\u00e7ar el transport p\u00fablic i avan\u00e7ar cap a una gesti\u00f3 insular integral de la mobilitat. El conseller socialista Jaume Mateu ha defensat que la moci\u00f3 estableix \u201cquines eines ha de disposar el Consell per dibuixar la mobilitat del futur\u201d i ha recordat que la normativa vigent ja permet assumir compet\u00e8ncies completes en transport. Mateu ha advertit que la regulaci\u00f3 de vehicles \u00e9s \u201cuna eina clau\u201d per afrontar l\u2019aflu\u00e8ncia massiva. Tamb\u00e9 ha lamentat que \u201cen tres anys no hi ha hagut cap canvi real de mobilitat perqu\u00e8 el PP no \u00e9s capa\u00e7 d\u2019executar projectes transformadors\u201d recordant que el PP ha \u201cdesat en un calaix els 185 milions pel tramvia de Palma, o el projecte de tren de Llevant que els vam deixar\u201d .<\/p>\n<p>La moci\u00f3 del Grup Socialista amb motiu del 8 de mar\u00e7 denuncia el retroc\u00e9s en pol\u00edtiques d\u2019igualtat i reclama que el Consell de Mallorca recuperi el seu paper com a garant de la coeducaci\u00f3 i de la seguretat digital de les dones. El text alerta que \u201cl\u2019assetjament al salvatge oest digital \u00e9s la nova frontera de la desigualtat\u201d i exigeix la renovaci\u00f3 immediata del Pla de Coeducaci\u00f3, aix\u00ed com el refor\u00e7 de les pol\u00edtiques municipals d\u2019igualtat. Bea Gamund\u00ed ha remarcat que \u201cno podem permetre que una generaci\u00f3 sencera retrocedeixi al segle passat; la coeducaci\u00f3 \u00e9s l\u2019eina que garanteix la llibertat de dem\u00e0\u201d. <\/p>\n<p>El text tamb\u00e9 posa el focus en l\u2019empoderament de les dones nouvingudes, la conviv\u00e8ncia intercultural i la necessitat de refor\u00e7ar la pres\u00e8ncia de referents femenins en l\u2019\u00e0mbit educatiu i comunitari. La moci\u00f3 insta el Govern Balear i el Consell a impulsar campanyes de coeducaci\u00f3 digital per protegir infants i joves de l\u2019assetjament, la pornografia i els discursos masclistes. Gamund\u00ed ha lamentat que la dreta i l\u2019extrema dreta \u201cgirin l\u2019esquena a les dones just quan m\u00e9s suport institucional necessiten\u201d. Tot i la urg\u00e8ncia de les mesures, PP i Vox han votat en contra de la moci\u00f3, bloquejant-ne l\u2019aprovaci\u00f3.<\/p>\n[vc_row][vc_column][vc_column_text]\n<\/div>","protected":false},"excerpt":{"rendered":"El Grup Socialista ha acusat de \u201cpoc transparent\u201d al conseller ultradret\u00e0 de Medi Ambient, Pedro Bestard, que ha tramitat l\u2019autoritzaci\u00f3 de la instituci\u00f3 insular per iniciar el tr\u00e0nsit de fems eivissencs a Mallorca, per\u00f2 que no ha mostrat els documents que dissenyen l\u2019operatiu. La portaveu del Grup Socialista, Catalina Cladera ha alertat de la deficient&hellip;","protected":false},"author":3,"featured_media":31104,"comment_status":"closed","ping_status":"closed","sticky":false,"template":"","format":"standard","meta":{"footnotes":""},"categories":[2,1,90,92],"tags":[218,343,362,447,546,105,83,77,186,483,639,600,296],"class_list":["post-31103","post","type-post","status-publish","format-standard","has-post-thumbnail","hentry","category-federacio-de-mallorca","category-federacio-de-mallorca-portada","category-municipis","category-portada","tag-amanda-fernandez","tag-andreu-serra","tag-ares-fernandez","tag-bea-gamundi","tag-biel-alomar","tag-catalina-cladera","tag-consell-de-mallorca","tag-federacio-socialista-de-mallorca","tag-jaume-mateu","tag-joan-ferrer","tag-joan-mendez-2","tag-joana-maria-adrover","tag-sofia-alonso"],"_links":{"self":[{"href":"https:\/\/www.psib-psoe.org\/mallorca\/wp-json\/wp\/v2\/posts\/31103"}],"collection":[{"href":"https:\/\/www.psib-psoe.org\/mallorca\/wp-json\/wp\/v2\/posts"}],"about":[{"href":"https:\/\/www.psib-psoe.org\/mallorca\/wp-json\/wp\/v2\/types\/post"}],"author":[{"embeddable":true,"href":"https:\/\/www.psib-psoe.org\/mallorca\/wp-json\/wp\/v2\/users\/3"}],"replies":[{"embeddable":true,"href":"https:\/\/www.psib-psoe.org\/mallorca\/wp-json\/wp\/v2\/comments?post=31103"}],"version-history":[{"count":1,"href":"https:\/\/www.psib-psoe.org\/mallorca\/wp-json\/wp\/v2\/posts\/31103\/revisions"}],"predecessor-version":[{"id":31105,"href":"https:\/\/www.psib-psoe.org\/mallorca\/wp-json\/wp\/v2\/posts\/31103\/revisions\/31105"}],"wp:featuredmedia":[{"embeddable":true,"href":"https:\/\/www.psib-psoe.org\/mallorca\/wp-json\/wp\/v2\/media\/31104"}],"wp:attachment":[{"href":"https:\/\/www.psib-psoe.org\/mallorca\/wp-json\/wp\/v2\/media?parent=31103"}],"wp:term":[{"taxonomy":"category","embeddable":true,"href":"https:\/\/www.psib-psoe.org\/mallorca\/wp-json\/wp\/v2\/categories?post=31103"},{"taxonomy":"post_tag","embeddable":true,"href":"https:\/\/www.psib-psoe.org\/mallorca\/wp-json\/wp\/v2\/tags?post=31103"}],"curies":[{"name":"wp","href":"https:\/\/api.w.org\/{rel}","templated":true}]}}