{"id":31106,"date":"2026-03-13T19:46:25","date_gmt":"2026-03-13T17:46:25","guid":{"rendered":"https:\/\/www.psib-psoe.org\/mallorca\/?p=31106"},"modified":"2026-03-13T19:46:38","modified_gmt":"2026-03-13T17:46:38","slug":"lagrupacio-socialista-de-sa-pobla-assenyala-al-govern-i-la-gerencia-de-sesplet-com-a-principals-responsables-del-tancament-del-portal-exportador-de-patata-poblera","status":"publish","type":"post","link":"https:\/\/www.psib-psoe.org\/mallorca\/lagrupacio-socialista-de-sa-pobla-assenyala-al-govern-i-la-gerencia-de-sesplet-com-a-principals-responsables-del-tancament-del-portal-exportador-de-patata-poblera\/","title":{"rendered":"L\u2019Agrupaci\u00f3 Socialista de sa Pobla assenyala al Govern i la ger\u00e8ncia de S\u2019Esplet com a principals responsables del tancament del portal exportador de patata poblera."},"content":{"rendered":"<div class=\"wpb-content-wrapper\">\n<figure class=\"wp-block-image size-full is-style-default\"><img loading=\"lazy\" decoding=\"async\" width=\"2560\" height=\"1707\" src=\"https:\/\/www.psib-psoe.org\/mallorca\/wp-content\/uploads\/SA-POBLA-XESCA-MIR-1-scaled.jpg\" alt=\"\" class=\"wp-image-31109\" srcset=\"https:\/\/www.psib-psoe.org\/mallorca\/wp-content\/uploads\/SA-POBLA-XESCA-MIR-1-scaled.jpg 2560w, https:\/\/www.psib-psoe.org\/mallorca\/wp-content\/uploads\/SA-POBLA-XESCA-MIR-1-300x200.jpg 300w, https:\/\/www.psib-psoe.org\/mallorca\/wp-content\/uploads\/SA-POBLA-XESCA-MIR-1-1024x683.jpg 1024w, https:\/\/www.psib-psoe.org\/mallorca\/wp-content\/uploads\/SA-POBLA-XESCA-MIR-1-768x512.jpg 768w, https:\/\/www.psib-psoe.org\/mallorca\/wp-content\/uploads\/SA-POBLA-XESCA-MIR-1-1536x1024.jpg 1536w, https:\/\/www.psib-psoe.org\/mallorca\/wp-content\/uploads\/SA-POBLA-XESCA-MIR-1-2048x1365.jpg 2048w, https:\/\/www.psib-psoe.org\/mallorca\/wp-content\/uploads\/SA-POBLA-XESCA-MIR-1-150x100.jpg 150w, https:\/\/www.psib-psoe.org\/mallorca\/wp-content\/uploads\/SA-POBLA-XESCA-MIR-1-600x400.jpg 600w, https:\/\/www.psib-psoe.org\/mallorca\/wp-content\/uploads\/SA-POBLA-XESCA-MIR-1-900x600.jpg 900w, https:\/\/www.psib-psoe.org\/mallorca\/wp-content\/uploads\/SA-POBLA-XESCA-MIR-1-20x13.jpg 20w\" sizes=\"(max-width: 2560px) 100vw, 2560px\" \/><\/figure>\n\n\n[vc_row][vc_column][vc_column_text]\n<p><em><u> Els socialistes denuncien la deixadesa de la Conselleria d\u2019Agricultura i la manca de transpar\u00e8ncia de la direcci\u00f3 de S\u2019Esplet, que han condu\u00eft a un ERE que afecta a 19 fam\u00edlies pobleres.<\/p>\n[\/vc_column_text][\/vc_column][\/vc_row]\n\n\n[vc_row][vc_column][vc_column_text]\n<p>L\u2019Agrupaci\u00f3 Socialista de sa Pobla lamenta l\u2019anunci del tancament de S\u2019Esplet, una empresa hist\u00f2rica vinculada al sector de la patata i aixecada gr\u00e0cies a la feina de generacions de pagesos poblers i a una important aportaci\u00f3 de recursos p\u00fablics. El tancament arriba despr\u00e9s d\u2019un any marcat per decisions pol\u00edtiques i directives que, segons els socialistes, han estat determinants en la desaparici\u00f3 del portal de patata del municipi.<\/p>\n<p>La secret\u00e0ria general de l\u2019Agrupaci\u00f3 Socialista de sa Pobla, Xesca Mir, ha assenyalat que \u201cel Govern de Marga Prohens i la ger\u00e8ncia de S\u2019Esplet s\u00f3n els principals responsables d\u2019haver condu\u00eft l\u2019empresa a una situaci\u00f3 insostenible que avui deixa 19 treballadors i treballadores al carrer\u201d. Mir recorda que mesos abans de la venda de l\u2019empresa, \u201cel director general d\u2019Agricultura, Fernando Fern\u00e1ndez, va decidir desprendre\u2019s del 10% de participaci\u00f3 que el Govern tenia a s\u2019Esplet a la meitat de preu, aplicant una f\u00f3rmula pensada nom\u00e9s per a socis pagesos. Una decisi\u00f3 injustificable que va debilitar encara m\u00e9s la cooperativa\u201d.<\/p>\n<p>Mir tamb\u00e9 ha criticat durament la gesti\u00f3 interna de l\u2019empresa: \u201c\u00c9s imprescindible que Joan Company, gerent durant 33 anys, assumeixi la seva responsabilitat. Ha passat de dirigir una empresa l\u00edder en investigaci\u00f3 i exportaci\u00f3 de patata a deixar-la en fallida i amb un ERE. Molts socis varen abandonar S\u2019Esplet per manca de transpar\u00e8ncia i per sentir-se m\u00e9s convidats a partir que no a quedar-se\u201d.<\/p>\n<p>Pel que fa al paper del Govern, l\u2019Agrupaci\u00f3 Socialista denuncia la inacci\u00f3 de la Conselleria d\u2019Agricultura. \u201cEl conseller Joan Simonet i el director general Fernando Fern\u00e1ndez han demostrat una deixadesa absoluta envers la pagesia poblera\u201d, ha afirmat Mir. \u201cNo han estat al costat del camp, no han aportat solucions i han actuat guiats per interessos que no representen sa Marjal ni els seus pagesos\u201d.<\/p>\n<p>Els socialistes recorden que ja varen expressar el seu desacord amb la venda de la participaci\u00f3 p\u00fablica i amb la decisi\u00f3 de posar a la venda S\u2019Esplet, tot i respectar la decisi\u00f3 adoptada en assemblea. Avui, la realitat \u00e9s que l\u2019empresa acumula un deute proper als quatre milions d\u2019euros i que els rumors sobre possibles compradors han desaparegut completament.<\/p>\n<p>Els socialistes consideren especialment greu que, tot i haver sol\u00b7licitat el 2025 una ampliaci\u00f3 de la declaraci\u00f3 d\u2019inter\u00e8s general argumentant que continuaven essent l\u00edders en investigaci\u00f3, l\u2019empresa anunci\u00ef ara el cessament definitiu de l\u2019activitat. \u201c\u00c9s incomprensible que en menys d\u2019un any s\u2019hagi passat de presumir de projectes d\u2019investigaci\u00f3 amb universitats a tancar portes\u201d, ha remarcat Mir.<br \/>\nL\u2019Agrupaci\u00f3 Socialista de sa Pobla expressa el seu suport als treballadors afectats i a les fam\u00edlies pageses que, una vegada m\u00e9s, hauran de cercar alternatives pel seu compte. \u201cSi avui poden assegurar el seu futur \u00e9s gr\u00e0cies al seu propi esfor\u00e7, no per la gesti\u00f3 de la direcci\u00f3 de S\u2019Esplet ni per l\u2019ajuda del Govern\u201d, ha dit Mir.<\/p>\n[\/vc_column_text][\/vc_column][\/vc_row]\n\n\n\n<figure class=\"wp-block-audio\"><audio controls src=\"https:\/\/www.psib-psoe.org\/mallorca\/wp-content\/uploads\/Xesca-Mir-sEsplet.mp3\"><\/audio><\/figure>\n\n\n\n<p><\/p>\n<\/div>","protected":false},"excerpt":{"rendered":"[vc_row][vc_column][vc_column_text] Els socialistes denuncien la deixadesa de la Conselleria d\u2019Agricultura i la manca de transpar\u00e8ncia de la direcci\u00f3 de S\u2019Esplet, que han condu\u00eft a un ERE que afecta a 19 fam\u00edlies pobleres. [\/vc_column_text][\/vc_column][\/vc_row] [vc_row][vc_column][vc_column_text] L\u2019Agrupaci\u00f3 Socialista de sa Pobla lamenta l\u2019anunci del tancament de S\u2019Esplet, una empresa hist\u00f2rica vinculada al sector de la patata i&hellip;","protected":false},"author":3,"featured_media":28870,"comment_status":"closed","ping_status":"closed","sticky":false,"template":"","format":"standard","meta":{"footnotes":""},"categories":[2,1,90,92],"tags":[608,218,362,105,77,84,146,192],"class_list":["post-31106","post","type-post","status-publish","format-standard","has-post-thumbnail","hentry","category-federacio-de-mallorca","category-federacio-de-mallorca-portada","category-municipis","category-portada","tag-agrupacio-socialista-sa-pobla","tag-amanda-fernandez","tag-ares-fernandez","tag-catalina-cladera","tag-federacio-socialista-de-mallorca","tag-psib-psoe","tag-sa-pobla","tag-xesca-mir"],"_links":{"self":[{"href":"https:\/\/www.psib-psoe.org\/mallorca\/wp-json\/wp\/v2\/posts\/31106"}],"collection":[{"href":"https:\/\/www.psib-psoe.org\/mallorca\/wp-json\/wp\/v2\/posts"}],"about":[{"href":"https:\/\/www.psib-psoe.org\/mallorca\/wp-json\/wp\/v2\/types\/post"}],"author":[{"embeddable":true,"href":"https:\/\/www.psib-psoe.org\/mallorca\/wp-json\/wp\/v2\/users\/3"}],"replies":[{"embeddable":true,"href":"https:\/\/www.psib-psoe.org\/mallorca\/wp-json\/wp\/v2\/comments?post=31106"}],"version-history":[{"count":2,"href":"https:\/\/www.psib-psoe.org\/mallorca\/wp-json\/wp\/v2\/posts\/31106\/revisions"}],"predecessor-version":[{"id":31110,"href":"https:\/\/www.psib-psoe.org\/mallorca\/wp-json\/wp\/v2\/posts\/31106\/revisions\/31110"}],"wp:featuredmedia":[{"embeddable":true,"href":"https:\/\/www.psib-psoe.org\/mallorca\/wp-json\/wp\/v2\/media\/28870"}],"wp:attachment":[{"href":"https:\/\/www.psib-psoe.org\/mallorca\/wp-json\/wp\/v2\/media?parent=31106"}],"wp:term":[{"taxonomy":"category","embeddable":true,"href":"https:\/\/www.psib-psoe.org\/mallorca\/wp-json\/wp\/v2\/categories?post=31106"},{"taxonomy":"post_tag","embeddable":true,"href":"https:\/\/www.psib-psoe.org\/mallorca\/wp-json\/wp\/v2\/tags?post=31106"}],"curies":[{"name":"wp","href":"https:\/\/api.w.org\/{rel}","templated":true}]}}