{"id":31114,"date":"2026-03-17T00:38:30","date_gmt":"2026-03-16T22:38:30","guid":{"rendered":"https:\/\/www.psib-psoe.org\/mallorca\/?p=31114"},"modified":"2026-03-17T00:38:42","modified_gmt":"2026-03-16T22:38:42","slug":"el-grup-municipal-socialista-expressa-el-seu-suport-als-treballadors-publics-de-llucmajor-i-exigeix-el-restabliment-de-la-dignitat-laboral","status":"publish","type":"post","link":"https:\/\/www.psib-psoe.org\/mallorca\/el-grup-municipal-socialista-expressa-el-seu-suport-als-treballadors-publics-de-llucmajor-i-exigeix-el-restabliment-de-la-dignitat-laboral\/","title":{"rendered":"El Grup Municipal Socialista expressa el seu suport als treballadors p\u00fablics de Llucmajor i exigeix el restabliment de la dignitat laboral."},"content":{"rendered":"\n<figure class=\"wp-block-image size-full\"><img loading=\"lazy\" decoding=\"async\" width=\"1290\" height=\"1608\" src=\"https:\/\/www.psib-psoe.org\/mallorca\/wp-content\/uploads\/WhatsApp-Image-2026-02-19-at-07.46.49-1.jpeg\" alt=\"\" class=\"wp-image-31115\" srcset=\"https:\/\/www.psib-psoe.org\/mallorca\/wp-content\/uploads\/WhatsApp-Image-2026-02-19-at-07.46.49-1.jpeg 1290w, https:\/\/www.psib-psoe.org\/mallorca\/wp-content\/uploads\/WhatsApp-Image-2026-02-19-at-07.46.49-1-241x300.jpeg 241w, https:\/\/www.psib-psoe.org\/mallorca\/wp-content\/uploads\/WhatsApp-Image-2026-02-19-at-07.46.49-1-821x1024.jpeg 821w, https:\/\/www.psib-psoe.org\/mallorca\/wp-content\/uploads\/WhatsApp-Image-2026-02-19-at-07.46.49-1-768x957.jpeg 768w, https:\/\/www.psib-psoe.org\/mallorca\/wp-content\/uploads\/WhatsApp-Image-2026-02-19-at-07.46.49-1-1232x1536.jpeg 1232w, https:\/\/www.psib-psoe.org\/mallorca\/wp-content\/uploads\/WhatsApp-Image-2026-02-19-at-07.46.49-1-300x374.jpeg 300w, https:\/\/www.psib-psoe.org\/mallorca\/wp-content\/uploads\/WhatsApp-Image-2026-02-19-at-07.46.49-1-150x187.jpeg 150w, https:\/\/www.psib-psoe.org\/mallorca\/wp-content\/uploads\/WhatsApp-Image-2026-02-19-at-07.46.49-1-600x748.jpeg 600w, https:\/\/www.psib-psoe.org\/mallorca\/wp-content\/uploads\/WhatsApp-Image-2026-02-19-at-07.46.49-1-900x1122.jpeg 900w, https:\/\/www.psib-psoe.org\/mallorca\/wp-content\/uploads\/WhatsApp-Image-2026-02-19-at-07.46.49-1-20x25.jpeg 20w\" sizes=\"(max-width: 1290px) 100vw, 1290px\" \/><\/figure>\n\n\n<p>La situaci\u00f3 que viu l\u2019Ajuntament \u00e9s insostenible i confirma les den\u00fancies de la plantilla que aquest dilluns ha celebrat una assemblea amb el suport de tots els sindicats amb representaci\u00f3 a l\u2019Ajuntament de Llucmajor. Els serveis p\u00fablics es deterioren mentre s\u2019acumulen milions sense executar. El portaveu del Grup Municipal, Jaume J. Oliver, apunta a la \u201cnefasta gesti\u00f3 de Lascolas i el seu equip de Govern PPVox-ASI\u201d i reitera que \u201chem advertit d\u2019aquest col\u00b7lapse als serveis p\u00fablics municipals durant tota la legislatura\u201d.<\/p>\n\n\n<p>El Grup Municipal Socialista de Llucmajor expressa el seu suport ferm als treballadors p\u00fablics del municipi davant la situaci\u00f3 l\u00edmit que denuncien des de fa mesos. El portaveu socialista, Jaume J. Oliver, afirma que &#8220;els treballadors p\u00fablics de Llucmajor han dit prou, i tenen tota la ra\u00f3. La situaci\u00f3 \u00e9s insostenible i fa massa temps que ho denunciem&#8221;. La degradaci\u00f3 de les condicions laborals, el deteriorament de les instal\u00b7lacions municipals i la manca d\u2019inversions han generat un escenari que afecta tant la plantilla com el conjunt de la ciutadania. Per aquest motiu, el grup socialista exigeix a l\u2019equip de govern i en concret a la batlessa Xisca Lascolas, que restableixi de manera immediata la dignitat laboral de tots els treballadors municipals i que posi fi a la par\u00e0lisi funcional que ofega l\u2019Ajuntament i que afecta a totes les \u00e0rees municipals. El comit\u00e8 de treballadors municipals ha advertit que la situaci\u00f3 interna \u00e9s insostenible i que mant\u00e9 obertes totes les opcions de mobilitzaci\u00f3 si no hi ha respostes reals.<\/p>\n<p>La crisi dels fems, que s\u2019arrossega des de 2023, ha provocat acumulacions recurrents de residus a s\u2019Estanyol, s\u2019Arenal, les urbanitzacions i el nucli urb\u00e0. Davant aquest panorama, Oliver recorda que &#8220;no \u00e9s admissible que mentre els serveis -en aquest cas sota la figura de contracte extern- es deterioren, l\u2019Ajuntament acumuli desenes de milions d\u2019euros al banc sense executar. Aix\u00f2 \u00e9s una irresponsabilitat maj\u00fascula&#8221;. La convocat\u00f2ria d\u2019una vaga indefinida per part dels treballadors de la recollida confirma que el conflicte no nom\u00e9s no s\u2019ha resolt, sin\u00f3 que s\u2019ha agreujat. <\/p>\n<p>A aquest col\u00b7lapse laboral s\u2019hi suma el bloqueig administratiu que pateix el municipi. Les llic\u00e8ncies urban\u00edstiques acumulen fins a tres anys i mig de retard, molt per damunt dels terminis legals. La resid\u00e8ncia de persones majors continua paralitzada des de 2023, sense conveni signat amb el Govern ni projecte de reforma o ampliaci\u00f3. La manca d\u2019aparcaments a Llucmajor i s\u2019Arenal segueix sense soluci\u00f3 tot i les propostes aprovades per unanimitat al ple. Les instal\u00b7lacions de la Policia Local es troben en un estat precari i sense millores. I les mol\u00e8sties generades pels efectes de l\u2019explotaci\u00f3 de la macro-granja de gallines de  ha generat una mobilitzaci\u00f3 ciutadana sense precedents per la manca de transpar\u00e8ncia i els possibles impactes ambientals, davant la deixadesa absoluta dels responsables pol\u00edtics del municipi.<\/p>\n<p>La inestabilitat pol\u00edtica tamb\u00e9 ha marcat la legislatura, amb la sortida de fins a sis regidors de l\u2019equip de govern i episodis de falta de respecte institucional cap a entitats i col\u00b7lectius del municipi. L\u2019Escola de M\u00fasica continua en barracons despr\u00e9s de m\u00e9s d\u2019una d\u00e8cada, i diverses associacions denuncien que fa m\u00e9s d\u2019un any que esperen reunions amb la batlessa o els regidors sense obtenir resposta. Sobre aquesta situaci\u00f3, Oliver lamenta que &#8220;un Ajuntament no pot funcionar d\u2019esquena a les entitats ni a la ciutadania; \u00e9s una mostra m\u00e9s del desgavell que vivim&#8221;.<\/p>\n<p>Tot aix\u00f2 contrasta amb una dada especialment greu: l\u2019Ajuntament acumula prop de 47 milions d\u2019euros de tresoreria procedents dels impostos dels ciutadans que no s\u2019han executat ni invertit. Uns recursos que podrien haver servit per millorar serveis, refor\u00e7ar plantilles, modernitzar instal\u00b7lacions i donar resposta a les necessitats reals del municipi. &#8220;Ens posem a disposici\u00f3 de la plantilla de treballadors i treballadores municipals i exigim al govern municipal que restableixi la dignitat laboral i posi ordre en una administraci\u00f3 que avui est\u00e0 col\u00b7lapsada a Llucmajor&#8221;, ha dit Oliver.<\/p>\n<p>El Grup Municipal Socialista recorda que durant tota la legislatura ha denunciat aquesta situaci\u00f3, ha presentat propostes per millorar els serveis p\u00fablics i ha advertit reiteradament del deteriorament progressiu de l\u2019Ajuntament. Les mocions sobre aparcaments, la reclamaci\u00f3 de millores a la Policia Local, les peticions de transpar\u00e8ncia en la macro-granja o les demandes de desbloqueig de la resid\u00e8ncia s\u00f3n nom\u00e9s alguns exemples del treball realitzat. El Grup Municipal Socialista conclou que Llucmajor necessita un Ajuntament que planifiqui, gestioni i doni resposta als problemes reals del municipi, i que la situaci\u00f3 actual \u00e9s la conseq\u00fc\u00e8ncia directa de tres anys de mala gesti\u00f3 i desconnexi\u00f3 amb la ciutadania.<\/p>\n\n\n\n<p><\/p>\n","protected":false},"excerpt":{"rendered":"La situaci\u00f3 que viu l\u2019Ajuntament \u00e9s insostenible i confirma les den\u00fancies de la plantilla que aquest dilluns ha celebrat una assemblea amb el suport de tots els sindicats amb representaci\u00f3 a l\u2019Ajuntament de Llucmajor. Els serveis p\u00fablics es deterioren mentre s\u2019acumulen milions sense executar. El portaveu del Grup Municipal, Jaume J. Oliver, apunta a la&hellip;","protected":false},"author":3,"featured_media":31115,"comment_status":"closed","ping_status":"closed","sticky":false,"template":"","format":"standard","meta":{"footnotes":""},"categories":[2,1,90,92],"tags":[130,218,613,77,664],"class_list":["post-31114","post","type-post","status-publish","format-standard","has-post-thumbnail","hentry","category-federacio-de-mallorca","category-federacio-de-mallorca-portada","category-municipis","category-portada","tag-agrupacio-socialista-de-llucmajor","tag-amanda-fernandez","tag-elsa-herranz","tag-federacio-socialista-de-mallorca","tag-jaume-j-oliver-2"],"_links":{"self":[{"href":"https:\/\/www.psib-psoe.org\/mallorca\/wp-json\/wp\/v2\/posts\/31114"}],"collection":[{"href":"https:\/\/www.psib-psoe.org\/mallorca\/wp-json\/wp\/v2\/posts"}],"about":[{"href":"https:\/\/www.psib-psoe.org\/mallorca\/wp-json\/wp\/v2\/types\/post"}],"author":[{"embeddable":true,"href":"https:\/\/www.psib-psoe.org\/mallorca\/wp-json\/wp\/v2\/users\/3"}],"replies":[{"embeddable":true,"href":"https:\/\/www.psib-psoe.org\/mallorca\/wp-json\/wp\/v2\/comments?post=31114"}],"version-history":[{"count":1,"href":"https:\/\/www.psib-psoe.org\/mallorca\/wp-json\/wp\/v2\/posts\/31114\/revisions"}],"predecessor-version":[{"id":31116,"href":"https:\/\/www.psib-psoe.org\/mallorca\/wp-json\/wp\/v2\/posts\/31114\/revisions\/31116"}],"wp:featuredmedia":[{"embeddable":true,"href":"https:\/\/www.psib-psoe.org\/mallorca\/wp-json\/wp\/v2\/media\/31115"}],"wp:attachment":[{"href":"https:\/\/www.psib-psoe.org\/mallorca\/wp-json\/wp\/v2\/media?parent=31114"}],"wp:term":[{"taxonomy":"category","embeddable":true,"href":"https:\/\/www.psib-psoe.org\/mallorca\/wp-json\/wp\/v2\/categories?post=31114"},{"taxonomy":"post_tag","embeddable":true,"href":"https:\/\/www.psib-psoe.org\/mallorca\/wp-json\/wp\/v2\/tags?post=31114"}],"curies":[{"name":"wp","href":"https:\/\/api.w.org\/{rel}","templated":true}]}}