{"id":31117,"date":"2026-03-17T00:44:16","date_gmt":"2026-03-16T22:44:16","guid":{"rendered":"https:\/\/www.psib-psoe.org\/mallorca\/?p=31117"},"modified":"2026-03-17T00:44:29","modified_gmt":"2026-03-16T22:44:29","slug":"els-socialistes-dandratx-exigeixen-la-destitucio-immediata-dels-regidors-joan-forteza-i-beatriz-casanova-arran-de-la-sancio-ferma-per-la-destruccio-del-llaut-historic-margarita-ii","status":"publish","type":"post","link":"https:\/\/www.psib-psoe.org\/mallorca\/els-socialistes-dandratx-exigeixen-la-destitucio-immediata-dels-regidors-joan-forteza-i-beatriz-casanova-arran-de-la-sancio-ferma-per-la-destruccio-del-llaut-historic-margarita-ii\/","title":{"rendered":"Els Socialistes d\u2019Andratx exigeixen la destituci\u00f3 immediata dels regidors Joan Forteza i Beatriz Casanova arran de la sanci\u00f3 ferma per la destrucci\u00f3 del lla\u00fct hist\u00f2ric Margarita II."},"content":{"rendered":"<div class=\"wpb-content-wrapper\">\n<figure class=\"wp-block-image size-large\"><img loading=\"lazy\" decoding=\"async\" width=\"1024\" height=\"768\" src=\"https:\/\/www.psib-psoe.org\/mallorca\/wp-content\/uploads\/Enaitz2-1024x768.jpeg\" alt=\"\" class=\"wp-image-31118\" srcset=\"https:\/\/www.psib-psoe.org\/mallorca\/wp-content\/uploads\/Enaitz2-1024x768.jpeg 1024w, https:\/\/www.psib-psoe.org\/mallorca\/wp-content\/uploads\/Enaitz2-300x225.jpeg 300w, https:\/\/www.psib-psoe.org\/mallorca\/wp-content\/uploads\/Enaitz2-768x576.jpeg 768w, https:\/\/www.psib-psoe.org\/mallorca\/wp-content\/uploads\/Enaitz2-1536x1152.jpeg 1536w, https:\/\/www.psib-psoe.org\/mallorca\/wp-content\/uploads\/Enaitz2-150x113.jpeg 150w, https:\/\/www.psib-psoe.org\/mallorca\/wp-content\/uploads\/Enaitz2-600x450.jpeg 600w, https:\/\/www.psib-psoe.org\/mallorca\/wp-content\/uploads\/Enaitz2-900x675.jpeg 900w, https:\/\/www.psib-psoe.org\/mallorca\/wp-content\/uploads\/Enaitz2-20x16.jpeg 20w, https:\/\/www.psib-psoe.org\/mallorca\/wp-content\/uploads\/Enaitz2.jpeg 1600w\" sizes=\"(max-width: 1024px) 100vw, 1024px\" \/><\/figure>\n\n\n<p>Els Socialistes d\u2019Andratx reclamen a la batlessa Estefania Gonzalvo la destituci\u00f3 immediata dels regidors Joan Forteza, responsable de Serveis Generals, i Beatriz Casanova, responsable de Patrimoni, despr\u00e9s que s\u2019hagi confirmat que el Consell de Mallorca ha imposat una sanci\u00f3 de 80.000 euros a l\u2019Ajuntament per la destrucci\u00f3 de la barca hist\u00f2rica Margarita II, un b\u00e9 protegit i sota cust\u00f2dia municipal.<\/p>\n\n\n[vc_row][vc_column][vc_column_text]\n<p>La resoluci\u00f3 del Consell de Mallorca, ja ferma, estableix una sanci\u00f3 econ\u00f2mica de 80.000 euros per la destrucci\u00f3 de la Margarita II. L\u2019Ajuntament ha acceptat la sanci\u00f3 sense presentar cap recurs i s\u2019ha acollit al pagament urgent per obtenir una bonificaci\u00f3 del 40%. Tot i aix\u00ed, aquesta decisi\u00f3 implica un greuge econ\u00f2mic significatiu per a les arques p\u00fabliques, que hauran d\u2019assumir tots els ve\u00efns i ve\u00efnes d\u2019Andratx.<\/p>\n<p>Els fets es remunten a l\u2019any 2024, quan es va documentar que l\u2019Ajuntament encap\u00e7alat per Estefan\u00eda Gonzalvo (PP) havia ordenat la destrucci\u00f3 d\u2019aquesta embarcaci\u00f3 tradicional, considerada un element rellevant del patrimoni n\u00e0utic de Mallorca. Els Socialistes d\u2019Andratx varen denunciar aleshores la gravetat del succ\u00e9s i el que consideraven un atemptat contra el patrimoni cultural del municipi i de l\u2019illa.<\/p>\n<p>El secretari general de l\u2019Agrupaci\u00f3 Socialista d\u2019Andratx, Enaitz I\u00f1an, ha assenyalat que el municipi es troba davant \u201cun doble perjudici: un d\u2019irrecuperable, com \u00e9s la p\u00e8rdua d\u2019un b\u00e9 patrimonial \u00fanic, i un altre d\u2019econ\u00f2mic, que hauran d\u2019assumir entre tots els contribuents\u201d. I\u00f1an considera \u201cimprescindible que la batlessa actu\u00ef amb responsabilitat i cessi de manera immediata els dos regidors responsables d\u2019aquesta greu neglig\u00e8ncia, ja que la seva perman\u00e8ncia al govern municipal \u00e9s incompatible amb la confian\u00e7a que la ciutadania mereix\u201d.<\/p>\n<p>Els Socialistes d\u2019Andratx recorden que ja al febrer de 2025 varen sol\u00b7licitar un ple extraordinari per reprovar els dos regidors implicats. Ara, amb la sanci\u00f3 confirmada, el partit considera que la continu\u00eftat de Forteza i Casanova dins l\u2019equip de govern \u00e9s insostenible i incompatible amb la responsabilitat institucional que exigeix la gesti\u00f3 del patrimoni i dels recursos p\u00fablics. Per tot aix\u00f2, els Socialistes d\u2019Andratx pretenen poder debatre la q\u00fcesti\u00f3 al pr\u00f2xim plenari municipal per que ser\u00e0 necess\u00e0ria l\u2019aprovaci\u00f3 de la despesa que suposa la sanci\u00f3.<\/p>\n<p>El lla\u00fct Margarita II va ser declarat Be d\u2019Inter\u00e8s Patrimonial des de 2019, havia estat objecte de diferents actuacions de reparaci\u00f3, i en el moment de la seva destrucci\u00f3 es trobava en uns magatzems municipals, a on van ser desballestats per ordre dels dos regidors municipals de l\u2019equip de govern del PP. <\/p>\n[\/vc_column_text][\/vc_column][\/vc_row]\n<\/div>","protected":false},"excerpt":{"rendered":"Els Socialistes d\u2019Andratx reclamen a la batlessa Estefania Gonzalvo la destituci\u00f3 immediata dels regidors Joan Forteza, responsable de Serveis Generals, i Beatriz Casanova, responsable de Patrimoni, despr\u00e9s que s\u2019hagi confirmat que el Consell de Mallorca ha imposat una sanci\u00f3 de 80.000 euros a l\u2019Ajuntament per la destrucci\u00f3 de la barca hist\u00f2rica Margarita II, un b\u00e9&hellip;","protected":false},"author":3,"featured_media":31118,"comment_status":"closed","ping_status":"closed","sticky":false,"template":"","format":"standard","meta":{"footnotes":""},"categories":[89,2,1,92],"tags":[526,218,533,362,83,507,77,483,351],"class_list":["post-31117","post","type-post","status-publish","format-standard","has-post-thumbnail","hentry","category-consell-de-mallorca","category-federacio-de-mallorca","category-federacio-de-mallorca-portada","category-portada","tag-agrupacio-socialista-dandratx","tag-amanda-fernandez","tag-antoni-mir","tag-ares-fernandez","tag-consell-de-mallorca","tag-enaitz-inan","tag-federacio-socialista-de-mallorca","tag-joan-ferrer","tag-tolo-aguilar"],"_links":{"self":[{"href":"https:\/\/www.psib-psoe.org\/mallorca\/wp-json\/wp\/v2\/posts\/31117"}],"collection":[{"href":"https:\/\/www.psib-psoe.org\/mallorca\/wp-json\/wp\/v2\/posts"}],"about":[{"href":"https:\/\/www.psib-psoe.org\/mallorca\/wp-json\/wp\/v2\/types\/post"}],"author":[{"embeddable":true,"href":"https:\/\/www.psib-psoe.org\/mallorca\/wp-json\/wp\/v2\/users\/3"}],"replies":[{"embeddable":true,"href":"https:\/\/www.psib-psoe.org\/mallorca\/wp-json\/wp\/v2\/comments?post=31117"}],"version-history":[{"count":1,"href":"https:\/\/www.psib-psoe.org\/mallorca\/wp-json\/wp\/v2\/posts\/31117\/revisions"}],"predecessor-version":[{"id":31119,"href":"https:\/\/www.psib-psoe.org\/mallorca\/wp-json\/wp\/v2\/posts\/31117\/revisions\/31119"}],"wp:featuredmedia":[{"embeddable":true,"href":"https:\/\/www.psib-psoe.org\/mallorca\/wp-json\/wp\/v2\/media\/31118"}],"wp:attachment":[{"href":"https:\/\/www.psib-psoe.org\/mallorca\/wp-json\/wp\/v2\/media?parent=31117"}],"wp:term":[{"taxonomy":"category","embeddable":true,"href":"https:\/\/www.psib-psoe.org\/mallorca\/wp-json\/wp\/v2\/categories?post=31117"},{"taxonomy":"post_tag","embeddable":true,"href":"https:\/\/www.psib-psoe.org\/mallorca\/wp-json\/wp\/v2\/tags?post=31117"}],"curies":[{"name":"wp","href":"https:\/\/api.w.org\/{rel}","templated":true}]}}