{"id":31121,"date":"2026-03-17T16:51:34","date_gmt":"2026-03-17T14:51:34","guid":{"rendered":"https:\/\/www.psib-psoe.org\/mallorca\/?p=31121"},"modified":"2026-03-17T16:51:46","modified_gmt":"2026-03-17T14:51:46","slug":"el-psib-psoe-defensa-habitatge-dignitat-laboral-i-serveis-publics-per-recuperar-calvia","status":"publish","type":"post","link":"https:\/\/www.psib-psoe.org\/mallorca\/el-psib-psoe-defensa-habitatge-dignitat-laboral-i-serveis-publics-per-recuperar-calvia\/","title":{"rendered":"El PSIB-PSOE defensa habitatge, dignitat laboral i serveis p\u00fablics per recuperar Calvi\u00e0"},"content":{"rendered":"<div class=\"wpb-content-wrapper\">\n<figure class=\"wp-block-image size-large\"><img loading=\"lazy\" decoding=\"async\" width=\"1024\" height=\"768\" src=\"https:\/\/www.psib-psoe.org\/mallorca\/wp-content\/uploads\/170326_Assemblea-Calvia-1024x768.jpeg\" alt=\"\" class=\"wp-image-31122\" srcset=\"https:\/\/www.psib-psoe.org\/mallorca\/wp-content\/uploads\/170326_Assemblea-Calvia-1024x768.jpeg 1024w, https:\/\/www.psib-psoe.org\/mallorca\/wp-content\/uploads\/170326_Assemblea-Calvia-300x225.jpeg 300w, https:\/\/www.psib-psoe.org\/mallorca\/wp-content\/uploads\/170326_Assemblea-Calvia-768x576.jpeg 768w, https:\/\/www.psib-psoe.org\/mallorca\/wp-content\/uploads\/170326_Assemblea-Calvia-1536x1152.jpeg 1536w, https:\/\/www.psib-psoe.org\/mallorca\/wp-content\/uploads\/170326_Assemblea-Calvia-2048x1536.jpeg 2048w, https:\/\/www.psib-psoe.org\/mallorca\/wp-content\/uploads\/170326_Assemblea-Calvia-150x113.jpeg 150w, https:\/\/www.psib-psoe.org\/mallorca\/wp-content\/uploads\/170326_Assemblea-Calvia-600x450.jpeg 600w, https:\/\/www.psib-psoe.org\/mallorca\/wp-content\/uploads\/170326_Assemblea-Calvia-900x675.jpeg 900w, https:\/\/www.psib-psoe.org\/mallorca\/wp-content\/uploads\/170326_Assemblea-Calvia-20x16.jpeg 20w\" sizes=\"(max-width: 1024px) 100vw, 1024px\" \/><\/figure>\n\n\n<p>La vicesecret\u00e0ria general del PSIB-PSOE, Rosario S\u00e1nchez i la secret\u00e0ria general de la Federaci\u00f3 Socialista de Mallorca, Amanda Fern\u00e1ndez, han visitat Calvi\u00e0 en una jornada de feina pol\u00edtica i escolta activa juntament amb la secret\u00e0ria general de l\u2019Agrupaci\u00f3 Socialista de Calvi\u00e0, Marta de Teba i la portaveu socialista a l\u2019Ajuntament de Calvi\u00e0, Nati Franc\u00e9s<\/p>\n\n\n[vc_row][vc_column][vc_column_text]\n<p>La vicesecret\u00e0ria general del PSIB-PSOE, Rosario S\u00e1nchez i la secret\u00e0ria general de la Federaci\u00f3 Socialista de Mallorca, Amanda Fern\u00e1ndez, han visitat Calvi\u00e0 en una jornada de feina pol\u00edtica i escolta activa juntament amb la secret\u00e0ria general de l\u2019Agrupaci\u00f3 Socialista de Calvi\u00e0, Marta de Teba i la portaveu socialista a l\u2019Ajuntament de Calvi\u00e0, Nati Franc\u00e9s. Han aprofitat per reivindicar pol\u00edtiques \u00fatils en mat\u00e8ria d\u2019habitatge, serveis p\u00fablics i drets laborals, i per refor\u00e7ar l\u2019alternativa progressista al municipi. <\/p>\n<p>La visita s\u2019ha emmarcat en la campanya \u2018Triam lluitar a peu de carrer\u2019 organitzada pel PSIB-PSOE i ha incl\u00f2s una visita als habitatges de protecci\u00f3 oficial de Santa Pon\u00e7a i Magaluf, a les obres del passeig mar\u00edtim de Magaluf, una trobada amb les presidentes de gent gran de Son Caliu i Galatz\u00f3, un dinar de feina amb l\u2019executiva i el grup municipal a Son Ferrer, un caf\u00e8 amb cambreres de pis i, finalment, l\u2019assemblea de l\u2019Agrupaci\u00f3 Socialista de Calvi\u00e0.<\/p>\n<p>Durant la primera part de la jornada, la delegaci\u00f3 socialista ha visitat les HPO de Santa Pon\u00e7a i Magaluf per posar en valor les pol\u00edtiques p\u00fabliques d\u2019habitatge impulsades pels governs progressistes i denunciar la par\u00e0lisi actual en aquesta mat\u00e8ria. Posteriorment, han visitat les obres del passeig mar\u00edtim de Magaluf per reivindicar la reconversi\u00f3 tur\u00edstica iniciada el 2015 pels governs socialistes i defensar un model basat en la qualitat, la sostenibilitat i la conviv\u00e8ncia.<\/p>\n<p>Amanda Fern\u00e1ndez ha defensat que \u201cCalvi\u00e0 necessita tornar a posar les persones al centre de l\u2019acci\u00f3 pol\u00edtica. El dret a l\u2019habitatge no pot dependre del mercat ni de l\u2019especulaci\u00f3; ha de dependre d\u2019institucions valentes que construeixin, protegeixin i garanteixin que els joves i les fam\u00edlies puguin continuar vivint al seu municipi\u201d. Fern\u00e1ndez ha afegit que \u201cMagaluf \u00e9s l\u2019exemple que quan hi ha governs progressistes hi ha transformaci\u00f3 real: v\u00e0rem comen\u00e7ar una reconversi\u00f3 tur\u00edstica pensada per dignificar l\u2019entorn, generar millor economia i construir futur per als residents\u201d.<\/p>\n<p>La visita tamb\u00e9 ha servit per escoltar la veu de la gent gran, amb una trobada amb les presidentes de les associacions de Son Caliu i Galatz\u00f3. El PSIB-PSOE ha volgut posar en valor el paper fonamental de la generaci\u00f3 que va aixecar Calvi\u00e0 i ha reclamat l\u2019obertura immediata del Centre de Dia de Palmanova, acabat des de fa temps i encara tancat.<\/p>\n<p>En aquest sentit, Marta de Teba ha assegurat que \u201cCalvi\u00e0 no pot donar l\u2019esquena ni a la seva gent gran ni a les fam\u00edlies que necessiten serveis p\u00fablics dignes. Obrir el Centre de Dia de Palmanova i refor\u00e7ar els serveis socials no \u00e9s una opci\u00f3, \u00e9s una obligaci\u00f3\u201d. La secret\u00e0ria general de l\u2019Agrupaci\u00f3 Socialista de Calvi\u00e0 ha remarcat tamb\u00e9 que \u201cel nostre projecte neix del carrer, d\u2019escoltar els ve\u00efnats i de transformar aquesta realitat en propostes concretes per recuperar Calvi\u00e0\u201d.<\/p>\n<p>Per la seva banda, la portaveu socialista a l\u2019Ajuntament de Calvi\u00e0, Nati Franc\u00e9s, que ha participat en tota la jornada, ha defensat que \u201cCalvi\u00e0 necessita un govern que torni a escoltar el carrer i a posar per davant les necessitats reals de la ciutadania: l\u2019acc\u00e9s a l\u2019habitatge, uns serveis p\u00fablics dignes i unes condicions laborals justes\u201d. Franc\u00e9s ha remarcat que \u201chem recorregut diferents realitats del municipi, des de l\u2019habitatge p\u00fablic fins a la situaci\u00f3 de la gent gran i les cambreres de pis, i totes ens envien el mateix missatge: Calvi\u00e0 necessita m\u00e9s pol\u00edtica \u00fatil, m\u00e9s proximitat i m\u00e9s comprom\u00eds per recuperar el rumb\u201d. Aquesta idea encaixa amb els eixos centrals de la visita: habitatge, serveis p\u00fablics dignes i un model econ\u00f2mic m\u00e9s just i sostenible.<\/p>\n<p>La vicesecret\u00e0ria general del PSIB-PSOE, Rosario S\u00e1nchez, s\u2019ha incorporat a la jornada amb un dinar de feina amb l\u2019executiva i el grup municipal, centrat en la coordinaci\u00f3 pol\u00edtica i l\u2019estrat\u00e8gia per consolidar un relat de proximitat, prioritzar l\u2019habitatge i els serveis p\u00fablics i continuar traslladant al projecte socialista les preocupacions reals de la ciutadania. A continuaci\u00f3, la delegaci\u00f3 ha compartit un caf\u00e8 amb cambreres de pis per visibilitzar la seva realitat laboral i denunciar que el turisme no es pot sostenir sobre la precarietat.<\/p>\n<p>Rosario S\u00e1nchez ha afirmat que \u201cno hi pot haver turisme de qualitat si es mant\u00e9 la precarietat de les treballadores que sostenen cada dia el sector. Dignificar les condicions laborals, combatre les externalitzacions abusives i protegir la salut laboral de les  cambreres de pis \u00e9s una q\u00fcesti\u00f3 de just\u00edcia social i de dignitat\u201d. S\u00e1nchez ha insistit que \u201cdefensar els drets laborals tamb\u00e9 \u00e9s defensar un model econ\u00f2mic m\u00e9s just i m\u00e9s sostenible per a Calvi\u00e0 i per a les Illes Balears\u201d.<\/p>\n<p>La jornada ha finalitzat amb l\u2019assemblea de l\u2019Agrupaci\u00f3 Socialista de Calvi\u00e0, on s\u2019ha traslladat a la milit\u00e0ncia un missatge de mobilitzaci\u00f3, esperan\u00e7a i confian\u00e7a en el canvi. El PSIB-PSOE ha reivindicat que queda un any per consolidar una alternativa valenta, propera i preparada per recuperar Calvi\u00e0, Mallorca i les Illes Balears amb m\u00e9s pol\u00edtiques d\u2019habitatge, m\u00e9s drets laborals i millors serveis p\u00fablics.<\/p>\n[\/vc_column_text][\/vc_column][\/vc_row]\n<\/div>","protected":false},"excerpt":{"rendered":"La vicesecret\u00e0ria general del PSIB-PSOE, Rosario S\u00e1nchez i la secret\u00e0ria general de la Federaci\u00f3 Socialista de Mallorca, Amanda Fern\u00e1ndez, han visitat Calvi\u00e0 en una jornada de feina pol\u00edtica i escolta activa juntament amb la secret\u00e0ria general de l\u2019Agrupaci\u00f3 Socialista de Calvi\u00e0, Marta de Teba i la portaveu socialista a l\u2019Ajuntament de Calvi\u00e0, Nati Franc\u00e9s [vc_row][vc_column][vc_column_text]&hellip;","protected":false},"author":4,"featured_media":31122,"comment_status":"closed","ping_status":"closed","sticky":false,"template":"","format":"standard","meta":{"footnotes":""},"categories":[2,1,92],"tags":[218,362,670,77,84,669],"class_list":["post-31121","post","type-post","status-publish","format-standard","has-post-thumbnail","hentry","category-federacio-de-mallorca","category-federacio-de-mallorca-portada","category-portada","tag-amanda-fernandez","tag-ares-fernandez","tag-calvia-2","tag-federacio-socialista-de-mallorca","tag-psib-psoe","tag-rosario-sanchez-2"],"_links":{"self":[{"href":"https:\/\/www.psib-psoe.org\/mallorca\/wp-json\/wp\/v2\/posts\/31121"}],"collection":[{"href":"https:\/\/www.psib-psoe.org\/mallorca\/wp-json\/wp\/v2\/posts"}],"about":[{"href":"https:\/\/www.psib-psoe.org\/mallorca\/wp-json\/wp\/v2\/types\/post"}],"author":[{"embeddable":true,"href":"https:\/\/www.psib-psoe.org\/mallorca\/wp-json\/wp\/v2\/users\/4"}],"replies":[{"embeddable":true,"href":"https:\/\/www.psib-psoe.org\/mallorca\/wp-json\/wp\/v2\/comments?post=31121"}],"version-history":[{"count":1,"href":"https:\/\/www.psib-psoe.org\/mallorca\/wp-json\/wp\/v2\/posts\/31121\/revisions"}],"predecessor-version":[{"id":31123,"href":"https:\/\/www.psib-psoe.org\/mallorca\/wp-json\/wp\/v2\/posts\/31121\/revisions\/31123"}],"wp:featuredmedia":[{"embeddable":true,"href":"https:\/\/www.psib-psoe.org\/mallorca\/wp-json\/wp\/v2\/media\/31122"}],"wp:attachment":[{"href":"https:\/\/www.psib-psoe.org\/mallorca\/wp-json\/wp\/v2\/media?parent=31121"}],"wp:term":[{"taxonomy":"category","embeddable":true,"href":"https:\/\/www.psib-psoe.org\/mallorca\/wp-json\/wp\/v2\/categories?post=31121"},{"taxonomy":"post_tag","embeddable":true,"href":"https:\/\/www.psib-psoe.org\/mallorca\/wp-json\/wp\/v2\/tags?post=31121"}],"curies":[{"name":"wp","href":"https:\/\/api.w.org\/{rel}","templated":true}]}}