{"id":31124,"date":"2026-03-18T13:24:30","date_gmt":"2026-03-18T11:24:30","guid":{"rendered":"https:\/\/www.psib-psoe.org\/mallorca\/?p=31124"},"modified":"2026-03-18T13:24:42","modified_gmt":"2026-03-18T11:24:42","slug":"els-socialistes-exigeixen-a-galmes-un-escut-social-urgent-per-protegir-les-families-els-joves-els-majors-i-els-sectors-productius-davant-lescalada-de-preus","status":"publish","type":"post","link":"https:\/\/www.psib-psoe.org\/mallorca\/els-socialistes-exigeixen-a-galmes-un-escut-social-urgent-per-protegir-les-families-els-joves-els-majors-i-els-sectors-productius-davant-lescalada-de-preus\/","title":{"rendered":"Els Socialistes exigeixen a Galm\u00e9s un escut social urgent per protegir les fam\u00edlies, els joves, els majors i els sectors productius davant l\u2019escalada de preus."},"content":{"rendered":"<div class=\"wpb-content-wrapper\">\n<figure class=\"wp-block-image size-full\"><img loading=\"lazy\" decoding=\"async\" width=\"1600\" height=\"900\" src=\"https:\/\/www.psib-psoe.org\/mallorca\/wp-content\/uploads\/Escut-social-Pere-Garau-edited.jpeg\" alt=\"\" class=\"wp-image-31126\" srcset=\"https:\/\/www.psib-psoe.org\/mallorca\/wp-content\/uploads\/Escut-social-Pere-Garau-edited.jpeg 1600w, https:\/\/www.psib-psoe.org\/mallorca\/wp-content\/uploads\/Escut-social-Pere-Garau-edited-300x169.jpeg 300w, https:\/\/www.psib-psoe.org\/mallorca\/wp-content\/uploads\/Escut-social-Pere-Garau-edited-1024x576.jpeg 1024w, https:\/\/www.psib-psoe.org\/mallorca\/wp-content\/uploads\/Escut-social-Pere-Garau-edited-768x432.jpeg 768w, https:\/\/www.psib-psoe.org\/mallorca\/wp-content\/uploads\/Escut-social-Pere-Garau-edited-1536x864.jpeg 1536w, https:\/\/www.psib-psoe.org\/mallorca\/wp-content\/uploads\/Escut-social-Pere-Garau-edited-20x11.jpeg 20w, https:\/\/www.psib-psoe.org\/mallorca\/wp-content\/uploads\/Escut-social-Pere-Garau-edited-150x84.jpeg 150w, https:\/\/www.psib-psoe.org\/mallorca\/wp-content\/uploads\/Escut-social-Pere-Garau-edited-600x338.jpeg 600w, https:\/\/www.psib-psoe.org\/mallorca\/wp-content\/uploads\/Escut-social-Pere-Garau-edited-900x506.jpeg 900w\" sizes=\"(max-width: 1600px) 100vw, 1600px\" \/><\/figure>\n\n\n<p>El Grup Socialista reclama al Consell de Mallorca que activi de manera immediata un paquet de mesures socials i econ\u00f2miques aprofitant els 134 milions d\u2019euros de romanent de tresoreria de 2025. Cladera denuncia la \u201cmanca d\u2019iniciativa\u201d de Galm\u00e9s i Prohens davant la crisi derivada de la guerra a l\u2019Orient Mitj\u00e0 i l\u2019espiral inflacionista. Alonso adverteix que les persones m\u00e9s vulnerables \u201cja estan patint\u201d i que el Consell t\u00e9 recursos per actuar \u201cdem\u00e0 mateix\u201d.<\/p>\n\n\n[vc_row][vc_column][vc_column_text]\n<p>El Grup Socialista al Consell de Mallorca ha exigit avui a Lloren\u00e7 Galm\u00e9s la posada en marxa immediata d\u2019un escut social potent per protegir la ciutadania davant l\u2019escalada de preus derivada de la crisi internacional. La portaveu socialista, Catalina Cladera, i la portaveu adjunta, Sofia Alonso, han presentat un paquet de mesures que el Consell podria activar \u201cdem\u00e0 mateix\u201d si hi hagu\u00e9s voluntat pol\u00edtica. Ho han advertit des del mercat de Pere Garau a Palma, justament all\u00e0 a on la pujada de preus de la cistella de la compra afecta m\u00e9s a les fam\u00edlies. <\/p>\n<p>Cladera ha advertit que la situaci\u00f3 global \u00e9s \u201cd\u2019incertesa absoluta\u201d i que les conseq\u00fc\u00e8ncies de la guerra a l\u2019Orient Mitj\u00e0 \u201cja es noten a Mallorca, amb pujades generalitzades de preus en productes b\u00e0sics, energia i carburants\u201d. Segons ha recordat, \u201caix\u00f2 obliga les administracions a reaccionar i a protegir la poblaci\u00f3, especialment la classe mitjana i treballadora, que \u00e9s qui m\u00e9s pateix l\u2019al\u00e7a de preus\u201d. La portaveu socialista ha denunciat la \u201cmanca d\u2019iniciativa\u201d del Govern i del Consell: \u201cEn dues setmanes de conflicte, no hem vist ni una sola mesura ni una sola previsi\u00f3\u201d. Cladera ha destacat que aquesta inacci\u00f3 es produeix mentre \u201cProhens se\u2019n va al Carib, i Galm\u00e9s no fa res\u201d. <\/p>\n<p>Davant aquesta situaci\u00f3, els Socialistes reclamen que el Consell activi un nou escut social aprofitant els 134 milions d\u2019euros de romanent presentats la setmana passada, que provenen de la liquidaci\u00f3 del pressupost de 2025, fruit de la manca d\u2019execuci\u00f3 d\u2019un 290% del pressupost de la instituci\u00f3 insular. \u201cTenen recursos. Volem que Galm\u00e9s usi aquests diners per construir un escut social com el que ja vam demostrar que funcionava el 2021 i 2022, quan destin\u00e0rem m\u00e9s de 125 milions d\u2019euros a pal\u00b7liar els efectes de les crisis del COVID i la guerra d\u2019Ucra\u00efna\u201d, ha recordat Cladera .<\/p>\n<p>Entre les mesures proposades, Cladera ha detallat ajudes directes a fam\u00edlies per compensar la pujada de la cistella de la compra, de l\u2019energia i dels carburants; una l\u00ednia espec\u00edfica per ajudar a pagar el lloguer davant la finalitzaci\u00f3 de 24.000 contractes enguany; i suport a aut\u00f2noms, petites empreses i sectors especialment afectats com el primari i el transport. Cladera ha posat l\u2019accent en el suport al producte local, que suposa una alternativa viable als queviures que arriben de fora de Mallorca i que per tant es veuen m\u00e9s afectats per les alces de preu pel cost afegit del transport. <\/p>\n<p>Per la seva banda, la portaveu adjunta, Sofia Alonso, ha subratllat que les crisis econ\u00f2miques \u201ctenen sempre unes primeres v\u00edctimes: les persones m\u00e9s desafavorides\u201d. Ha reclamat que el Consell i l\u2019IMAS garanteixin espais d\u2019acollida dignes per a persones en situaci\u00f3 de sensellarisme, en especial a aquelles que estan en vies de ser desnonades de la pres\u00f3 vella de Palma, a on el PP a Cort i a l\u2019IMAS \u201cno ofereix cap alternativa habitacional\u201d .<\/p>\n<p>Alonso ha defensat que el romanent de 134 milions d\u2019euros permetria refor\u00e7ar els serveis socials municipals, crear l\u00ednies d\u2019ajuda espec\u00edfiques per a joves i protegir la gent gran que pot perdre ca seva per l\u2019augment dels preus. Tamb\u00e9 ha reclamat que l\u2019IMAS bonifiqui el 100% de les despeses dels centres de dia per alleugerir les c\u00e0rregues de les fam\u00edlies, \u201calmanco durant 6 mesos\u201d.<\/p>\n<p>El Grup Socialista ha exigit al Consell que adopti aquest paquet de mesures d\u2019escut social el m\u00e9s aviat possible, davant de l\u2019eventualitat de que els efectes de la guerra \u201cinjusta i arbitr\u00e0ria de Trump i Netanyahu a l\u2019Orient Mitj\u00e0\u201d s\u2019allargui en el temps. <\/p>\n[vc_row][vc_column][vc_column_text]\n\n\n\n<figure class=\"wp-block-audio\"><audio controls src=\"https:\/\/www.psib-psoe.org\/mallorca\/wp-content\/uploads\/180326_Catalina-Cladera.mp3.mpeg.mp3\"><\/audio><\/figure>\n\n\n\n<figure class=\"wp-block-audio\"><audio controls src=\"https:\/\/www.psib-psoe.org\/mallorca\/wp-content\/uploads\/180326_Sofia-Alonso.mp3.mpeg.mp3\"><\/audio><\/figure>\n<\/div>","protected":false},"excerpt":{"rendered":"El Grup Socialista reclama al Consell de Mallorca que activi de manera immediata un paquet de mesures socials i econ\u00f2miques aprofitant els 134 milions d\u2019euros de romanent de tresoreria de 2025. Cladera denuncia la \u201cmanca d\u2019iniciativa\u201d de Galm\u00e9s i Prohens davant la crisi derivada de la guerra a l\u2019Orient Mitj\u00e0 i l\u2019espiral inflacionista. Alonso adverteix&hellip;","protected":false},"author":3,"featured_media":31126,"comment_status":"closed","ping_status":"closed","sticky":false,"template":"","format":"standard","meta":{"footnotes":""},"categories":[2,1,90,92],"tags":[218,343,362,447,546,105,83,77,186,483,639,600,296],"class_list":["post-31124","post","type-post","status-publish","format-standard","has-post-thumbnail","hentry","category-federacio-de-mallorca","category-federacio-de-mallorca-portada","category-municipis","category-portada","tag-amanda-fernandez","tag-andreu-serra","tag-ares-fernandez","tag-bea-gamundi","tag-biel-alomar","tag-catalina-cladera","tag-consell-de-mallorca","tag-federacio-socialista-de-mallorca","tag-jaume-mateu","tag-joan-ferrer","tag-joan-mendez-2","tag-joana-maria-adrover","tag-sofia-alonso"],"_links":{"self":[{"href":"https:\/\/www.psib-psoe.org\/mallorca\/wp-json\/wp\/v2\/posts\/31124"}],"collection":[{"href":"https:\/\/www.psib-psoe.org\/mallorca\/wp-json\/wp\/v2\/posts"}],"about":[{"href":"https:\/\/www.psib-psoe.org\/mallorca\/wp-json\/wp\/v2\/types\/post"}],"author":[{"embeddable":true,"href":"https:\/\/www.psib-psoe.org\/mallorca\/wp-json\/wp\/v2\/users\/3"}],"replies":[{"embeddable":true,"href":"https:\/\/www.psib-psoe.org\/mallorca\/wp-json\/wp\/v2\/comments?post=31124"}],"version-history":[{"count":1,"href":"https:\/\/www.psib-psoe.org\/mallorca\/wp-json\/wp\/v2\/posts\/31124\/revisions"}],"predecessor-version":[{"id":31129,"href":"https:\/\/www.psib-psoe.org\/mallorca\/wp-json\/wp\/v2\/posts\/31124\/revisions\/31129"}],"wp:featuredmedia":[{"embeddable":true,"href":"https:\/\/www.psib-psoe.org\/mallorca\/wp-json\/wp\/v2\/media\/31126"}],"wp:attachment":[{"href":"https:\/\/www.psib-psoe.org\/mallorca\/wp-json\/wp\/v2\/media?parent=31124"}],"wp:term":[{"taxonomy":"category","embeddable":true,"href":"https:\/\/www.psib-psoe.org\/mallorca\/wp-json\/wp\/v2\/categories?post=31124"},{"taxonomy":"post_tag","embeddable":true,"href":"https:\/\/www.psib-psoe.org\/mallorca\/wp-json\/wp\/v2\/tags?post=31124"}],"curies":[{"name":"wp","href":"https:\/\/api.w.org\/{rel}","templated":true}]}}