{"id":31417,"date":"2026-04-24T22:49:37","date_gmt":"2026-04-24T20:49:37","guid":{"rendered":"https:\/\/www.psib-psoe.org\/mallorca\/?p=31417"},"modified":"2026-04-24T22:49:38","modified_gmt":"2026-04-24T20:49:38","slug":"el-grup-socialista-al-consell-de-mallorca-alerta-de-les-greus-i-nombroses-prescripcions-detectades-en-el-projecte-de-planejament-urbanistic-de-maria-de-la-salut","status":"publish","type":"post","link":"https:\/\/www.psib-psoe.org\/mallorca\/el-grup-socialista-al-consell-de-mallorca-alerta-de-les-greus-i-nombroses-prescripcions-detectades-en-el-projecte-de-planejament-urbanistic-de-maria-de-la-salut\/","title":{"rendered":"El Grup Socialista al Consell de Mallorca alerta de les \u201cgreus i nombroses prescripcions\u201d detectades en el projecte de planejament urban\u00edstic de Maria de la Salut."},"content":{"rendered":"<div class=\"wpb-content-wrapper\">\n<figure class=\"wp-block-image size-full is-resized\"><img loading=\"lazy\" decoding=\"async\" width=\"1829\" height=\"1144\" src=\"https:\/\/www.psib-psoe.org\/mallorca\/wp-content\/uploads\/Captura-de-pantalla-2026-04-24-223924.png\" alt=\"\" class=\"wp-image-31419\" style=\"width:771px;height:auto\" srcset=\"https:\/\/www.psib-psoe.org\/mallorca\/wp-content\/uploads\/Captura-de-pantalla-2026-04-24-223924.png 1829w, https:\/\/www.psib-psoe.org\/mallorca\/wp-content\/uploads\/Captura-de-pantalla-2026-04-24-223924-300x188.png 300w, https:\/\/www.psib-psoe.org\/mallorca\/wp-content\/uploads\/Captura-de-pantalla-2026-04-24-223924-1024x640.png 1024w, https:\/\/www.psib-psoe.org\/mallorca\/wp-content\/uploads\/Captura-de-pantalla-2026-04-24-223924-768x480.png 768w, https:\/\/www.psib-psoe.org\/mallorca\/wp-content\/uploads\/Captura-de-pantalla-2026-04-24-223924-1536x961.png 1536w, https:\/\/www.psib-psoe.org\/mallorca\/wp-content\/uploads\/Captura-de-pantalla-2026-04-24-223924-150x94.png 150w, https:\/\/www.psib-psoe.org\/mallorca\/wp-content\/uploads\/Captura-de-pantalla-2026-04-24-223924-600x375.png 600w, https:\/\/www.psib-psoe.org\/mallorca\/wp-content\/uploads\/Captura-de-pantalla-2026-04-24-223924-900x563.png 900w, https:\/\/www.psib-psoe.org\/mallorca\/wp-content\/uploads\/Captura-de-pantalla-2026-04-24-223924-20x13.png 20w\" sizes=\"(max-width: 1829px) 100vw, 1829px\" \/><\/figure>\n\n\n[vc_row][vc_column][vc_column_text]\n<p><em><u> Segons el Grup Socialista, l\u2019informe t\u00e8cnic de la Comissi\u00f3 Insular d\u2019Ordenaci\u00f3 del Territori i Urbanisme posa de manifest omissions, incoher\u00e8ncies i mancances de justificaci\u00f3 que afecten aspectes essencials del planejament, fins al punt que obliguen a una revisi\u00f3 profunda del document.<\/p>\n<p> <\/u><\/em><\/p>\n[\/vc_column_text][\/vc_column][\/vc_row]\n\n\n[vc_row][vc_column][vc_column_text]\n<p>El Grup Socialista al Consell de Mallorca ha advertit de la gravetat de les nombroses prescripcions que la Comissi\u00f3 Insular d\u2019Ordenaci\u00f3 del Territori i Urbanisme ha formulat sobre el projecte de nou planejament urban\u00edstic de Maria de la Salut. Segons el Grup, l\u2019informe t\u00e8cnic evidencia mancances importants que afecten la coher\u00e8ncia, la justificaci\u00f3 i la viabilitat del Pla General i del Pla d\u2019Ordenaci\u00f3 Detallada presentats a aprovaci\u00f3 inicial.<\/p>\n<p>Des del Grup Socialista recorden que ja varen advertir en el seu moment que la proposta presentada contenia errors de fons, mancances t\u00e8cniques i una orientaci\u00f3 urban\u00edstica allunyada de les necessitats reals de Maria de la Salut. \u201cAquest informe t\u00e8cnic ve a confirmar all\u00f2 que ja hav\u00edem denunciat: el document no est\u00e0 ben resolt, no justifica adequadament decisions clau i obliga ara a fer canvis importants\u201d, assenyalen els socialistes.<\/p>\n<p>Entre les principals observacions recollides a la valoraci\u00f3 t\u00e8cnica, el PSIB-PSOE destaca la manca de justificaci\u00f3 del creixement previst pel Pla, sense una explicaci\u00f3 clara sobre les necessitats futures de poblaci\u00f3 ni sobre la conveni\u00e8ncia de prioritzar els s\u00f2ls ja transformats i encara no edificats abans d\u2019obrir nous processos d\u2019urbanitzaci\u00f3.<\/p>\n<p>Tamb\u00e9 es q\u00fcestiona clarament l\u2019aposta per nous creixements de car\u00e0cter unifamiliar i extensiu, especialment en l\u2019\u00e0mbit del Clot d\u2019en Maiol, en un context en qu\u00e8 la mateixa diagnosi del Pla evidencia dificultats d\u2019acc\u00e9s a l\u2019habitatge. Per als socialistes, aquest enfocament \u201cno respon ni a criteris de sostenibilitat ni a les necessitats residencials actuals del municipi\u201d.<\/p>\n<p>L\u2019informe t\u00e8cnic tamb\u00e9 posa objeccions a diverses actuacions concretes, com el nou sistema general d\u2019aparcament i espai lliure Rotonda Nord \u2013 c\/ Santa Margalida, afectat per \u00e0rees de protecci\u00f3 de carreteres, aix\u00ed com al sector urbanitzable de Deulosal, del qual no es justifica adequadament la necessitat i que, a m\u00e9s, presenta mancances en la definici\u00f3 de les actuacions vi\u00e0ries vinculades al seu desenvolupament. Altres defici\u00e8ncies detectades afecten la inexist\u00e8ncia de delimitaci\u00f3 de les xarxes separades de pluvials i residuals ni les mesures de millora i drenatge que imposa el Pla Hidrol\u00f2gic. I en l\u2019apartat de patrimoni, el document revisat obvia mesures de protecci\u00f3 sobre elements patrimonials inclosos en el cat\u00e0leg municipal. <\/p>\n<p>Des del Grup Socialista consideren que aquest informe evidencia que el document aprovat inicialment per segona vegada \u201cno estava prou treballat ni t\u00e8cnicament ni pol\u00edticament\u201d i que ara s\u2019haur\u00e0 de refer de manera molt important. \u201cEl m\u00e9s preocupant \u00e9s que s\u2019ha volgut tirar endavant un Pla General sense la solidesa necess\u00e0ria, sense consens suficient i sense una visi\u00f3 ajustada al model de poble que necessita Maria de la Salut\u201d, apunten.<\/p>\n<p>Els Socialistes de Maria de la Salut ja van denunciar, el passat mes de desembre, la intervenci\u00f3 directa del batle, Jaume Ferriol, en la confecci\u00f3 de les normes, que queda reflectida a la mateixa mem\u00f2ria, i que no respon a l\u2019inter\u00e8s general dels residents al municipi. Els Socialistes reclamen que m\u00e9s enll\u00e0 de l\u2019opini\u00f3 del batle, el planejament de Maria recuperi l\u2019esperit que va tenir durant la passada legislatura en qu\u00e8 tot el proc\u00e9s de reforma es va iniciar amb una consulta participativa oberta a tota la ciutadania.<\/p>\n<p>El Grup conclou que nom\u00e9s una revisi\u00f3 profunda i rigorosa permetr\u00e0 disposar d\u2019un planejament s\u00f2lid, coherent i leg\u00edtim, capa\u00e7 de garantir un desenvolupament urban\u00edstic ajustat a la realitat i a les necessitats de Maria de la Salut.<\/p>\n[\/vc_column_text][\/vc_column][\/vc_row]\n<\/div>","protected":false},"excerpt":{"rendered":"[vc_row][vc_column][vc_column_text] Segons el Grup Socialista, l\u2019informe t\u00e8cnic de la Comissi\u00f3 Insular d\u2019Ordenaci\u00f3 del Territori i Urbanisme posa de manifest omissions, incoher\u00e8ncies i mancances de justificaci\u00f3 que afecten aspectes essencials del planejament, fins al punt que obliguen a una revisi\u00f3 profunda del document. [\/vc_column_text][\/vc_column][\/vc_row] [vc_row][vc_column][vc_column_text] El Grup Socialista al Consell de Mallorca ha advertit de la&hellip;","protected":false},"author":3,"featured_media":31419,"comment_status":"closed","ping_status":"closed","sticky":false,"template":"","format":"standard","meta":{"footnotes":""},"categories":[2,1,90,92],"tags":[218,362,447,77,186,104,84,352,666,81],"class_list":["post-31417","post","type-post","status-publish","format-standard","has-post-thumbnail","hentry","category-federacio-de-mallorca","category-federacio-de-mallorca-portada","category-municipis","category-portada","tag-amanda-fernandez","tag-ares-fernandez","tag-bea-gamundi","tag-federacio-socialista-de-mallorca","tag-jaume-mateu","tag-mercedes-garrido","tag-psib-psoe","tag-rafel-oliver","tag-toni-moreno","tag-xisco-arrom"],"_links":{"self":[{"href":"https:\/\/www.psib-psoe.org\/mallorca\/wp-json\/wp\/v2\/posts\/31417"}],"collection":[{"href":"https:\/\/www.psib-psoe.org\/mallorca\/wp-json\/wp\/v2\/posts"}],"about":[{"href":"https:\/\/www.psib-psoe.org\/mallorca\/wp-json\/wp\/v2\/types\/post"}],"author":[{"embeddable":true,"href":"https:\/\/www.psib-psoe.org\/mallorca\/wp-json\/wp\/v2\/users\/3"}],"replies":[{"embeddable":true,"href":"https:\/\/www.psib-psoe.org\/mallorca\/wp-json\/wp\/v2\/comments?post=31417"}],"version-history":[{"count":1,"href":"https:\/\/www.psib-psoe.org\/mallorca\/wp-json\/wp\/v2\/posts\/31417\/revisions"}],"predecessor-version":[{"id":31420,"href":"https:\/\/www.psib-psoe.org\/mallorca\/wp-json\/wp\/v2\/posts\/31417\/revisions\/31420"}],"wp:featuredmedia":[{"embeddable":true,"href":"https:\/\/www.psib-psoe.org\/mallorca\/wp-json\/wp\/v2\/media\/31419"}],"wp:attachment":[{"href":"https:\/\/www.psib-psoe.org\/mallorca\/wp-json\/wp\/v2\/media?parent=31417"}],"wp:term":[{"taxonomy":"category","embeddable":true,"href":"https:\/\/www.psib-psoe.org\/mallorca\/wp-json\/wp\/v2\/categories?post=31417"},{"taxonomy":"post_tag","embeddable":true,"href":"https:\/\/www.psib-psoe.org\/mallorca\/wp-json\/wp\/v2\/tags?post=31417"}],"curies":[{"name":"wp","href":"https:\/\/api.w.org\/{rel}","templated":true}]}}