{"id":31424,"date":"2026-04-27T12:59:57","date_gmt":"2026-04-27T10:59:57","guid":{"rendered":"https:\/\/www.psib-psoe.org\/mallorca\/?p=31424"},"modified":"2026-04-27T12:59:59","modified_gmt":"2026-04-27T10:59:59","slug":"el-psib-psoe-veu-molt-dificil-donar-suport-a-cap-mesura-descut-social-discriminatoria-i-racista-que-deixi-persones-desprotegides-i-presenta-un-conjunt-de-mesures-alte","status":"publish","type":"post","link":"https:\/\/www.psib-psoe.org\/mallorca\/el-psib-psoe-veu-molt-dificil-donar-suport-a-cap-mesura-descut-social-discriminatoria-i-racista-que-deixi-persones-desprotegides-i-presenta-un-conjunt-de-mesures-alte\/","title":{"rendered":"El PSIB PSOE veu \u201cmolt dif\u00edcil\u201c donar suport a cap mesura d\u2019escut social \u00a0discriminat\u00f2ria i racista que deixi persones desprotegides, i presenta un conjunt de mesures alternatives al Govern."},"content":{"rendered":"<div class=\"wpb-content-wrapper\">\n<figure class=\"wp-block-image size-full is-resized\"><img loading=\"lazy\" decoding=\"async\" width=\"1600\" height=\"1200\" src=\"https:\/\/www.psib-psoe.org\/mallorca\/wp-content\/uploads\/Reunio-escut-social-Govern.jpeg\" alt=\"\" class=\"wp-image-31425\" style=\"width:771px;height:auto\" srcset=\"https:\/\/www.psib-psoe.org\/mallorca\/wp-content\/uploads\/Reunio-escut-social-Govern.jpeg 1600w, https:\/\/www.psib-psoe.org\/mallorca\/wp-content\/uploads\/Reunio-escut-social-Govern-300x225.jpeg 300w, https:\/\/www.psib-psoe.org\/mallorca\/wp-content\/uploads\/Reunio-escut-social-Govern-1024x768.jpeg 1024w, https:\/\/www.psib-psoe.org\/mallorca\/wp-content\/uploads\/Reunio-escut-social-Govern-768x576.jpeg 768w, https:\/\/www.psib-psoe.org\/mallorca\/wp-content\/uploads\/Reunio-escut-social-Govern-1536x1152.jpeg 1536w, https:\/\/www.psib-psoe.org\/mallorca\/wp-content\/uploads\/Reunio-escut-social-Govern-150x113.jpeg 150w, https:\/\/www.psib-psoe.org\/mallorca\/wp-content\/uploads\/Reunio-escut-social-Govern-600x450.jpeg 600w, https:\/\/www.psib-psoe.org\/mallorca\/wp-content\/uploads\/Reunio-escut-social-Govern-900x675.jpeg 900w, https:\/\/www.psib-psoe.org\/mallorca\/wp-content\/uploads\/Reunio-escut-social-Govern-20x16.jpeg 20w\" sizes=\"(max-width: 1600px) 100vw, 1600px\" \/><\/figure>\n\n\n[vc_row][vc_column][vc_column_text]\n<p><em><u> La secret\u00e0ria general de la Federaci\u00f3 Socialista de Mallorca, Amanda Fern\u00e1ndez reclama mesures \u201cigualit\u00e0ries, justes i respectuoses\u201d amb els drets humans. \u201cEns posen molt dif\u00edcil poder fer suport a qualsevol cosa que impliqui acceptar les d\u00e8ries racistes de Vox, comen\u00e7ant pel ple del Consell de Mallorca, on s\u2019han anunciat mesures \u201cque vulneren les nostres l\u00ednies vermelles\u201d, ha advertit.<br \/>\n <\/u><\/em><\/p>\n[\/vc_column_text][\/vc_column][\/vc_row]\n\n\n[vc_row][vc_column][vc_column_text]\n<p>El PSIB-PSOE ha presentat al Govern un paquet de mesures socials per completar un escut de protecci\u00f3 que arribi a tota la ciutadania de les Illes Balears, especialment a les persones i fam\u00edlies m\u00e9s vulnerables davant la pujada de preus generada per la crisi de la guerra a l\u2019Orient Mitj\u00e0. Ha estat en el decurs d\u2019una reuni\u00f3 amb la consellera de Fam\u00edlies, Benestar Social i Atenci\u00f3 a la Depend\u00e8ncia, Sandra Fern\u00e1ndez. <\/p>\n<p>La secret\u00e0ria general de la Federaci\u00f3 Socialista de Mallorca i diputada al Parlament, Amanda Fern\u00e1ndez, ha explicat que el Grup Socialista ha acudit a la reuni\u00f3 \u201camb la ferma intenci\u00f3 de posar sobre la taula mesures que completin l\u2019escut de protecci\u00f3 a tota la societat\u201d. Segons ha recordat, la setmana passada es varen consensuar mesures econ\u00f2miques per donar suport a sectors afectats com el transport, el taxi o els aut\u00f2noms, per\u00f2 \u201cmancava la part social\u201d.<\/p>\n<p>Tot i aix\u00f2, Fern\u00e1ndez ha alertat sobre el risc de qu\u00e8 les propostes socialistes perqu\u00e8 el PP si acaba sotmetent-se a les d\u00e8ries xen\u00f2fobes de Vox, aix\u00ed com ha anunciat l\u2019equip de govern del Consell de Mallorca. \u201cSembla que per PPVox, l\u2019\u00fanic criteri per establir un escut social \u00e9s la discriminaci\u00f3. L\u2019\u00fanic criteri \u00e9s el color de la pell, la proced\u00e8ncia i la riquesa o pobresa de les persones\u201d.<\/p>\n<p>En contraposici\u00f3, ha remarcat la contradicci\u00f3 que \u201cels altres estrangers, els estrangers rics, tenen una estora vermella perqu\u00e8 continu\u00efn comprant-nos tot l\u2019habitatge que surt a la venda en aquestes  illes\u201d. Davant aquesta situaci\u00f3, Fern\u00e1ndez ha estat clara: \u201c\u00e9s molt dif\u00edcil que puguem fer suport a cap mesura que discrimini a les persones\u201d, comen\u00e7ant pel ple del Consell de Mallorca, on s\u2019han anunciat mesures \u201cdiscriminat\u00f2ries que no podrem acceptar\u201d.<\/p>\n<p>Tot i aix\u00f2, ha reiterat la voluntat de di\u00e0leg si el Govern rectifica: \u201csi el PP vol continuar treballant amb els drets humans, amb el respecte als pilars d\u2019aquesta democr\u00e0cia que hem constru\u00eft durant 40 anys, amb respecte per tant a la just\u00edcia social, el Partit Socialista t\u00e9 aqu\u00ed les seves mesures i estarem preparats per asseure\u2019ns, parlar i potser donar-los suport\u201d.<\/p>\n<p>Les propostes socials del PSIB PSOE<\/p>\n<p>El paquet de mesures presentat pel PSIB PSOE al Govern inclou actuacions dirigides a treballadors, fam\u00edlies, joves i persones vulnerables o dependents, amb l\u2019objectiu de refor\u00e7ar la xarxa de protecci\u00f3 social davant l\u2019increment de preus:<\/p>\n<p>1.\tDeclarar tot el territori de les Illes Balears com a zona tensada, d\u2019acord amb la Llei estatal d\u2019habitatge, per poder topar els preus del lloguer.<br \/>\n2.\tIncrementar la Renda Social Garantida (Resoga) un 11,4% durant tot el 2026, en l\u00ednia amb l\u2019Ingr\u00e9s M\u00ednim Vital, i un 15% addicional durant tres mesos com a mesura extraordin\u00e0ria per compensar la inflaci\u00f3.<br \/>\n3.\tAjudes als joves. Bonificaci\u00f3 del 100% a les primeres matr\u00edcules de la UIB, del Conservatori Superior de M\u00fasica IB i de l\u2019Escola d\u2019Art i Superior de disseny IB per al curs 2025-26, sota criteris de renda.<br \/>\n4.\tEliminaci\u00f3 del copagament dels Centres de Dia, als Serveis d\u2019Ajuda a Domicili i dos pagaments extraordinaris a persones benefici\u00e0ries del Bo Social T\u00e8rmic.<br \/>\n5.\tMantenir els requisits actuals d\u2019acc\u00e9s, rebutjant la proposta de PP i Vox d\u2019introduir criteris discriminatoris de tres o cinc anys de resid\u00e8ncia.<br \/>\n6.\tAjudes complement\u00e0ries per a treballadors fixos discontinus i complements als subsidis d\u2019atur per compensar la p\u00e8rdua de poder adquisitiu.<\/p>\n[\/vc_column_text][\/vc_column][\/vc_row]\n\n\n\n<p><\/p>\n\n\n\n<figure class=\"wp-block-audio\"><audio controls src=\"https:\/\/www.psib-psoe.org\/mallorca\/wp-content\/uploads\/Amanda-Fernandez-escut-social.mp3\"><\/audio><\/figure>\n<\/div>","protected":false},"excerpt":{"rendered":"[vc_row][vc_column][vc_column_text] La secret\u00e0ria general de la Federaci\u00f3 Socialista de Mallorca, Amanda Fern\u00e1ndez reclama mesures \u201cigualit\u00e0ries, justes i respectuoses\u201d amb els drets humans. \u201cEns posen molt dif\u00edcil poder fer suport a qualsevol cosa que impliqui acceptar les d\u00e8ries racistes de Vox, comen\u00e7ant pel ple del Consell de Mallorca, on s\u2019han anunciat mesures \u201cque vulneren les nostres&hellip;","protected":false},"author":3,"featured_media":31425,"comment_status":"closed","ping_status":"closed","sticky":false,"template":"","format":"standard","meta":{"footnotes":""},"categories":[2,1,90,92],"tags":[218,362,447,545,105,77,468,186,84],"class_list":["post-31424","post","type-post","status-publish","format-standard","has-post-thumbnail","hentry","category-federacio-de-mallorca","category-federacio-de-mallorca-portada","category-municipis","category-portada","tag-amanda-fernandez","tag-ares-fernandez","tag-bea-gamundi","tag-cataliina-cladera","tag-catalina-cladera","tag-federacio-socialista-de-mallorca","tag-iago-negueruela","tag-jaume-mateu","tag-psib-psoe"],"_links":{"self":[{"href":"https:\/\/www.psib-psoe.org\/mallorca\/wp-json\/wp\/v2\/posts\/31424"}],"collection":[{"href":"https:\/\/www.psib-psoe.org\/mallorca\/wp-json\/wp\/v2\/posts"}],"about":[{"href":"https:\/\/www.psib-psoe.org\/mallorca\/wp-json\/wp\/v2\/types\/post"}],"author":[{"embeddable":true,"href":"https:\/\/www.psib-psoe.org\/mallorca\/wp-json\/wp\/v2\/users\/3"}],"replies":[{"embeddable":true,"href":"https:\/\/www.psib-psoe.org\/mallorca\/wp-json\/wp\/v2\/comments?post=31424"}],"version-history":[{"count":1,"href":"https:\/\/www.psib-psoe.org\/mallorca\/wp-json\/wp\/v2\/posts\/31424\/revisions"}],"predecessor-version":[{"id":31427,"href":"https:\/\/www.psib-psoe.org\/mallorca\/wp-json\/wp\/v2\/posts\/31424\/revisions\/31427"}],"wp:featuredmedia":[{"embeddable":true,"href":"https:\/\/www.psib-psoe.org\/mallorca\/wp-json\/wp\/v2\/media\/31425"}],"wp:attachment":[{"href":"https:\/\/www.psib-psoe.org\/mallorca\/wp-json\/wp\/v2\/media?parent=31424"}],"wp:term":[{"taxonomy":"category","embeddable":true,"href":"https:\/\/www.psib-psoe.org\/mallorca\/wp-json\/wp\/v2\/categories?post=31424"},{"taxonomy":"post_tag","embeddable":true,"href":"https:\/\/www.psib-psoe.org\/mallorca\/wp-json\/wp\/v2\/tags?post=31424"}],"curies":[{"name":"wp","href":"https:\/\/api.w.org\/{rel}","templated":true}]}}