{"id":31428,"date":"2026-04-27T17:06:03","date_gmt":"2026-04-27T15:06:03","guid":{"rendered":"https:\/\/www.psib-psoe.org\/mallorca\/?p=31428"},"modified":"2026-04-27T17:06:05","modified_gmt":"2026-04-27T15:06:05","slug":"ppvox-al-consell-vol-aprovar-les-mesures-racistes-descut-social-en-un-ple-extraordinari-convocat-per-dema-dimarts","status":"publish","type":"post","link":"https:\/\/www.psib-psoe.org\/mallorca\/ppvox-al-consell-vol-aprovar-les-mesures-racistes-descut-social-en-un-ple-extraordinari-convocat-per-dema-dimarts\/","title":{"rendered":"PPVox al Consell vol aprovar les mesures racistes d\u2019escut social en un ple extraordinari convocat per dem\u00e0 dimarts."},"content":{"rendered":"<div class=\"wpb-content-wrapper\">\n<figure class=\"wp-block-image size-full is-resized\"><img loading=\"lazy\" decoding=\"async\" width=\"1600\" height=\"900\" src=\"https:\/\/www.psib-psoe.org\/mallorca\/wp-content\/uploads\/Ple-120226-2-edited.jpeg\" alt=\"\" class=\"wp-image-31429\" style=\"width:771px;height:auto\" srcset=\"https:\/\/www.psib-psoe.org\/mallorca\/wp-content\/uploads\/Ple-120226-2-edited.jpeg 1600w, https:\/\/www.psib-psoe.org\/mallorca\/wp-content\/uploads\/Ple-120226-2-edited-300x169.jpeg 300w, https:\/\/www.psib-psoe.org\/mallorca\/wp-content\/uploads\/Ple-120226-2-edited-1024x576.jpeg 1024w, https:\/\/www.psib-psoe.org\/mallorca\/wp-content\/uploads\/Ple-120226-2-edited-768x432.jpeg 768w, https:\/\/www.psib-psoe.org\/mallorca\/wp-content\/uploads\/Ple-120226-2-edited-1536x864.jpeg 1536w, https:\/\/www.psib-psoe.org\/mallorca\/wp-content\/uploads\/Ple-120226-2-edited-20x11.jpeg 20w, https:\/\/www.psib-psoe.org\/mallorca\/wp-content\/uploads\/Ple-120226-2-edited-150x84.jpeg 150w, https:\/\/www.psib-psoe.org\/mallorca\/wp-content\/uploads\/Ple-120226-2-edited-600x338.jpeg 600w, https:\/\/www.psib-psoe.org\/mallorca\/wp-content\/uploads\/Ple-120226-2-edited-900x506.jpeg 900w\" sizes=\"(max-width: 1600px) 100vw, 1600px\" \/><\/figure>\n\n\n[vc_row][vc_column][vc_column_text]\n<p><em><u> La Comissi\u00f3 Informativa extraordin\u00e0ria i urgent d\u2019aquest mateix horabaixa a les 18:30 fixar\u00e0 l\u2019ordre del dia del ple de dem\u00e0, amb un seguit de mesures socials que queden supeditades a l\u2019exig\u00e8ncia dels ultres de Vox per demanar 5 anys de resid\u00e8ncia acreditada a Mallorca com a requisit d\u2019acc\u00e9s a les ajudes. El Grup Socialista al Consell reclama que s\u2019elimini qualsevol vestigi racista i xen\u00f2fob que condicioni les mesures. Al mateix temps recorda que dins de la modificaci\u00f3 de cr\u00e8dit per dotar l\u2019escut social l\u2019equip de govern hi ha incl\u00f2s partides que es destinen a despesa social, per\u00f2 que no suposen ajudes urgents per pal\u00b7liar la crisi de preus causada per la situaci\u00f3 de guerra a l\u2019Orient Mitj\u00e0.<br \/>\n <\/u><\/em><\/p>\n[\/vc_column_text][\/vc_column][\/vc_row]\n\n\n[vc_row][vc_column][vc_column_text]\n<p>La Comissi\u00f3 Informativa urgent d\u2019avui horabaixa a les 18:30 hores dictaminar\u00e0 l\u2019ordre del dia del ple extraordinari que el Consell de Mallorca ha convocat per dem\u00e0, amb l\u2019\u00fanica intenci\u00f3 d\u2019aprovar les mesures d\u2019escut social per a la ciutadania. Hores d\u2019ara, l\u2019equip de govern fa comptes d\u2019incloure el requisit d\u2019acreditar 5 anys de resid\u00e8ncia continuada a Mallorca per accedir a les ajudes, un fet que far\u00e0 \u201cmolt dif\u00edcil\u201d que el Grup Socialista pugui donar suport a la iniciativa. <\/p>\n<p>De fet, el Grup Socialista ha presentat en diverses ocasions durant el darrer mes i mig, un seguit de propostes per bastir un escut social real per a la poblaci\u00f3 de Mallorca que realment necessita ajuda. Aquest mat\u00ed la secret\u00e0ria general del PSIB, Amanda Fern\u00e0ndez, ha presentat al Govern un paquet de mesures socials per completar un escut de protecci\u00f3 que arribi a tota la ciutadania de les Illes Balears, en el decurs d\u2019una reuni\u00f3 amb la consellera de Fam\u00edlies, Benestar Social i Atenci\u00f3 a la Depend\u00e8ncia, Sandra Fern\u00e1ndez. <\/p>\n<p>En canvi, Galm\u00e9s no ha mostrat la mateixa actitud de cara a la resta de partits de l\u2019oposici\u00f3, i tot i haver-ho anunciat el passat 31 de mar\u00e7 en el seu discurs del Debat de Pol\u00edtica General de Mallorca, en tot aquest temps no s\u2019ha reunit amb el Grup Socialista per con\u00e8ixer les propostes plantejades. <\/p>\n<p>L\u2019anunci del passat divendres per incorporar les exig\u00e8ncies de Vox dins de les mesures d\u2019escut social suposa l\u2019acceptaci\u00f3 del racisme institucional que discrimina els ciutadans en funci\u00f3 de la seva proced\u00e8ncia i del seu nivell de renda, ja que condemna a persones residents a no poder accedir a cap dels programes d\u2019ajudes malgrat que ho necessitin.<br \/>\nEl Grup Socialista ha reiterat la voluntat de di\u00e0leg si el Govern rectifica i abandona les tesis xen\u00f2fobes de Vox. No obstant aix\u00f2, el paquet de mesures que es doten amb la modificaci\u00f3 de cr\u00e8dit per incorporar romanents arriba als 21,5 milions d\u2019euros, molt enfora dels 84 milions que va anunciar Galm\u00e9s.  La difer\u00e8ncia \u00e9s que l\u2019equip de govern computa com a ajudes de l\u2019escut social partides econ\u00f2miques que ja es troben acreditades en el pressupost del Consell de Mallorca 2026, per a inversions, per la qual cosa no suposen una acci\u00f3 d\u2019emerg\u00e8ncia sobrevinguda, sin\u00f3 el maquillatge comptable d\u2019una s\u00e8rie de partides ja compromeses. <\/p>\n<p>Des del Grup Socialista tamb\u00e9 s\u2019alerta que fins i tot algunes de les mesures que Galm\u00e9s anomena d\u2019escut social, s\u00f3n en realitat despesa social, com les reformes a la Llar d\u2019Ancians, l\u2019aportaci\u00f3 econ\u00f2mica a l\u2019IMAS per resid\u00e8ncies de gent gran municipal, o a les places de discapacitat. PPVox usa la situaci\u00f3 econ\u00f2mica que genera la guerra a l\u2019Orient Mitj\u00e0 com a excusa per fer passar com a escut social despeses que no ho s\u00f3n. <\/p>\n[\/vc_column_text][\/vc_column][\/vc_row]\n\n\n\n<p><\/p>\n<\/div>","protected":false},"excerpt":{"rendered":"[vc_row][vc_column][vc_column_text] La Comissi\u00f3 Informativa extraordin\u00e0ria i urgent d\u2019aquest mateix horabaixa a les 18:30 fixar\u00e0 l\u2019ordre del dia del ple de dem\u00e0, amb un seguit de mesures socials que queden supeditades a l\u2019exig\u00e8ncia dels ultres de Vox per demanar 5 anys de resid\u00e8ncia acreditada a Mallorca com a requisit d\u2019acc\u00e9s a les ajudes. El Grup Socialista&hellip;","protected":false},"author":3,"featured_media":31429,"comment_status":"closed","ping_status":"closed","sticky":false,"template":"","format":"standard","meta":{"footnotes":""},"categories":[2,1,90,92],"tags":[218,362,447,545,105,77,468,186,600,84],"class_list":["post-31428","post","type-post","status-publish","format-standard","has-post-thumbnail","hentry","category-federacio-de-mallorca","category-federacio-de-mallorca-portada","category-municipis","category-portada","tag-amanda-fernandez","tag-ares-fernandez","tag-bea-gamundi","tag-cataliina-cladera","tag-catalina-cladera","tag-federacio-socialista-de-mallorca","tag-iago-negueruela","tag-jaume-mateu","tag-joana-maria-adrover","tag-psib-psoe"],"_links":{"self":[{"href":"https:\/\/www.psib-psoe.org\/mallorca\/wp-json\/wp\/v2\/posts\/31428"}],"collection":[{"href":"https:\/\/www.psib-psoe.org\/mallorca\/wp-json\/wp\/v2\/posts"}],"about":[{"href":"https:\/\/www.psib-psoe.org\/mallorca\/wp-json\/wp\/v2\/types\/post"}],"author":[{"embeddable":true,"href":"https:\/\/www.psib-psoe.org\/mallorca\/wp-json\/wp\/v2\/users\/3"}],"replies":[{"embeddable":true,"href":"https:\/\/www.psib-psoe.org\/mallorca\/wp-json\/wp\/v2\/comments?post=31428"}],"version-history":[{"count":1,"href":"https:\/\/www.psib-psoe.org\/mallorca\/wp-json\/wp\/v2\/posts\/31428\/revisions"}],"predecessor-version":[{"id":31430,"href":"https:\/\/www.psib-psoe.org\/mallorca\/wp-json\/wp\/v2\/posts\/31428\/revisions\/31430"}],"wp:featuredmedia":[{"embeddable":true,"href":"https:\/\/www.psib-psoe.org\/mallorca\/wp-json\/wp\/v2\/media\/31429"}],"wp:attachment":[{"href":"https:\/\/www.psib-psoe.org\/mallorca\/wp-json\/wp\/v2\/media?parent=31428"}],"wp:term":[{"taxonomy":"category","embeddable":true,"href":"https:\/\/www.psib-psoe.org\/mallorca\/wp-json\/wp\/v2\/categories?post=31428"},{"taxonomy":"post_tag","embeddable":true,"href":"https:\/\/www.psib-psoe.org\/mallorca\/wp-json\/wp\/v2\/tags?post=31428"}],"curies":[{"name":"wp","href":"https:\/\/api.w.org\/{rel}","templated":true}]}}