{"id":31432,"date":"2026-04-28T17:47:10","date_gmt":"2026-04-28T15:47:10","guid":{"rendered":"https:\/\/www.psib-psoe.org\/mallorca\/?p=31432"},"modified":"2026-04-28T17:47:13","modified_gmt":"2026-04-28T15:47:13","slug":"el-grup-socialista-alerta-de-la-possible-illegalitat-de-lescut-racial-imposat-per-vox-i-assumit-pel-pp-al-consell-de-mallorca","status":"publish","type":"post","link":"https:\/\/www.psib-psoe.org\/mallorca\/el-grup-socialista-alerta-de-la-possible-illegalitat-de-lescut-racial-imposat-per-vox-i-assumit-pel-pp-al-consell-de-mallorca\/","title":{"rendered":"El Grup Socialista alerta de la possible il\u00b7legalitat de \u201cl\u2019escut racial\u201d imposat per Vox i assumit pel PP al Consell de Mallorca."},"content":{"rendered":"<div class=\"wpb-content-wrapper\">\n<figure class=\"wp-block-image size-full is-resized\"><img loading=\"lazy\" decoding=\"async\" width=\"800\" height=\"533\" src=\"https:\/\/www.psib-psoe.org\/mallorca\/wp-content\/uploads\/Cladera-ple-extr-280426-edited-1.jpeg\" alt=\"\" class=\"wp-image-31435\" style=\"width:771px;height:auto\" srcset=\"https:\/\/www.psib-psoe.org\/mallorca\/wp-content\/uploads\/Cladera-ple-extr-280426-edited-1.jpeg 800w, https:\/\/www.psib-psoe.org\/mallorca\/wp-content\/uploads\/Cladera-ple-extr-280426-edited-1-300x200.jpeg 300w, https:\/\/www.psib-psoe.org\/mallorca\/wp-content\/uploads\/Cladera-ple-extr-280426-edited-1-768x512.jpeg 768w, https:\/\/www.psib-psoe.org\/mallorca\/wp-content\/uploads\/Cladera-ple-extr-280426-edited-1-150x100.jpeg 150w, https:\/\/www.psib-psoe.org\/mallorca\/wp-content\/uploads\/Cladera-ple-extr-280426-edited-1-600x400.jpeg 600w, https:\/\/www.psib-psoe.org\/mallorca\/wp-content\/uploads\/Cladera-ple-extr-280426-edited-1-20x13.jpeg 20w\" sizes=\"(max-width: 800px) 100vw, 800px\" \/><\/figure>\n\n\n[vc_row][vc_column][vc_column_text]\n<p><em><u> El rodet de PPVox aprova al Consell, amb l\u2019oposici\u00f3 del Grup Socialista, un sistema d\u2019ajudes socials condicionades a qu\u00e8 els beneficiaris demostrin cinc anys de resid\u00e8ncia continuada a Mallorca. El Grup Socialista denuncia que aquest requisit vulnera principis b\u00e0sics d\u2019igualtat i pot contradir la normativa estatal i europea. La portaveu socialista, Catalina Cladera, acusa Galm\u00e9s de submissi\u00f3 a les exig\u00e8ncies de Vox i d\u2019abandonar les fam\u00edlies que m\u00e9s pateixen l\u2019al\u00e7a de preus, persones amb feina a Mallorca i que contribueixen a l\u2019economia i la societat mallorquina, per\u00f2 que quedaran com a \u201dciutadans de segona\u201d per no poder accedir a les ajudes.<br \/>\n <\/u><\/em><\/p>\n[\/vc_column_text][\/vc_column][\/vc_row]\n\n\n[vc_row][vc_column][vc_column_text]\n<p>El Grup Socialista al Consell de Mallorca ha advertit avui que el nou sistema d\u2019ajudes socials anunciat pel govern insular, que exigeix cinc anys de resid\u00e8ncia continuada a Mallorca per poder-hi accedir, podria inc\u00f3rrer en il\u00b7legalitat i vulnerar els principis d\u2019igualtat i no discriminaci\u00f3 recollits en la legislaci\u00f3 vigent. La portaveu socialista, Catalina Cladera, ha qualificat aquesta mesura com \u201cun escut racial imposat per Vox i assumit sense cap resist\u00e8ncia pel PP\u201d.<\/p>\n<p>Cladera ha recordat que aquestes ajudes havien de servir per pal\u00b7liar l\u2019impacte de l\u2019al\u00e7a de preus derivada de la guerra a l\u2019Orient Mitj\u00e0, especialment en productes b\u00e0sics, la cistella de la compra i l\u2019energia, per a les persones amb manco ingressos i per tant en situaci\u00f3 de vulnerabilitat. \u201cEl que havia de ser un escut social per protegir les fam\u00edlies de Mallorca s\u2019ha convertit en un filtre ideol\u00f2gic que exclou precisament qui m\u00e9s ho necessita\u201d, ha afirmat.<\/p>\n<p>La portaveu socialista ha remarcat que el seu grup \u201cdubta de la legalitat\u201d del requisit imposat pel govern insular i ha anunciat que \u201cestudiarem accions legals en relaci\u00f3 amb aquesta discriminaci\u00f3 i exclusi\u00f3 social que s\u2019est\u00e0 fent per aplicar la prioritat nacional\u201d. Segons Cladera, el PP ha retardat deliberadament la tramitaci\u00f3 de l\u2019expedient: \u201cAquesta urg\u00e8ncia arriba tard. Galm\u00e9s ja ho va anunciar en el debat de pol\u00edtica general fa un mes i, en lloc d\u2019actuar, han estat enredant en la negociaci\u00f3 amb els seus socis de govern per satisfer la prioritat d\u2019Abascal i els pactes de PP i Vox a Extremadura i Arag\u00f3\u201d.<\/p>\n<p>Cladera ha denunciat que el president del Consell \u201cha renunciat a aplicar les mesures socials que ell mateix va anunciar perqu\u00e8 prefereix obeir les l\u00ednies vermelles de Vox abans que complir amb la seva obligaci\u00f3 de governar per a tothom\u201d. Ha afegit que \u201cel contingut del que aprovem \u00e9s una aberraci\u00f3 que m\u00e9s valdria que no es fes\u201d. La portaveu socialista ha insistit que el seu grup havia ofert al govern insular un acord per aprovar un paquet de mesures socials \u00e0mplies i efectives, \u201cper\u00f2 Galm\u00e9s ha preferit el xantatge de l\u2019extrema dreta a la m\u00e0 estesa de l\u2019esquerra\u201d.<\/p>\n<p>\u201cNo permetrem que el Consell de Mallorca es converteixi en un laboratori de pol\u00edtiques excloents. Les ajudes socials han de ser per a les persones que les necessiten, no per a les que compleixen els criteris ideol\u00f2gics de Vox\u201d, ha dit Cladera. El Grup Socialista s\u2019ha oposat a la modificaci\u00f3 de cr\u00e8dit de m\u00e9s de 22 milions d\u2019euros, per dotar pressupost\u00e0riament el cost de les ajudes, at\u00e8s que ni el conseller Bosch i molt manco Galm\u00e9s han aportat a l\u2019expedient cap informe jur\u00eddic que pugui avalar la mesura. <\/p>\n[\/vc_column_text][\/vc_column][\/vc_row]\n\n\n\n<p><\/p>\n<\/div>","protected":false},"excerpt":{"rendered":"[vc_row][vc_column][vc_column_text] El rodet de PPVox aprova al Consell, amb l\u2019oposici\u00f3 del Grup Socialista, un sistema d\u2019ajudes socials condicionades a qu\u00e8 els beneficiaris demostrin cinc anys de resid\u00e8ncia continuada a Mallorca. El Grup Socialista denuncia que aquest requisit vulnera principis b\u00e0sics d\u2019igualtat i pot contradir la normativa estatal i europea. La portaveu socialista, Catalina Cladera, acusa&hellip;","protected":false},"author":3,"featured_media":31433,"comment_status":"closed","ping_status":"closed","sticky":false,"template":"","format":"standard","meta":{"footnotes":""},"categories":[2,1,90,92],"tags":[218,362,447,545,105,77,468,186,600,84],"class_list":["post-31432","post","type-post","status-publish","format-standard","has-post-thumbnail","hentry","category-federacio-de-mallorca","category-federacio-de-mallorca-portada","category-municipis","category-portada","tag-amanda-fernandez","tag-ares-fernandez","tag-bea-gamundi","tag-cataliina-cladera","tag-catalina-cladera","tag-federacio-socialista-de-mallorca","tag-iago-negueruela","tag-jaume-mateu","tag-joana-maria-adrover","tag-psib-psoe"],"_links":{"self":[{"href":"https:\/\/www.psib-psoe.org\/mallorca\/wp-json\/wp\/v2\/posts\/31432"}],"collection":[{"href":"https:\/\/www.psib-psoe.org\/mallorca\/wp-json\/wp\/v2\/posts"}],"about":[{"href":"https:\/\/www.psib-psoe.org\/mallorca\/wp-json\/wp\/v2\/types\/post"}],"author":[{"embeddable":true,"href":"https:\/\/www.psib-psoe.org\/mallorca\/wp-json\/wp\/v2\/users\/3"}],"replies":[{"embeddable":true,"href":"https:\/\/www.psib-psoe.org\/mallorca\/wp-json\/wp\/v2\/comments?post=31432"}],"version-history":[{"count":1,"href":"https:\/\/www.psib-psoe.org\/mallorca\/wp-json\/wp\/v2\/posts\/31432\/revisions"}],"predecessor-version":[{"id":31436,"href":"https:\/\/www.psib-psoe.org\/mallorca\/wp-json\/wp\/v2\/posts\/31432\/revisions\/31436"}],"wp:featuredmedia":[{"embeddable":true,"href":"https:\/\/www.psib-psoe.org\/mallorca\/wp-json\/wp\/v2\/media\/31433"}],"wp:attachment":[{"href":"https:\/\/www.psib-psoe.org\/mallorca\/wp-json\/wp\/v2\/media?parent=31432"}],"wp:term":[{"taxonomy":"category","embeddable":true,"href":"https:\/\/www.psib-psoe.org\/mallorca\/wp-json\/wp\/v2\/categories?post=31432"},{"taxonomy":"post_tag","embeddable":true,"href":"https:\/\/www.psib-psoe.org\/mallorca\/wp-json\/wp\/v2\/tags?post=31432"}],"curies":[{"name":"wp","href":"https:\/\/api.w.org\/{rel}","templated":true}]}}