{"id":31438,"date":"2026-04-30T17:11:27","date_gmt":"2026-04-30T15:11:27","guid":{"rendered":"https:\/\/www.psib-psoe.org\/mallorca\/?p=31438"},"modified":"2026-04-30T17:11:30","modified_gmt":"2026-04-30T15:11:30","slug":"els-socialistes-de-soller-demanen-la-retirada-del-nou-punt-verd-previst-a-son-angelats-i-que-el-solar-es-destini-a-habitatge-public-protegit","status":"publish","type":"post","link":"https:\/\/www.psib-psoe.org\/mallorca\/els-socialistes-de-soller-demanen-la-retirada-del-nou-punt-verd-previst-a-son-angelats-i-que-el-solar-es-destini-a-habitatge-public-protegit\/","title":{"rendered":"Els Socialistes de S\u00f3ller demanen la retirada del nou punt verd previst a Son Angelats i que el solar es destini a habitatge p\u00fablic protegit"},"content":{"rendered":"<div class=\"wpb-content-wrapper\">\n<figure class=\"wp-block-image size-full is-resized\"><img loading=\"lazy\" decoding=\"async\" width=\"2048\" height=\"1536\" src=\"https:\/\/www.psib-psoe.org\/mallorca\/wp-content\/uploads\/300426_Nou-Punt-Verd-Son-Angelats.jpeg\" alt=\"\" class=\"wp-image-31439\" style=\"width:771px;height:auto\" srcset=\"https:\/\/www.psib-psoe.org\/mallorca\/wp-content\/uploads\/300426_Nou-Punt-Verd-Son-Angelats.jpeg 2048w, https:\/\/www.psib-psoe.org\/mallorca\/wp-content\/uploads\/300426_Nou-Punt-Verd-Son-Angelats-300x225.jpeg 300w, https:\/\/www.psib-psoe.org\/mallorca\/wp-content\/uploads\/300426_Nou-Punt-Verd-Son-Angelats-1024x768.jpeg 1024w, https:\/\/www.psib-psoe.org\/mallorca\/wp-content\/uploads\/300426_Nou-Punt-Verd-Son-Angelats-768x576.jpeg 768w, https:\/\/www.psib-psoe.org\/mallorca\/wp-content\/uploads\/300426_Nou-Punt-Verd-Son-Angelats-1536x1152.jpeg 1536w, https:\/\/www.psib-psoe.org\/mallorca\/wp-content\/uploads\/300426_Nou-Punt-Verd-Son-Angelats-150x113.jpeg 150w, https:\/\/www.psib-psoe.org\/mallorca\/wp-content\/uploads\/300426_Nou-Punt-Verd-Son-Angelats-600x450.jpeg 600w, https:\/\/www.psib-psoe.org\/mallorca\/wp-content\/uploads\/300426_Nou-Punt-Verd-Son-Angelats-900x675.jpeg 900w, https:\/\/www.psib-psoe.org\/mallorca\/wp-content\/uploads\/300426_Nou-Punt-Verd-Son-Angelats-20x16.jpeg 20w\" sizes=\"(max-width: 2048px) 100vw, 2048px\" \/><\/figure>\n\n\n[vc_row][vc_column][vc_column_text]\n<p><em><u> Jaume Mateu ha criticat que la proposta de l\u2019Ajuntament \u201cva en contra de la normativa prevista per al pol\u00edgon, suposa la pitjor alternativa possible i afectar\u00e0 negativament els habitatges adjacents\u201d<br \/>\n <\/u><\/em><\/p>\n[\/vc_column_text][\/vc_column][\/vc_row]\n\n\n[vc_row][vc_column][vc_column_text]\n<p>El secretari general de l\u2019Agrupaci\u00f3 Socialista de S\u00f3ller i portaveu a l\u2019Ajuntament, Jaume Mateu, ha registrat al\u00b7legacions a l\u2019estudi ambiental de la proposta de modificaci\u00f3 del Pla General per autoritzar un nou punt verd al solar del pol\u00edgon de Son Angelats. <\/p>\n<p>Tal com ja van denunciar els ve\u00efnats i ve\u00efnades de la zona, hi ha alternatives millors que la plantejada pel batle, perqu\u00e8 aquest punt verd va en contra del que preveia la normativa per al conjunt del pol\u00edgon de Son Angelats, inclou un estudi d\u2019alternatives sense cap fonament i compta amb un impacte negatiu real sobre els habitatges propers al solar.<\/p>\n<p>En concret, Mateu ha defensat que la zonificaci\u00f3 prevista al Pla General per al Pol\u00edgon de Son Angelats separava clarament l\u2019\u00e0mbit en dues zones diferenciades: a la zona propera a la carretera de Dei\u00e0, i prop dels habitatges, s\u2019hi ubicaven les zones residencials i els equipaments administratius o esportius. I a la zona sud, m\u00e9s allunyada, tota la zona industrial. Tot plegat, amb una clara intenci\u00f3 d\u2019allunyar, el m\u00e0xim possible, la zona industrial dels habitatges existents.<\/p>\n<p>Amb el canvi que promou l\u2019Ajuntament, aquest principi queda alterat, ja que el solar on es vol posar el punt verd estava pensat per tenir un \u00fas d\u2019equipament administratiu, o similar, com era el cas del quarter de la gu\u00e0rdia civil. Amb la nova proposta del consistori quedar\u00e0 assimilat com un \u00fas industrial, molt proper als habitatges existents, i per tant allunyat del criteri original que motiv\u00e0 la creaci\u00f3 del pol\u00edgon i que servia per separar els diferents usos de forma adequada.<\/p>\n<p>Pel que fa a l\u2019estudi d\u2019alternatives, queda evidenciat, en l\u2019estudi ambiental que \u00e9s objecte d\u2019exposici\u00f3 p\u00fablica, que cap alternativa \u00e9s millor que deixar la situaci\u00f3 com est\u00e0 ara: amb una deixalleria autoritzada que ja funciona dins el pol\u00edgon, i de la que l\u2019\u00fanica dificultat que s\u2019hi dona \u00e9s que \u00e9s de titularitat privada. Un argument que no t\u00e9 cap validesa a nivell d\u2019impacte ambiental per justificar crear una nova infraestructura com la que ja existeix dins la mateixa zona.<\/p>\n<p>A m\u00e9s a m\u00e9s, el mateix estudi reconeix que els habitatges propers es veuran afectats negativament i de forma important, en termes de renou, males olors, increment del tr\u00e0nsit i possibles abocaments de residus que poden afectar el subsol.<\/p>\n<p>Per tot plegat, el portaveu socialista ha demanat una vegada m\u00e9s a l\u2019Ajuntament que retiri la proposta feta, i que, tal com ja han proposat, es destini el solar on es vol fer el punt verd a fer-hi habitatge p\u00fablic protegit, \u201cdonant als terrenys un \u00fas m\u00e9s adequat i que permet pal\u00b7liar un dels principals problemes que t\u00e9 el nostre municipi, com \u00e9s la dificultat per accedir a un habitatge, i tenint en compte que ja existeix una deixalleria\u201d.<\/p>\n<p>El projecte proposat pel batle \u00e9s, a criteri de Mateu, \u201cuna mostra m\u00e9s de la improvisaci\u00f3 d\u2019aquest equip de govern, de la seva desconnexi\u00f3 amb el carrer i de la seva capacitat de crear problemes on no n\u2019hi havia, com ha estat el cas de Teixidores\u201d. En aquest sentit, ha concl\u00f2s que \u201cel batle nom\u00e9s encerta quan rectifica, i en aquest cas, encara hi \u00e9s a temps\u201d. <\/p>\n[\/vc_column_text][\/vc_column][\/vc_row]\n\n\n\n<p><\/p>\n<\/div>","protected":false},"excerpt":{"rendered":"[vc_row][vc_column][vc_column_text] Jaume Mateu ha criticat que la proposta de l\u2019Ajuntament \u201cva en contra de la normativa prevista per al pol\u00edgon, suposa la pitjor alternativa possible i afectar\u00e0 negativament els habitatges adjacents\u201d [\/vc_column_text][\/vc_column][\/vc_row] [vc_row][vc_column][vc_column_text] El secretari general de l\u2019Agrupaci\u00f3 Socialista de S\u00f3ller i portaveu a l\u2019Ajuntament, Jaume Mateu, ha registrat al\u00b7legacions a l\u2019estudi ambiental de la&hellip;","protected":false},"author":4,"featured_media":31439,"comment_status":"closed","ping_status":"closed","sticky":false,"template":"","format":"standard","meta":{"footnotes":""},"categories":[2,1,90,92],"tags":[218,362,77,186,84,566,675],"class_list":["post-31438","post","type-post","status-publish","format-standard","has-post-thumbnail","hentry","category-federacio-de-mallorca","category-federacio-de-mallorca-portada","category-municipis","category-portada","tag-amanda-fernandez","tag-ares-fernandez","tag-federacio-socialista-de-mallorca","tag-jaume-mateu","tag-psib-psoe","tag-soller-2","tag-son-angelats"],"_links":{"self":[{"href":"https:\/\/www.psib-psoe.org\/mallorca\/wp-json\/wp\/v2\/posts\/31438"}],"collection":[{"href":"https:\/\/www.psib-psoe.org\/mallorca\/wp-json\/wp\/v2\/posts"}],"about":[{"href":"https:\/\/www.psib-psoe.org\/mallorca\/wp-json\/wp\/v2\/types\/post"}],"author":[{"embeddable":true,"href":"https:\/\/www.psib-psoe.org\/mallorca\/wp-json\/wp\/v2\/users\/4"}],"replies":[{"embeddable":true,"href":"https:\/\/www.psib-psoe.org\/mallorca\/wp-json\/wp\/v2\/comments?post=31438"}],"version-history":[{"count":1,"href":"https:\/\/www.psib-psoe.org\/mallorca\/wp-json\/wp\/v2\/posts\/31438\/revisions"}],"predecessor-version":[{"id":31440,"href":"https:\/\/www.psib-psoe.org\/mallorca\/wp-json\/wp\/v2\/posts\/31438\/revisions\/31440"}],"wp:featuredmedia":[{"embeddable":true,"href":"https:\/\/www.psib-psoe.org\/mallorca\/wp-json\/wp\/v2\/media\/31439"}],"wp:attachment":[{"href":"https:\/\/www.psib-psoe.org\/mallorca\/wp-json\/wp\/v2\/media?parent=31438"}],"wp:term":[{"taxonomy":"category","embeddable":true,"href":"https:\/\/www.psib-psoe.org\/mallorca\/wp-json\/wp\/v2\/categories?post=31438"},{"taxonomy":"post_tag","embeddable":true,"href":"https:\/\/www.psib-psoe.org\/mallorca\/wp-json\/wp\/v2\/tags?post=31438"}],"curies":[{"name":"wp","href":"https:\/\/api.w.org\/{rel}","templated":true}]}}