{"id":31441,"date":"2026-04-30T17:33:15","date_gmt":"2026-04-30T15:33:15","guid":{"rendered":"https:\/\/www.psib-psoe.org\/mallorca\/?p=31441"},"modified":"2026-04-30T17:33:18","modified_gmt":"2026-04-30T15:33:18","slug":"els-socialistes-de-sa-pobla-condemnen-les-pintades-i-els-atacs-al-mobiliari-urba-apareguts-a-la-localitat","status":"publish","type":"post","link":"https:\/\/www.psib-psoe.org\/mallorca\/els-socialistes-de-sa-pobla-condemnen-les-pintades-i-els-atacs-al-mobiliari-urba-apareguts-a-la-localitat\/","title":{"rendered":"Els Socialistes de sa Pobla condemnen les pintades i els atacs al mobiliari urb\u00e0 apareguts a la localitat."},"content":{"rendered":"<div class=\"wpb-content-wrapper\">\n<figure class=\"wp-block-image size-full is-style-default\"><img loading=\"lazy\" decoding=\"async\" width=\"1059\" height=\"1382\" src=\"https:\/\/www.psib-psoe.org\/mallorca\/wp-content\/uploads\/Pintades-2-1.jpeg\" alt=\"\" class=\"wp-image-31443\" srcset=\"https:\/\/www.psib-psoe.org\/mallorca\/wp-content\/uploads\/Pintades-2-1.jpeg 1059w, https:\/\/www.psib-psoe.org\/mallorca\/wp-content\/uploads\/Pintades-2-1-230x300.jpeg 230w, https:\/\/www.psib-psoe.org\/mallorca\/wp-content\/uploads\/Pintades-2-1-785x1024.jpeg 785w, https:\/\/www.psib-psoe.org\/mallorca\/wp-content\/uploads\/Pintades-2-1-768x1002.jpeg 768w, https:\/\/www.psib-psoe.org\/mallorca\/wp-content\/uploads\/Pintades-2-1-300x392.jpeg 300w, https:\/\/www.psib-psoe.org\/mallorca\/wp-content\/uploads\/Pintades-2-1-150x196.jpeg 150w, https:\/\/www.psib-psoe.org\/mallorca\/wp-content\/uploads\/Pintades-2-1-600x783.jpeg 600w, https:\/\/www.psib-psoe.org\/mallorca\/wp-content\/uploads\/Pintades-2-1-900x1175.jpeg 900w, https:\/\/www.psib-psoe.org\/mallorca\/wp-content\/uploads\/Pintades-2-1-20x26.jpeg 20w\" sizes=\"(max-width: 1059px) 100vw, 1059px\" \/><\/figure>\n\n\n[vc_row][vc_column][vc_column_text]\n<p><em><u> L\u2019Agrupaci\u00f3 Socialista de sa Pobla ha condemnat l\u2019aparici\u00f3 de senyals de circulaci\u00f3 vandalitzades i pintades ofensives que han aparegut a diversos punts de sa Pobla, despr\u00e9s de celebracions dels joves quintos de la localitat. La portaveu Xesca Mjr fa una crida al \u201crespecte i a la conviv\u00e8ncia, i de comprom\u00eds amb la llibertat\u201d.<br \/>\n[\/vc_column_text][\/vc_column][\/vc_row]\n\n\n[vc_row][vc_column][vc_column_text]\n<p>Els Socialistes de sa Pobla lamenten i condemnen la vandalitzaci\u00f3 de diversos elements del mobiliari urb\u00e0 i de la senyalitzaci\u00f3 de tr\u00e0nsit, que han aparegut amb pintades ofensives, de caire pol\u00edtic, despr\u00e9s d\u2019una celebraci\u00f3 dels quintos del poble. <\/p>\n<p>La bauxa i la llibertat d\u2019expressi\u00f3 dels joves de sa Pobla no poden derivar en actes que atempten contra el be com\u00fa. Per aquest motiu la portaveu municipal ha fet una crida al \u201crespecte i a la conviv\u00e8ncia pac\u00edfica que sempre ha prevalgut a sa Pobla i l\u2019ha convertida en un exemple d\u2019acollida i d\u2019integraci\u00f3\u201d. <\/p>\n<p>Els Socialistes lamenten que en les pintades es tornin a fer servir expressions clarament acusat\u00f2ries contra la llibertat de pensament pol\u00edtica, i que difonen posicionaments extremistes que s\u2019alineen en l\u2019argumentari de l\u2019extrema dreta. <\/p>\n[\/vc_column_text][\/vc_column][\/vc_row]\n\n\n\n<p><\/p>\n<\/div>","protected":false},"excerpt":{"rendered":"[vc_row][vc_column][vc_column_text] L\u2019Agrupaci\u00f3 Socialista de sa Pobla ha condemnat l\u2019aparici\u00f3 de senyals de circulaci\u00f3 vandalitzades i pintades ofensives que han aparegut a diversos punts de sa Pobla, despr\u00e9s de celebracions dels joves quintos de la localitat. La portaveu Xesca Mjr fa una crida al \u201crespecte i a la conviv\u00e8ncia, i de comprom\u00eds amb la llibertat\u201d. [\/vc_column_text][\/vc_column][\/vc_row]&hellip;","protected":false},"author":3,"featured_media":31443,"comment_status":"closed","ping_status":"closed","sticky":false,"template":"","format":"standard","meta":{"footnotes":""},"categories":[2,1,90,92],"tags":[608,218,362,105,77,84,146,192],"class_list":["post-31441","post","type-post","status-publish","format-standard","has-post-thumbnail","hentry","category-federacio-de-mallorca","category-federacio-de-mallorca-portada","category-municipis","category-portada","tag-agrupacio-socialista-sa-pobla","tag-amanda-fernandez","tag-ares-fernandez","tag-catalina-cladera","tag-federacio-socialista-de-mallorca","tag-psib-psoe","tag-sa-pobla","tag-xesca-mir"],"_links":{"self":[{"href":"https:\/\/www.psib-psoe.org\/mallorca\/wp-json\/wp\/v2\/posts\/31441"}],"collection":[{"href":"https:\/\/www.psib-psoe.org\/mallorca\/wp-json\/wp\/v2\/posts"}],"about":[{"href":"https:\/\/www.psib-psoe.org\/mallorca\/wp-json\/wp\/v2\/types\/post"}],"author":[{"embeddable":true,"href":"https:\/\/www.psib-psoe.org\/mallorca\/wp-json\/wp\/v2\/users\/3"}],"replies":[{"embeddable":true,"href":"https:\/\/www.psib-psoe.org\/mallorca\/wp-json\/wp\/v2\/comments?post=31441"}],"version-history":[{"count":1,"href":"https:\/\/www.psib-psoe.org\/mallorca\/wp-json\/wp\/v2\/posts\/31441\/revisions"}],"predecessor-version":[{"id":31444,"href":"https:\/\/www.psib-psoe.org\/mallorca\/wp-json\/wp\/v2\/posts\/31441\/revisions\/31444"}],"wp:featuredmedia":[{"embeddable":true,"href":"https:\/\/www.psib-psoe.org\/mallorca\/wp-json\/wp\/v2\/media\/31443"}],"wp:attachment":[{"href":"https:\/\/www.psib-psoe.org\/mallorca\/wp-json\/wp\/v2\/media?parent=31441"}],"wp:term":[{"taxonomy":"category","embeddable":true,"href":"https:\/\/www.psib-psoe.org\/mallorca\/wp-json\/wp\/v2\/categories?post=31441"},{"taxonomy":"post_tag","embeddable":true,"href":"https:\/\/www.psib-psoe.org\/mallorca\/wp-json\/wp\/v2\/tags?post=31441"}],"curies":[{"name":"wp","href":"https:\/\/api.w.org\/{rel}","templated":true}]}}