{"id":31445,"date":"2026-05-01T22:39:32","date_gmt":"2026-05-01T20:39:32","guid":{"rendered":"https:\/\/www.psib-psoe.org\/mallorca\/?p=31445"},"modified":"2026-05-01T22:39:33","modified_gmt":"2026-05-01T20:39:33","slug":"el-psib-psoe-intensifica-les-gestions-a-tots-els-nivells-per-accelerar-la-rehabilitacio-i-la-gestio-publica-del-castell-dalaro","status":"publish","type":"post","link":"https:\/\/www.psib-psoe.org\/mallorca\/el-psib-psoe-intensifica-les-gestions-a-tots-els-nivells-per-accelerar-la-rehabilitacio-i-la-gestio-publica-del-castell-dalaro\/","title":{"rendered":"El PSIB-PSOE intensifica les gestions a tots els nivells per accelerar la rehabilitaci\u00f3 i la gesti\u00f3 p\u00fablica del Castell d\u2019Alar\u00f3."},"content":{"rendered":"\n<figure class=\"wp-block-image size-full\"><img loading=\"lazy\" decoding=\"async\" width=\"1600\" height=\"1200\" src=\"https:\/\/www.psib-psoe.org\/mallorca\/wp-content\/uploads\/Reunio-delegacio.jpeg\" alt=\"\" class=\"wp-image-31446\" srcset=\"https:\/\/www.psib-psoe.org\/mallorca\/wp-content\/uploads\/Reunio-delegacio.jpeg 1600w, https:\/\/www.psib-psoe.org\/mallorca\/wp-content\/uploads\/Reunio-delegacio-300x225.jpeg 300w, https:\/\/www.psib-psoe.org\/mallorca\/wp-content\/uploads\/Reunio-delegacio-1024x768.jpeg 1024w, https:\/\/www.psib-psoe.org\/mallorca\/wp-content\/uploads\/Reunio-delegacio-768x576.jpeg 768w, https:\/\/www.psib-psoe.org\/mallorca\/wp-content\/uploads\/Reunio-delegacio-1536x1152.jpeg 1536w, https:\/\/www.psib-psoe.org\/mallorca\/wp-content\/uploads\/Reunio-delegacio-150x113.jpeg 150w, https:\/\/www.psib-psoe.org\/mallorca\/wp-content\/uploads\/Reunio-delegacio-600x450.jpeg 600w, https:\/\/www.psib-psoe.org\/mallorca\/wp-content\/uploads\/Reunio-delegacio-900x675.jpeg 900w, https:\/\/www.psib-psoe.org\/mallorca\/wp-content\/uploads\/Reunio-delegacio-20x16.jpeg 20w\" sizes=\"(max-width: 1600px) 100vw, 1600px\" \/><\/figure>\n\n\n\n<p><em><u>Els socialistes reclamen una cessi\u00f3 estable dels terrenys de l\u2019Estat i l\u2019impuls definitiu dels tr\u00e0mits pendents per garantir una intervenci\u00f3 p\u00fablica que benefici\u00ef tota la ciutadania de Mallorca. El Delegat del Govern, Alfonso Rodr\u00edguez, el senador Jos\u00e9 Hila, i el secretari general de l\u2019Agrupaci\u00f3 Socialista d\u2019Alar\u00f3, Andreu Vidal, coincideixen en la import\u00e0ncia de fer feina en conjunt per aconseguir agilitar la rehabilitaci\u00f3 del conjunt monumental.<\/u><\/em><\/p>\n\n\n\n<p>El PSIB-PSOE ha refor\u00e7at en els darrers dies les gestions institucionals per desbloquejar i accelerar els tr\u00e0mits administratius necessaris per a la rehabilitaci\u00f3 del Castell d\u2019Alar\u00f3, una de les fites patrimonials m\u00e9s emblem\u00e0tiques de Mallorca. En aquest marc, el delegat del Govern, Alfonso Rodr\u00edguez, i el secretari general de l\u2019Agrupaci\u00f3 Socialista d\u2019Alar\u00f3, Andreu Vidal, han mantingut una trobada de treball a la Delegaci\u00f3 del Govern per analitzar l\u2019estat actual del procediment i les passes que encara resten pendents.<\/p>\n\n\n\n<p>La principal preocupaci\u00f3 dels socialistes se centra en la necessitat que la cessi\u00f3 temporal de la finca on s\u2019ubiquen les restes del Castell tingui una durada suficientment llarga per permetre que les obres de rehabilitaci\u00f3 que han d\u2019impulsar l\u2019Ajuntament d\u2019Alar\u00f3 i el Consell de Mallorca puguin executar-se amb garanties i, sobretot, que el resultat final pugui ser gaudit per tota la ciutadania de Mallorca, amb una gesti\u00f3 p\u00fablica de l\u2019entorn que en garanteixi el manteniment, i l\u2019acc\u00e9s &nbsp;la posada en valor del Castell roquer.<\/p>\n\n\n\n<p>Actualment, encara s\u2019ha d\u2019aclarir la delimitaci\u00f3 exacta de la finca, at\u00e8s que la titularitat de l\u2019Estat col\u00b7lideix amb la propietat privada. En aquest sentit, Vidal ha recordat que tamb\u00e9 resta oberta la via de la compra directa dels terrenys privats mitjan\u00e7ant els fons de l\u2019Impost del Turisme Sostenible (ITS), una opci\u00f3 que permetria assegurar la gesti\u00f3 p\u00fablica integral de l\u2019espai. Vidal ha remarcat que \u201cqualsevol esfor\u00e7 per aconseguir la rehabilitaci\u00f3 del Castell \u00e9s poc, i no importa el color pol\u00edtic si al final s\u2019aconsegueix entre tots aquest objectiu com\u00fa\u201d, al temps que s\u2019ha posat a disposici\u00f3 de les diferents institucions i entitats de la societat civil, com l\u2019Associaci\u00f3 local Al-Rum.<\/p>\n\n\n\n<p>El comprom\u00eds socialista tamb\u00e9 s\u2019ha fet visible a les Corts. A la darrera sessi\u00f3 de la Comissi\u00f3 Mixta d\u2019Insularitat, el senador del PSOE, Jos\u00e9 Hila, s\u2019ha posicionat favorablement a la cessi\u00f3 de la part del Castell que pertany a l\u2019Estat, tot i que \u00e9s necessari que pr\u00e8viament es puguin fer les feines de registre. El vot dels socialistes va contribuir a l\u2019aprovaci\u00f3 d\u2019una Proposici\u00f3 no de llei relativa a la conservaci\u00f3 i gesti\u00f3 p\u00fablica del Castell d\u2019Alar\u00f3, refor\u00e7ant aix\u00ed la demanda d\u2019una actuaci\u00f3 coordinada i decidida entre totes les administracions.<\/p>\n\n\n\n<p>El PSIB-PSOE reafirma que continuar\u00e0 treballant a tots els nivells institucionals perqu\u00e8 el Castell d\u2019Alar\u00f3 assoleixi la protecci\u00f3, la gesti\u00f3 i la rehabilitaci\u00f3 que mereix.<\/p>\n","protected":false},"excerpt":{"rendered":"<p>Els socialistes reclamen una cessi\u00f3 estable dels terrenys de l\u2019Estat i l\u2019impuls definitiu dels tr\u00e0mits pendents per garantir una intervenci\u00f3 p\u00fablica que benefici\u00ef tota la ciutadania de Mallorca. El Delegat del Govern, Alfonso Rodr\u00edguez, el senador Jos\u00e9 Hila, i el secretari general de l\u2019Agrupaci\u00f3 Socialista d\u2019Alar\u00f3, Andreu Vidal, coincideixen en la import\u00e0ncia de fer feina&hellip;<\/p>\n","protected":false},"author":3,"featured_media":31446,"comment_status":"false","ping_status":"closed","sticky":false,"template":"","format":"standard","meta":{"footnotes":""},"categories":[89,2,1,90,92],"tags":[258,218,450,362,77,160,676,84,351],"class_list":["post-31445","post","type-post","status-publish","format-standard","has-post-thumbnail","hentry","category-consell-de-mallorca","category-federacio-de-mallorca","category-federacio-de-mallorca-portada","category-municipis","category-portada","tag-alaro","tag-amanda-fernandez","tag-andreu-vidal","tag-ares-fernandez","tag-federacio-socialista-de-mallorca","tag-mallorca","tag-omar-hernandez","tag-psib-psoe","tag-tolo-aguilar"],"_links":{"self":[{"href":"https:\/\/www.psib-psoe.org\/mallorca\/wp-json\/wp\/v2\/posts\/31445"}],"collection":[{"href":"https:\/\/www.psib-psoe.org\/mallorca\/wp-json\/wp\/v2\/posts"}],"about":[{"href":"https:\/\/www.psib-psoe.org\/mallorca\/wp-json\/wp\/v2\/types\/post"}],"author":[{"embeddable":true,"href":"https:\/\/www.psib-psoe.org\/mallorca\/wp-json\/wp\/v2\/users\/3"}],"replies":[{"embeddable":true,"href":"https:\/\/www.psib-psoe.org\/mallorca\/wp-json\/wp\/v2\/comments?post=31445"}],"version-history":[{"count":1,"href":"https:\/\/www.psib-psoe.org\/mallorca\/wp-json\/wp\/v2\/posts\/31445\/revisions"}],"predecessor-version":[{"id":31447,"href":"https:\/\/www.psib-psoe.org\/mallorca\/wp-json\/wp\/v2\/posts\/31445\/revisions\/31447"}],"wp:featuredmedia":[{"embeddable":true,"href":"https:\/\/www.psib-psoe.org\/mallorca\/wp-json\/wp\/v2\/media\/31446"}],"wp:attachment":[{"href":"https:\/\/www.psib-psoe.org\/mallorca\/wp-json\/wp\/v2\/media?parent=31445"}],"wp:term":[{"taxonomy":"category","embeddable":true,"href":"https:\/\/www.psib-psoe.org\/mallorca\/wp-json\/wp\/v2\/categories?post=31445"},{"taxonomy":"post_tag","embeddable":true,"href":"https:\/\/www.psib-psoe.org\/mallorca\/wp-json\/wp\/v2\/tags?post=31445"}],"curies":[{"name":"wp","href":"https:\/\/api.w.org\/{rel}","templated":true}]}}