{"id":31901,"date":"2026-09-02T13:14:01","date_gmt":"2026-09-02T11:14:01","guid":{"rendered":"https:\/\/www.psib-psoe.org\/mallorca\/?p=31901"},"modified":"2026-09-02T13:14:03","modified_gmt":"2026-09-02T11:14:03","slug":"el-psib-psoe-denuncia-que-lescut-racial-que-el-consell-endossa-als-ajuntaments-arriba-vuit-mesos-tard-i-incorpora-un-requisit-injustificat-de-cinc-anys-de-residencia","status":"publish","type":"post","link":"https:\/\/www.psib-psoe.org\/mallorca\/el-psib-psoe-denuncia-que-lescut-racial-que-el-consell-endossa-als-ajuntaments-arriba-vuit-mesos-tard-i-incorpora-un-requisit-injustificat-de-cinc-anys-de-residencia\/","title":{"rendered":"El PSIB-PSOE denuncia que l\u2019escut \u2018racial\u2019 que el Consell endossa als ajuntaments arriba vuit mesos tard i incorpora un requisit injustificat de cinc anys de resid\u00e8ncia."},"content":{"rendered":"<div class=\"wpb-content-wrapper\">\n<figure class=\"wp-block-image size-full is-resized\"><img loading=\"lazy\" decoding=\"async\" width=\"1170\" height=\"1170\" src=\"https:\/\/www.psib-psoe.org\/mallorca\/wp-content\/uploads\/Sofia-Alonso-declaracions-edited.jpeg\" alt=\"\" class=\"wp-image-31902\" style=\"width:771px;height:auto\" srcset=\"https:\/\/www.psib-psoe.org\/mallorca\/wp-content\/uploads\/Sofia-Alonso-declaracions-edited.jpeg 1170w, https:\/\/www.psib-psoe.org\/mallorca\/wp-content\/uploads\/Sofia-Alonso-declaracions-edited-300x300.jpeg 300w, https:\/\/www.psib-psoe.org\/mallorca\/wp-content\/uploads\/Sofia-Alonso-declaracions-edited-1024x1024.jpeg 1024w, https:\/\/www.psib-psoe.org\/mallorca\/wp-content\/uploads\/Sofia-Alonso-declaracions-edited-150x150.jpeg 150w, https:\/\/www.psib-psoe.org\/mallorca\/wp-content\/uploads\/Sofia-Alonso-declaracions-edited-768x768.jpeg 768w, https:\/\/www.psib-psoe.org\/mallorca\/wp-content\/uploads\/Sofia-Alonso-declaracions-edited-600x600.jpeg 600w, https:\/\/www.psib-psoe.org\/mallorca\/wp-content\/uploads\/Sofia-Alonso-declaracions-edited-900x900.jpeg 900w, https:\/\/www.psib-psoe.org\/mallorca\/wp-content\/uploads\/Sofia-Alonso-declaracions-edited-20x20.jpeg 20w\" sizes=\"(max-width: 1170px) 100vw, 1170px\" \/><\/figure>\n\n\n[vc_row][vc_column][vc_column_text]\n<p><em><u><br \/>\nLa portaveu adjunta del Grup Socialista, Sofia Alonso, critica que el Consell traslladi la gesti\u00f3 de les ajudes socials per les derivades econ\u00f2miques del conflicte armant a l\u2019Orient Mitj\u00e0 als ajuntaments, sense consens i amb condicions que no responen a la finalitat social prevista.  Les quantitats que ara l\u2019IMAS vol traslladar als ajuntaments es van pensar com a suport d\u2019urg\u00e8ncia a fam\u00edlies necessitades per les pujades de preu, per\u00f2 ja fa m\u00e9s de vuit mesos que Galm\u00e9s les  va anunciar i encara \u00e9s hora que les posi en marxa.<br \/>\n[vc_row][vc_column][vc_column_text]\n\n\n[vc_row][vc_column][vc_column_text]\n<p>El Grup Socialista del Consell de Mallorca ha expressat la seva preocupaci\u00f3 davant la proposta d\u2019addenda que l\u2019IMAS ha fet arribar als ajuntaments i mancomunitats de l\u2019illa per incorporar una nova l\u00ednia de finan\u00e7ament, coneguda com a \u201cescut social\u201d. Tot i que aquesta aportaci\u00f3 econ\u00f2mica pot representar un suport important per als municipis, el PSIB-PSOE considera que la iniciativa arriba tard, trasllada la responsabilitat als ajuntaments sense cap proc\u00e9s de consens i incorpora un requisit de cinc anys de resid\u00e8ncia continuada que no t\u00e9 justificaci\u00f3 social ni normativa.<\/p>\n<p>La portaveu adjunta del Grup Socialista, Sofia Alonso, ha assenyalat que \u201cno es pot demanar als ajuntaments que renunci\u00efn a uns recursos que poden ser necessaris per ajudar moltes fam\u00edlies, per\u00f2 tampoc es pot acceptar que el Consell presenti aquesta mesura com si fos una resposta urgent quan ja han passat vuit mesos de l\u2019any en qu\u00e8, suposadament, havia de donar cobertura\u201d. Alonso ha remarcat que \u201cel per\u00edode subvencionable compr\u00e8n tot el 2026 i el 2027, per\u00f2 la proposta s\u2019ha comunicat l\u20191 de setembre, fet que demostra que aquest escut social arriba tard i no respon a la realitat de les necessitats que ja fa mesos que afronten les fam\u00edlies\u201d.<\/p>\n<p>La portaveu socialista ha criticat tamb\u00e9 que el Consell de Mallorca hagi decidit traslladar als ajuntaments la gesti\u00f3 de les ajudes sense convocar-los pr\u00e8viament ni consensuar les condicions. Segons Alonso, \u201cel Consell eludeix la seva responsabilitat davant l\u2019augment dels preus i deixa en mans dels serveis socials comunitaris la valoraci\u00f3, l\u2019atenci\u00f3 i la gesti\u00f3 de les ajudes, sense di\u00e0leg ni coordinaci\u00f3. S\u00f3n els ajuntaments els que hauran de fer front a les conseq\u00fc\u00e8ncies d\u2019unes condicions que no han estat acordades amb ells\u201d.<\/p>\n<p>Pel que fa al requisit d\u2019acreditar cinc anys de resid\u00e8ncia continuada per accedir a les ajudes, Alonso ha afirmat que \u201c\u00e9s una exig\u00e8ncia que respon a les pressions de Vox i que no t\u00e9 cap relaci\u00f3 amb la finalitat social de la mesura. No t\u00e9 cap sentit que, per afrontar una situaci\u00f3 sobrevinguda l\u2019any 2026, es demani demostrar resid\u00e8ncia continuada des del 2021. La necessitat no dep\u00e8n del nombre d\u2019anys que una persona fa que viu a Mallorca\u201d.<\/p>\n<p>El Grup Socialista recorda que aquest requisit no apareix en cap dels instruments normatius que regulen els serveis socials a les Illes Balears ni a Mallorca: ni en la Llei 4\/2009 de serveis socials, ni en la Cartera insular, ni en les bases d\u2019execuci\u00f3 del pressupost, ni en el Pla estrat\u00e8gic de subvencions. A m\u00e9s, introdueix una diferenciaci\u00f3 injustificada entre persones residents a Mallorca que pot vulnerar el principi d\u2019igualtat recollit a la Constituci\u00f3 i a la legislaci\u00f3 de r\u00e8gim local. <\/p>\n<p>El PSIB-PSOE defensa que una ajuda social creada per donar resposta a una situaci\u00f3 sobrevinguda ha de basar-se en la necessitat de les persones, no en el temps d\u2019empadronament. \u201cLa necessitat no comen\u00e7a quan es compleixen cinc anys de resid\u00e8ncia. El Consell ha d\u2019abandonar criteris ideol\u00f2gics i centrar-se en criteris socials\u201d, ha dit Alonso.<\/p>\n[\/vc_column_text][\/vc_column][\/vc_row]\n\n\n\n<figure class=\"wp-block-audio\"><audio controls src=\"https:\/\/www.psib-psoe.org\/mallorca\/wp-content\/uploads\/Sofia-Alonso-escut-social-setembre.mp3\"><\/audio><\/figure>\n<\/div>","protected":false},"excerpt":{"rendered":"[vc_row][vc_column][vc_column_text] La portaveu adjunta del Grup Socialista, Sofia Alonso, critica que el Consell traslladi la gesti\u00f3 de les ajudes socials per les derivades econ\u00f2miques del conflicte armant a l\u2019Orient Mitj\u00e0 als ajuntaments, sense consens i amb condicions que no responen a la finalitat social prevista. Les quantitats que ara l\u2019IMAS vol traslladar als ajuntaments es&hellip;","protected":false},"author":3,"featured_media":31902,"comment_status":"closed","ping_status":"closed","sticky":false,"template":"","format":"standard","meta":{"footnotes":""},"categories":[2,1,90,92],"tags":[218,343,362,447,546,105,77,186,483,639,600,84,296],"class_list":["post-31901","post","type-post","status-publish","format-standard","has-post-thumbnail","hentry","category-federacio-de-mallorca","category-federacio-de-mallorca-portada","category-municipis","category-portada","tag-amanda-fernandez","tag-andreu-serra","tag-ares-fernandez","tag-bea-gamundi","tag-biel-alomar","tag-catalina-cladera","tag-federacio-socialista-de-mallorca","tag-jaume-mateu","tag-joan-ferrer","tag-joan-mendez-2","tag-joana-maria-adrover","tag-psib-psoe","tag-sofia-alonso"],"_links":{"self":[{"href":"https:\/\/www.psib-psoe.org\/mallorca\/wp-json\/wp\/v2\/posts\/31901"}],"collection":[{"href":"https:\/\/www.psib-psoe.org\/mallorca\/wp-json\/wp\/v2\/posts"}],"about":[{"href":"https:\/\/www.psib-psoe.org\/mallorca\/wp-json\/wp\/v2\/types\/post"}],"author":[{"embeddable":true,"href":"https:\/\/www.psib-psoe.org\/mallorca\/wp-json\/wp\/v2\/users\/3"}],"replies":[{"embeddable":true,"href":"https:\/\/www.psib-psoe.org\/mallorca\/wp-json\/wp\/v2\/comments?post=31901"}],"version-history":[{"count":1,"href":"https:\/\/www.psib-psoe.org\/mallorca\/wp-json\/wp\/v2\/posts\/31901\/revisions"}],"predecessor-version":[{"id":31904,"href":"https:\/\/www.psib-psoe.org\/mallorca\/wp-json\/wp\/v2\/posts\/31901\/revisions\/31904"}],"wp:featuredmedia":[{"embeddable":true,"href":"https:\/\/www.psib-psoe.org\/mallorca\/wp-json\/wp\/v2\/media\/31902"}],"wp:attachment":[{"href":"https:\/\/www.psib-psoe.org\/mallorca\/wp-json\/wp\/v2\/media?parent=31901"}],"wp:term":[{"taxonomy":"category","embeddable":true,"href":"https:\/\/www.psib-psoe.org\/mallorca\/wp-json\/wp\/v2\/categories?post=31901"},{"taxonomy":"post_tag","embeddable":true,"href":"https:\/\/www.psib-psoe.org\/mallorca\/wp-json\/wp\/v2\/tags?post=31901"}],"curies":[{"name":"wp","href":"https:\/\/api.w.org\/{rel}","templated":true}]}}