{"id":31905,"date":"2026-09-04T13:23:33","date_gmt":"2026-09-04T11:23:33","guid":{"rendered":"https:\/\/www.psib-psoe.org\/mallorca\/?p=31905"},"modified":"2026-09-04T13:23:35","modified_gmt":"2026-09-04T11:23:35","slug":"el-psib-psoe-reclama-mesures-al-consell-de-mallorca-per-permetre-que-la-ciutadania-pugui-viure-a-mallorca-i-no-nomes-sobreviure","status":"publish","type":"post","link":"https:\/\/www.psib-psoe.org\/mallorca\/el-psib-psoe-reclama-mesures-al-consell-de-mallorca-per-permetre-que-la-ciutadania-pugui-viure-a-mallorca-i-no-nomes-sobreviure\/","title":{"rendered":"El PSIB-PSOE reclama mesures al Consell de Mallorca per permetre que la ciutadania pugui \u201cviure a Mallorca i no nom\u00e9s sobreviure\u201d"},"content":{"rendered":"<div class=\"wpb-content-wrapper\">\n<figure class=\"wp-block-image size-full is-resized\"><img loading=\"lazy\" decoding=\"async\" width=\"2560\" height=\"1825\" src=\"https:\/\/www.psib-psoe.org\/mallorca\/wp-content\/uploads\/Amanda-i-Sofia-scaled.jpeg\" alt=\"\" class=\"wp-image-31906\" style=\"width:771px;height:auto\" srcset=\"https:\/\/www.psib-psoe.org\/mallorca\/wp-content\/uploads\/Amanda-i-Sofia-scaled.jpeg 2560w, https:\/\/www.psib-psoe.org\/mallorca\/wp-content\/uploads\/Amanda-i-Sofia-300x214.jpeg 300w, https:\/\/www.psib-psoe.org\/mallorca\/wp-content\/uploads\/Amanda-i-Sofia-1024x730.jpeg 1024w, https:\/\/www.psib-psoe.org\/mallorca\/wp-content\/uploads\/Amanda-i-Sofia-768x548.jpeg 768w, https:\/\/www.psib-psoe.org\/mallorca\/wp-content\/uploads\/Amanda-i-Sofia-1536x1095.jpeg 1536w, https:\/\/www.psib-psoe.org\/mallorca\/wp-content\/uploads\/Amanda-i-Sofia-2048x1460.jpeg 2048w, https:\/\/www.psib-psoe.org\/mallorca\/wp-content\/uploads\/Amanda-i-Sofia-150x107.jpeg 150w, https:\/\/www.psib-psoe.org\/mallorca\/wp-content\/uploads\/Amanda-i-Sofia-600x428.jpeg 600w, https:\/\/www.psib-psoe.org\/mallorca\/wp-content\/uploads\/Amanda-i-Sofia-900x642.jpeg 900w, https:\/\/www.psib-psoe.org\/mallorca\/wp-content\/uploads\/Amanda-i-Sofia-20x13.jpeg 20w\" sizes=\"(max-width: 2560px) 100vw, 2560px\" \/><\/figure>\n\n\n[vc_row][vc_column][vc_column_text]\n<p><em><u><br \/>\nAmanda Fern\u00e0ndez denuncia que els principals indicadors de saturaci\u00f3, pressi\u00f3 tur\u00edstica, emerg\u00e8ncia clim\u00e0tica i dificultats d\u2019habitatge han empitjorat durant el govern del PP i Vox, i reclama posar l\u00edmits amb responsabilitat per garantir el futur de l\u2019illa, a trav\u00e9s d\u2019una moci\u00f3 que el Grup Socialista al Consell presenta al pr\u00f2xim ple de la instituci\u00f3.<br \/>\n[vc_row][vc_column][vc_column_text]\n\n\n[vc_row][vc_column][vc_column_text]\n<p>La secret\u00e0ria general de la Federaci\u00f3 Socialista de Mallorca i candidata del PSIB-PSOE al Consell de Mallorca, Amanda Fern\u00e0ndez, ha iniciat el curs pol\u00edtic reclamant mesures urgents per revertir l\u2019empitjorament de les condicions de vida a l\u2019illa. Fern\u00e1ndez ha afirmat que, despr\u00e9s de quasi quatre anys de govern del Partit Popular i Vox, \u201cels reptes que van dir que venien a solucionar no nom\u00e9s no s\u2019han solucionat, sin\u00f3 que, a m\u00e9s, han empitjorat\u201d. Ha remarcat que no es tracta de percepcions, sin\u00f3 de fets que la ciutadania pateix cada dia: \u201cEns trobem amb m\u00e9s embossos que mai\u201d, ha dit, recordant que el president del Consell \u201cva dir que ja els havia eliminat\u201d.<\/p>\n<p>Fern\u00e0ndez ha denunciat la saturaci\u00f3 creixent dels espais naturals, tant a les platges com a la Serra de Tramuntana, aix\u00ed com els problemes de manca d\u2019aigua que han afectat la poblaci\u00f3 aquest estiu. Tamb\u00e9 ha lamentat les temperatures extremes i l\u2019abs\u00e8ncia de pol\u00edtiques d\u2019emerg\u00e8ncia clim\u00e0tica: \u201cEl govern PP i Vox tenen dins un calaix tot el que s\u00f3n pol\u00edtiques d\u2019emerg\u00e8ncia clim\u00e0tica, suposo que pel pacte que tenen amb els negacionistes de Vox\u201d.<\/p>\n<p>La candidata ha advertit que, mentre els problemes s\u2019agreugen, l\u2019activitat tur\u00edstica continua assolint xifres r\u00e8cords. \u201cA partir d\u2019aquesta setmana ja podem afirmar que des del 2023, de gener a juliol, hi ha hagut un augment d\u2019un 11%, 800.000 turistes m\u00e9s que l\u2019any 2023 en aquests sis mesos. I aix\u00f2 no \u00e9s contenci\u00f3\u201d, ha dit. Ha recordat que el govern insular havia prom\u00e8s limitar el creixement, per\u00f2 que \u201cel que diuen no \u00e9s el que fan\u201d.<\/p>\n<p>Fern\u00e0ndez ha destacat el clam ciutad\u00e0 d\u2019aquest estiu, amb mobilitzacions massives arreu de l\u2019illa. \u201cMilers de mallorquins cridant alt i clar que basta, ja no poden m\u00e9s, s\u2019han de posar l\u00edmits i hem d\u2019actuar amb responsabilitat\u201d, ha afirmat. Ha remarcat que l\u2019objectiu ha de ser que \u201cels ciutadans i les ciutadanes de Mallorca puguin viure, no nom\u00e9s sobreviure a Mallorca\u201d, i \u201cgaudir de viure a Mallorca\u201d sense ser expulsats per la pressi\u00f3 del mercat de l\u2019habitatge.<\/p>\n<p>Fern\u00e0ndez ha denunciat tamb\u00e9 la desprotecci\u00f3 ambiental impulsada pel PP i Vox, amb canvis normatius que afecten la Serra de Tramuntana i amb intents de permetre decisions discrecionals del Consell de Govern sense els informes necessaris. \u201cNo se pot defensar una Mallorca dient que vols una Mallorca sostenible quan tens totes les pol\u00edtiques per lluitar contra el canvi clim\u00e0tic en un calaix\u201d, ha afirmat.<\/p>\n<p>En aquest punt, la portaveu adjunta del Grup Socialista al Consell, Sofia Alonso, ha refor\u00e7at el diagn\u00f2stic amb contund\u00e8ncia: \u201cDavant d\u2019aquest gran col\u00b7lapse de Mallorca, que a m\u00e9s no l\u2019han desembossada, sin\u00f3 que l\u2019han aconseguida col\u00b7lapsar, nosaltres volem fer una pol\u00edtica en positiu, volem fer una pol\u00edtica amb mesures.\u201d Alonso ha explicat que el Grup Socialista ha presentat una moci\u00f3 que planteja una resposta integral i immediata, amb actuacions urgents en infraestructures, emerg\u00e8ncia clim\u00e0tica, protecci\u00f3 h\u00eddrica, saturaci\u00f3 d\u2019espais naturals i qualitat de vida dels residents. \u201cHem de comen\u00e7ar a prendre mesures ja i hem de fer actuacions decidides que s\u2019han de fer ara\u201d, ha dit.<\/p>\n<p>Alonso ha detallat les propostes del Grup Socialista: un pla insular en sis mesos, la revisi\u00f3 del PIAT per reduir el sostre de places tur\u00edstiques, recuperar la morat\u00f2ria, mesures decisives en habitatge, refor\u00e7 de la lluita contra el lloguer tur\u00edstic il\u00b7legal i reorientar l\u2019impost de turisme sostenible cap a habitatge p\u00fablic, protecci\u00f3 del territori, cicle de l\u2019aigua i adaptaci\u00f3 clim\u00e0tica. Ha advertit que Mallorca \u201cno pateix saturaci\u00f3, est\u00e0 en risc de col\u00b7lapse. I davant d\u2019un col\u00b7lapse, la resposta ha de ser integral, valenta i immediata.\u201d<\/p>\n[\/vc_column_text][\/vc_column][\/vc_row]\n\n\n\n<figure class=\"wp-block-audio\"><audio controls src=\"https:\/\/www.psib-psoe.org\/mallorca\/wp-content\/uploads\/040926_Amanda-Fernandez.mp3.mpeg.mp3\"><\/audio><\/figure>\n\n\n\n<figure class=\"wp-block-audio\"><audio controls src=\"https:\/\/www.psib-psoe.org\/mallorca\/wp-content\/uploads\/040926_Sofia-Alonso.mp3.mpeg.mp3\"><\/audio><\/figure>\n<\/div>","protected":false},"excerpt":{"rendered":"[vc_row][vc_column][vc_column_text] Amanda Fern\u00e0ndez denuncia que els principals indicadors de saturaci\u00f3, pressi\u00f3 tur\u00edstica, emerg\u00e8ncia clim\u00e0tica i dificultats d\u2019habitatge han empitjorat durant el govern del PP i Vox, i reclama posar l\u00edmits amb responsabilitat per garantir el futur de l\u2019illa, a trav\u00e9s d\u2019una moci\u00f3 que el Grup Socialista al Consell presenta al pr\u00f2xim ple de la instituci\u00f3.&hellip;","protected":false},"author":3,"featured_media":31906,"comment_status":"closed","ping_status":"closed","sticky":false,"template":"","format":"standard","meta":{"footnotes":""},"categories":[2,1,90,92],"tags":[218,343,362,447,546,105,77,186,483,639,600,84,296],"class_list":["post-31905","post","type-post","status-publish","format-standard","has-post-thumbnail","hentry","category-federacio-de-mallorca","category-federacio-de-mallorca-portada","category-municipis","category-portada","tag-amanda-fernandez","tag-andreu-serra","tag-ares-fernandez","tag-bea-gamundi","tag-biel-alomar","tag-catalina-cladera","tag-federacio-socialista-de-mallorca","tag-jaume-mateu","tag-joan-ferrer","tag-joan-mendez-2","tag-joana-maria-adrover","tag-psib-psoe","tag-sofia-alonso"],"_links":{"self":[{"href":"https:\/\/www.psib-psoe.org\/mallorca\/wp-json\/wp\/v2\/posts\/31905"}],"collection":[{"href":"https:\/\/www.psib-psoe.org\/mallorca\/wp-json\/wp\/v2\/posts"}],"about":[{"href":"https:\/\/www.psib-psoe.org\/mallorca\/wp-json\/wp\/v2\/types\/post"}],"author":[{"embeddable":true,"href":"https:\/\/www.psib-psoe.org\/mallorca\/wp-json\/wp\/v2\/users\/3"}],"replies":[{"embeddable":true,"href":"https:\/\/www.psib-psoe.org\/mallorca\/wp-json\/wp\/v2\/comments?post=31905"}],"version-history":[{"count":2,"href":"https:\/\/www.psib-psoe.org\/mallorca\/wp-json\/wp\/v2\/posts\/31905\/revisions"}],"predecessor-version":[{"id":31910,"href":"https:\/\/www.psib-psoe.org\/mallorca\/wp-json\/wp\/v2\/posts\/31905\/revisions\/31910"}],"wp:featuredmedia":[{"embeddable":true,"href":"https:\/\/www.psib-psoe.org\/mallorca\/wp-json\/wp\/v2\/media\/31906"}],"wp:attachment":[{"href":"https:\/\/www.psib-psoe.org\/mallorca\/wp-json\/wp\/v2\/media?parent=31905"}],"wp:term":[{"taxonomy":"category","embeddable":true,"href":"https:\/\/www.psib-psoe.org\/mallorca\/wp-json\/wp\/v2\/categories?post=31905"},{"taxonomy":"post_tag","embeddable":true,"href":"https:\/\/www.psib-psoe.org\/mallorca\/wp-json\/wp\/v2\/tags?post=31905"}],"curies":[{"name":"wp","href":"https:\/\/api.w.org\/{rel}","templated":true}]}}