{"id":31911,"date":"2026-09-04T15:20:25","date_gmt":"2026-09-04T13:20:25","guid":{"rendered":"https:\/\/www.psib-psoe.org\/mallorca\/?p=31911"},"modified":"2026-09-04T15:20:27","modified_gmt":"2026-09-04T13:20:27","slug":"el-psib-psoe-de-llucmajor-denuncia-que-el-nou-plec-de-recollida-de-fems-neix-amb-greus-mancances-i-saprova-sense-participacio-ciutadana-ni-de-loposicio","status":"publish","type":"post","link":"https:\/\/www.psib-psoe.org\/mallorca\/el-psib-psoe-de-llucmajor-denuncia-que-el-nou-plec-de-recollida-de-fems-neix-amb-greus-mancances-i-saprova-sense-participacio-ciutadana-ni-de-loposicio\/","title":{"rendered":"El PSIB-PSOE de Llucmajor denuncia que el nou plec de recollida de fems \u201cneix amb greus mancances\u201d i s\u2019aprova \u201csense participaci\u00f3 ciutadana ni de l\u2019oposici\u00f3\u201d."},"content":{"rendered":"<div class=\"wpb-content-wrapper\">\n<figure class=\"wp-block-image size-full\"><img loading=\"lazy\" decoding=\"async\" width=\"886\" height=\"1200\" src=\"https:\/\/www.psib-psoe.org\/mallorca\/wp-content\/uploads\/Foto-unica.jpeg\" alt=\"\" class=\"wp-image-31912\" srcset=\"https:\/\/www.psib-psoe.org\/mallorca\/wp-content\/uploads\/Foto-unica.jpeg 886w, https:\/\/www.psib-psoe.org\/mallorca\/wp-content\/uploads\/Foto-unica-222x300.jpeg 222w, https:\/\/www.psib-psoe.org\/mallorca\/wp-content\/uploads\/Foto-unica-756x1024.jpeg 756w, https:\/\/www.psib-psoe.org\/mallorca\/wp-content\/uploads\/Foto-unica-768x1040.jpeg 768w, https:\/\/www.psib-psoe.org\/mallorca\/wp-content\/uploads\/Foto-unica-300x406.jpeg 300w, https:\/\/www.psib-psoe.org\/mallorca\/wp-content\/uploads\/Foto-unica-150x203.jpeg 150w, https:\/\/www.psib-psoe.org\/mallorca\/wp-content\/uploads\/Foto-unica-600x813.jpeg 600w, https:\/\/www.psib-psoe.org\/mallorca\/wp-content\/uploads\/Foto-unica-20x27.jpeg 20w\" sizes=\"(max-width: 886px) 100vw, 886px\" \/><\/figure>\n\n\n[vc_row][vc_column][vc_column_text]\n<p><em><u>  El portaveu socialista, Jaume J. Oliver, critica la falta d\u2019explicacions de l\u2019equip de govern, amb una batlessa del municipi que no ha pres la paraula durant tota la sessi\u00f3 del ple d\u2019aquest mat\u00ed, i alerta que el servei empitjorar\u00e0, amb la reducci\u00f3 de la recollida de la fracci\u00f3 d\u2019org\u00e0nica de tres a dos dies per setmana, mentre que no s\u2019aclareix qu\u00e8 passar\u00e0 amb la recollida mentre no entra en funcionament el nou plec. Oliver ha recordat que Llucmajor es troba actualment en situaci\u00f3 d\u2019emerg\u00e8ncia sanit\u00e0ria per la deficient recollida de fems, i que el Govern ja ha avisat en dues ocasions a l\u2019equip de Lascolas per la gravetat de la situaci\u00f3 als carrers del municipi. <\/p>\n[vc_row][vc_column][vc_column_text]\n\n\n[vc_row][vc_column][vc_column_text]\n<p>El Grup Socialista de Llucmajor ha expressat la seva preocupaci\u00f3 davant l\u2019aprovaci\u00f3 definitiva del plec de concessi\u00f3 del servei de recollida de fems, un document que consideren \u201cpol\u00e8mic, incomplet i mancat de participaci\u00f3\u201d. El portaveu municipal, Jaume J. Oliver, ha lamentat que \u201cel plec s\u2019ha elaborat sense consultar en cap moment l\u2019oposici\u00f3 ni les associacions ve\u00efnals\u201d, i ha remarcat que \u201chi ha una nul\u00b7la participaci\u00f3 de les entitats que m\u00e9s podrien aportar\u201d.<\/p>\n<p>Oliver ha criticat tamb\u00e9 l\u2019actitud de l\u2019equip de govern durant el plenari: \u201cEs ha impactat la nul\u00b7la exposici\u00f3 de la batlessa Xisca Lascolas i els atacs frontals de la senyora Palmer de Vox\u201d, ha afirmat. Segons el portaveu, el plec reprodueix errors del passat: \u201cTornem a viure el que va passar el 2015, (en la negociaci\u00f3 i aprovaci\u00f3 del plec de la concessi\u00f3 que ha regit la recollida de fems fins a dia d\u2019avui) que encara ho estam patint\u201d.<\/p>\n<p>Una de les principals preocupacions del Grup Socialista \u00e9s la reducci\u00f3 de la freq\u00fc\u00e8ncia de recollida de la fracci\u00f3 org\u00e0nca. \u201cLa recollida de residus urbans passa de tres dies a dos dies per setmana, com es t\u00e9 contemplat a Llucmajor Vila\u201d, ha explicat Oliver, que considera que aquesta mesura empitjorar\u00e0 el servei i la qualitat de vida dels ve\u00efns.<\/p>\n<p>El portaveu ha denunciat tamb\u00e9 la manca de planificaci\u00f3 sobre el per\u00edode de transici\u00f3 fins que l\u2019empresa adjudicat\u00e0ria, Urbaser, pugui desplegar el nou servei. \u201cHe hagut de demanar m\u00e9s de sis vegades qu\u00e8 passar\u00e0 mentre aquest plec es posa en marxa, i no han sabut contestar aquest imp\u00e0s\u201d, ha dit. Segons Oliver, \u201cpreveiem que seguirem patint aquesta greu crisi en la recollida de fems fins que la nova contracta es pugui posar d\u2019una manera ferma a fer-hi feina\u201d.<\/p>\n<p>Finalment, Oliver ha remarcat la manca de lideratge institucional en un debat d\u2019aquesta import\u00e0ncia. \u201cSorpr\u00e8n que la batlessa no hagi intervingut en cap moment en tot el plenari\u201d, ha assenyalat, tot afegint que \u201chan estat les intervencions de Vox les que han intentat justificar un plec que neix amb moltes mancances\u201d.<\/p>\n[\/vc_column_text][\/vc_column][\/vc_row]\n\n\n\n<figure class=\"wp-block-audio\"><audio controls src=\"https:\/\/www.psib-psoe.org\/mallorca\/wp-content\/uploads\/Jaume-Oliver-plec-fems.mp3\"><\/audio><\/figure>\n<\/div>","protected":false},"excerpt":{"rendered":"[vc_row][vc_column][vc_column_text] El portaveu socialista, Jaume J. Oliver, critica la falta d\u2019explicacions de l\u2019equip de govern, amb una batlessa del municipi que no ha pres la paraula durant tota la sessi\u00f3 del ple d\u2019aquest mat\u00ed, i alerta que el servei empitjorar\u00e0, amb la reducci\u00f3 de la recollida de la fracci\u00f3 d\u2019org\u00e0nica de tres a dos dies&hellip;","protected":false},"author":3,"featured_media":31912,"comment_status":"closed","ping_status":"closed","sticky":false,"template":"","format":"standard","meta":{"footnotes":""},"categories":[2,1,90,92],"tags":[130,218,362,447,77,664,84],"class_list":["post-31911","post","type-post","status-publish","format-standard","has-post-thumbnail","hentry","category-federacio-de-mallorca","category-federacio-de-mallorca-portada","category-municipis","category-portada","tag-agrupacio-socialista-de-llucmajor","tag-amanda-fernandez","tag-ares-fernandez","tag-bea-gamundi","tag-federacio-socialista-de-mallorca","tag-jaume-j-oliver-2","tag-psib-psoe"],"_links":{"self":[{"href":"https:\/\/www.psib-psoe.org\/mallorca\/wp-json\/wp\/v2\/posts\/31911"}],"collection":[{"href":"https:\/\/www.psib-psoe.org\/mallorca\/wp-json\/wp\/v2\/posts"}],"about":[{"href":"https:\/\/www.psib-psoe.org\/mallorca\/wp-json\/wp\/v2\/types\/post"}],"author":[{"embeddable":true,"href":"https:\/\/www.psib-psoe.org\/mallorca\/wp-json\/wp\/v2\/users\/3"}],"replies":[{"embeddable":true,"href":"https:\/\/www.psib-psoe.org\/mallorca\/wp-json\/wp\/v2\/comments?post=31911"}],"version-history":[{"count":1,"href":"https:\/\/www.psib-psoe.org\/mallorca\/wp-json\/wp\/v2\/posts\/31911\/revisions"}],"predecessor-version":[{"id":31914,"href":"https:\/\/www.psib-psoe.org\/mallorca\/wp-json\/wp\/v2\/posts\/31911\/revisions\/31914"}],"wp:featuredmedia":[{"embeddable":true,"href":"https:\/\/www.psib-psoe.org\/mallorca\/wp-json\/wp\/v2\/media\/31912"}],"wp:attachment":[{"href":"https:\/\/www.psib-psoe.org\/mallorca\/wp-json\/wp\/v2\/media?parent=31911"}],"wp:term":[{"taxonomy":"category","embeddable":true,"href":"https:\/\/www.psib-psoe.org\/mallorca\/wp-json\/wp\/v2\/categories?post=31911"},{"taxonomy":"post_tag","embeddable":true,"href":"https:\/\/www.psib-psoe.org\/mallorca\/wp-json\/wp\/v2\/tags?post=31911"}],"curies":[{"name":"wp","href":"https:\/\/api.w.org\/{rel}","templated":true}]}}