{"id":31915,"date":"2026-09-06T10:18:41","date_gmt":"2026-09-06T08:18:41","guid":{"rendered":"https:\/\/www.psib-psoe.org\/mallorca\/?p=31915"},"modified":"2026-09-06T11:06:29","modified_gmt":"2026-09-06T09:06:29","slug":"el-psib-psoe-denuncia-la-maquinacio-del-pp-per-interferir-en-el-proces-de-seleccio-del-director-del-teatre-principal-dinca","status":"publish","type":"post","link":"https:\/\/www.psib-psoe.org\/mallorca\/el-psib-psoe-denuncia-la-maquinacio-del-pp-per-interferir-en-el-proces-de-seleccio-del-director-del-teatre-principal-dinca\/","title":{"rendered":"El PSIB-PSOE denuncia la maquinaci\u00f3 del PP per interferir en el proc\u00e9s de selecci\u00f3 del director del Teatre Principal d\u2019Inca."},"content":{"rendered":"\n<figure class=\"wp-block-image size-large\"><img loading=\"lazy\" decoding=\"async\" width=\"1024\" height=\"768\" src=\"https:\/\/www.psib-psoe.org\/mallorca\/wp-content\/uploads\/031025_Foto-grup-Socialistes-Inca-1024x768.jpg\" alt=\"\" class=\"wp-image-30431\" srcset=\"https:\/\/www.psib-psoe.org\/mallorca\/wp-content\/uploads\/031025_Foto-grup-Socialistes-Inca-1024x768.jpg 1024w, https:\/\/www.psib-psoe.org\/mallorca\/wp-content\/uploads\/031025_Foto-grup-Socialistes-Inca-300x225.jpg 300w, https:\/\/www.psib-psoe.org\/mallorca\/wp-content\/uploads\/031025_Foto-grup-Socialistes-Inca-768x576.jpg 768w, https:\/\/www.psib-psoe.org\/mallorca\/wp-content\/uploads\/031025_Foto-grup-Socialistes-Inca-1536x1152.jpg 1536w, https:\/\/www.psib-psoe.org\/mallorca\/wp-content\/uploads\/031025_Foto-grup-Socialistes-Inca-2048x1536.jpg 2048w, https:\/\/www.psib-psoe.org\/mallorca\/wp-content\/uploads\/031025_Foto-grup-Socialistes-Inca-150x113.jpg 150w, https:\/\/www.psib-psoe.org\/mallorca\/wp-content\/uploads\/031025_Foto-grup-Socialistes-Inca-600x450.jpg 600w, https:\/\/www.psib-psoe.org\/mallorca\/wp-content\/uploads\/031025_Foto-grup-Socialistes-Inca-900x675.jpg 900w, https:\/\/www.psib-psoe.org\/mallorca\/wp-content\/uploads\/031025_Foto-grup-Socialistes-Inca-20x16.jpg 20w\" sizes=\"(max-width: 1024px) 100vw, 1024px\" \/><\/figure>\n\n\n<p><em><u>El conseller del Grup Socialista, Joan Ferrer, acusa el PP d\u2019orquestrar una actuaci\u00f3 coordinada entre els regidors del PP d\u2019Inca, Consell i Govern per controlar el proc\u00e9s de selecci\u00f3 del director de l\u2019espai esc\u00e8nic, deixant de banda el parer dels representants de l\u2019Ajuntament d\u2019Inca en el patronat del Teatre. \u201cMalgrat que Galm\u00e9s sempre ha presumit de respectar la iniciativa municipal i de ser l\u2019ajuntament dels ajuntaments, sembla que no \u00e9s aix\u00ed si el color pol\u00edtic no coincideix amb el seu\u201d.<\/u><\/em><\/p>\n<p>El Grup Socialista del Consell de Mallorca ha expressat avui el seu suport a la decisi\u00f3 de l\u2019Ajuntament d\u2019Inca d\u2019emprendre accions legals contra les bases aprovades per al nou proc\u00e9s de selecci\u00f3 del director-gerent del Teatre Principal. Els socialistes consideren que el que ha passat \u00e9s \u201cun cas flagrant d\u2019intromissi\u00f3 del PP en l\u2019autonomia municipal d\u2019Inca\u201d, i que el PP ha impulsat \u201cuna actuaci\u00f3 coordinada\u201d des del Govern, el Consell i els seus representants a Inca \u201cper intentar controlar un procediment que hauria de ser estrictament t\u00e8cnic i jur\u00eddic\u201d..<\/p>\n<p>Ferrer recorda que el president del Consell, Lloren\u00e7 Galm\u00e9s, \u201cha fet sempre proselitisme de la seva condici\u00f3 de president municipalista, de ser l\u2019ajuntament dels ajuntaments i de respectar la iniciativa local\u201d, per\u00f2 que en aquest cas \u201cha fet exactament el contrari, impulsat sens dubte per que Inca \u00e9s un municipi amb un batle del PSIB-PSOE\u201d. Segons el socialista, \u201c\u00e9s incomprensible que el Consell voti a favor d\u2019unes bases que tenen informes jur\u00eddics en contra, i que ho faci en contra del criteri de l\u2019Ajuntament d\u2019Inca, que \u00e9s qui coneix i gestiona el Teatre Principal\u201d.<\/p>\n<p>Els Socialistes de Mallorca han expressat el seu suport a la decisi\u00f3 de l\u2019Ajuntament d\u2019Inca de demanar la suspensi\u00f3 cautelar de les bases i de defensar el bon funcionament del Teatre Principal. \u201cEl que ha passat \u00e9s inadmissible. El Consell ha d\u2019abandonar la inger\u00e8ncia pol\u00edtica i respectar els municipis. En aquest cas, ha fet just el contrari\u201d.<\/p>\n<p>El batle d\u2019Inca, Virgilio Moreno, ja ha denunciat que la reuni\u00f3 extraordin\u00e0ria del Patronat s\u2019ha celebrat a petici\u00f3 del Consell i del Govern i que les bases han estat aprovades malgrat tenir informes negatius del servei jur\u00eddic de la Fundaci\u00f3 Teatre Principal d\u2019Inca. Moreno ha anunciat que s\u2019emprendran accions legals per frenar aquest intent.<\/p>\n<p>Per Joan Ferrer, \u00e9s especialment greu que \u201cinstitucions que han de vetllar per la seguretat jur\u00eddica hagin avalat unes bases que generen una inseguretat absoluta\u201d, tal com ha explicat el batle: \u201cLes bases que han de regir per a la elecci\u00f3 d\u2019un nou director han de tenir tots els informes jur\u00eddics favorables; el contrari \u00e9s obrir la porta a una impugnaci\u00f3\u201d.<\/p>\n<p>El Grup Socialista tamb\u00e9 denuncia \u201cla deslleialtat institucional\u201d del Consell de Mallorca, que ha filtrat als mitjans q\u00fcestions partidistes per desprestigiar el Principal d\u2019Inca, com va dir ahir el mateix batle d\u2019Inca. Per Ferrer, \u201caquesta manera d\u2019actuar demostra que el PP ha convertit el Consell en una eina de pressi\u00f3 pol\u00edtica sobre els municipis, en lloc de respectar-ne l\u2019autonomia\u201d.<\/p>\n<p>Ajuntament d\u2019Inca, Govern i Consell de Mallorca son membres del Patronat que regeix la Fundaci\u00f3 Teatre Principal d\u2019Inca. Amb aquesta condici\u00f3, el l\u2019Ajuntament aporta 400.000 euros, que gaireb\u00e9 duplica el finan\u00e7ament conjunt del Govern (150.000 euros) i del Consell de Mallorca (100.000 euros).<\/p>\n<p>\u00a0<\/p>\n\n\n<figure class=\"wp-block-audio\"><audio controls src=\"https:\/\/www.psib-psoe.org\/mallorca\/wp-content\/uploads\/Ferrer-teatre-Inca.mp3\"><\/audio><\/figure>\n\n\n\n<p><\/p>\n","protected":false},"excerpt":{"rendered":"<p>El conseller del Grup Socialista, Joan Ferrer, acusa el PP d\u2019orquestrar una actuaci\u00f3 coordinada entre els regidors del PP d\u2019Inca, Consell i Govern per controlar el proc\u00e9s de selecci\u00f3 del director de l\u2019espai esc\u00e8nic, deixant de banda el parer dels representants de l\u2019Ajuntament d\u2019Inca en el patronat del Teatre. \u201cMalgrat que Galm\u00e9s sempre ha presumit&hellip;<\/p>\n","protected":false},"author":3,"featured_media":30431,"comment_status":"false","ping_status":"closed","sticky":false,"template":"","format":"standard","meta":{"footnotes":""},"categories":[2,1,90,92],"tags":[218,77,246,648,483,160,84,245,329],"class_list":["post-31915","post","type-post","status-publish","format-standard","has-post-thumbnail","hentry","category-federacio-de-mallorca","category-federacio-de-mallorca-portada","category-municipis","category-portada","tag-amanda-fernandez","tag-federacio-socialista-de-mallorca","tag-inca","tag-inca-som-tots","tag-joan-ferrer","tag-mallorca","tag-psib-psoe","tag-socialistes-dinca","tag-virgilio-moreno"],"_links":{"self":[{"href":"https:\/\/www.psib-psoe.org\/mallorca\/wp-json\/wp\/v2\/posts\/31915"}],"collection":[{"href":"https:\/\/www.psib-psoe.org\/mallorca\/wp-json\/wp\/v2\/posts"}],"about":[{"href":"https:\/\/www.psib-psoe.org\/mallorca\/wp-json\/wp\/v2\/types\/post"}],"author":[{"embeddable":true,"href":"https:\/\/www.psib-psoe.org\/mallorca\/wp-json\/wp\/v2\/users\/3"}],"replies":[{"embeddable":true,"href":"https:\/\/www.psib-psoe.org\/mallorca\/wp-json\/wp\/v2\/comments?post=31915"}],"version-history":[{"count":2,"href":"https:\/\/www.psib-psoe.org\/mallorca\/wp-json\/wp\/v2\/posts\/31915\/revisions"}],"predecessor-version":[{"id":31919,"href":"https:\/\/www.psib-psoe.org\/mallorca\/wp-json\/wp\/v2\/posts\/31915\/revisions\/31919"}],"wp:featuredmedia":[{"embeddable":true,"href":"https:\/\/www.psib-psoe.org\/mallorca\/wp-json\/wp\/v2\/media\/30431"}],"wp:attachment":[{"href":"https:\/\/www.psib-psoe.org\/mallorca\/wp-json\/wp\/v2\/media?parent=31915"}],"wp:term":[{"taxonomy":"category","embeddable":true,"href":"https:\/\/www.psib-psoe.org\/mallorca\/wp-json\/wp\/v2\/categories?post=31915"},{"taxonomy":"post_tag","embeddable":true,"href":"https:\/\/www.psib-psoe.org\/mallorca\/wp-json\/wp\/v2\/tags?post=31915"}],"curies":[{"name":"wp","href":"https:\/\/api.w.org\/{rel}","templated":true}]}}