{"id":25222,"date":"2020-10-29T11:21:42","date_gmt":"2020-10-29T09:21:42","guid":{"rendered":"https:\/\/www.psib-psoe.org\/menorca\/alaior\/lajuntament-des-mercadal-posa-en-marxa-millores-sostenibles-gracies-al-financament-del-consell-insular\/"},"modified":"2020-10-29T12:25:27","modified_gmt":"2020-10-29T10:25:27","slug":"lajuntament-des-mercadal-posa-en-marxa-millores-sostenibles-gracies-al-financament-del-consell-insular","status":"publish","type":"post","link":"https:\/\/www.psib-psoe.org\/menorca\/alaior\/lajuntament-des-mercadal-posa-en-marxa-millores-sostenibles-gracies-al-financament-del-consell-insular\/","title":{"rendered":"L\u2019ajuntament des Mercadal posa en marxa millores sostenibles gr\u00e0cies al finan\u00e7ament del Consell Insular"},"content":{"rendered":"<p>Els socialistes des Mercadal i Fornells celebren el comprom\u00eds i l\u2019aposta del consistori, liderat per Xisco Ametller, amb totes aquelles pol\u00edtiques mediambientals i sostenibles d\u2019acord amb els principis de Menorca Reserva de Biosfera.&nbsp;<\/p>\n<p>Source: Municipi Es Mercadal i Fornells <\/p>\n<p>Source: Es Castell<\/p>\n","protected":false},"excerpt":{"rendered":"<p>Els socialistes des Mercadal i Fornells celebren el comprom\u00eds i l\u2019aposta del consistori, liderat per Xisco Ametller, amb totes aquelles pol\u00edtiques mediambientals i sostenibles d\u2019acord amb els principis de Menorca Reserva de Biosfera.&nbsp; Source: Municipi Es Mercadal i Fornells Source: Es Castell<\/p>\n","protected":false},"author":1,"featured_media":0,"comment_status":"closed","ping_status":"open","sticky":false,"template":"","format":"standard","meta":{"footnotes":""},"categories":[100],"tags":[84],"class_list":["post-25222","post","type-post","status-publish","format-standard","hentry","category-es-mercadal-i-fornells","tag-psib-psoe"],"_links":{"self":[{"href":"https:\/\/www.psib-psoe.org\/menorca\/alaior\/wp-json\/wp\/v2\/posts\/25222"}],"collection":[{"href":"https:\/\/www.psib-psoe.org\/menorca\/alaior\/wp-json\/wp\/v2\/posts"}],"about":[{"href":"https:\/\/www.psib-psoe.org\/menorca\/alaior\/wp-json\/wp\/v2\/types\/post"}],"author":[{"embeddable":true,"href":"https:\/\/www.psib-psoe.org\/menorca\/alaior\/wp-json\/wp\/v2\/users\/1"}],"replies":[{"embeddable":true,"href":"https:\/\/www.psib-psoe.org\/menorca\/alaior\/wp-json\/wp\/v2\/comments?post=25222"}],"version-history":[{"count":0,"href":"https:\/\/www.psib-psoe.org\/menorca\/alaior\/wp-json\/wp\/v2\/posts\/25222\/revisions"}],"wp:attachment":[{"href":"https:\/\/www.psib-psoe.org\/menorca\/alaior\/wp-json\/wp\/v2\/media?parent=25222"}],"wp:term":[{"taxonomy":"category","embeddable":true,"href":"https:\/\/www.psib-psoe.org\/menorca\/alaior\/wp-json\/wp\/v2\/categories?post=25222"},{"taxonomy":"post_tag","embeddable":true,"href":"https:\/\/www.psib-psoe.org\/menorca\/alaior\/wp-json\/wp\/v2\/tags?post=25222"}],"curies":[{"name":"wp","href":"https:\/\/api.w.org\/{rel}","templated":true}]}}