{"id":25223,"date":"2020-10-29T11:21:05","date_gmt":"2020-10-29T09:21:05","guid":{"rendered":"https:\/\/www.psib-psoe.org\/menorca\/alaior\/el-psoe-des-mercadal-i-fornells-celebra-que-ports-estigui-dispost-a-cedir-a-lajuntament-la-casa-des-contramestre-de-fornells\/"},"modified":"2020-10-29T12:25:38","modified_gmt":"2020-10-29T10:25:38","slug":"el-psoe-des-mercadal-i-fornells-celebra-que-ports-estigui-dispost-a-cedir-a-lajuntament-la-casa-des-contramestre-de-fornells","status":"publish","type":"post","link":"https:\/\/www.psib-psoe.org\/menorca\/alaior\/el-psoe-des-mercadal-i-fornells-celebra-que-ports-estigui-dispost-a-cedir-a-lajuntament-la-casa-des-contramestre-de-fornells\/","title":{"rendered":"El PSOE des Mercadal i Fornells celebra que Ports estigui dispost a cedir a l\u2019ajuntament la casa des Contramestre de Fornells"},"content":{"rendered":"<p>El batle socialista, Xisco Ametller, ha destacat que \u201cha estat un proc\u00e9s de negociaci\u00f3 llarg i complicat\u201d i agraeix a totes les administracions \u201cla feina feta\u201d. A m\u00e9s, destaca que a \u201cl\u2019ajuntament era necessari un espai expositiu i cultural tal com tenim a ca n\u2019\u00c0ngel as Mercadal, un espai que posi en valor la cultura d\u2019aquest poble i que fomenti la desestacionalitzaci\u00f3 tur\u00edstica\u201d.\u00a0<\/p>\n<p>Per la seva part, la regidora socialista Lali Garriga tamb\u00e9 ha agra\u00eft la \u201cbona predisposici\u00f3 de les administracions per millorar el passeig mar\u00edtim\u201d, reconeixent, a m\u00e9s, \u201cque per Fornells \u00e9s un gran encert aconseguir la Casa des Constramestre, ja que era una necessitat i una demanda hist\u00f2rica poder tenir un espai cultural, social o tur\u00edstic al poble\u201d.&nbsp;<\/p>\n<p>Source: Municipi Es Mercadal i Fornells <\/p>\n<p>Source: Es Castell<\/p>\n","protected":false},"excerpt":{"rendered":"<p>El batle socialista, Xisco Ametller, ha destacat que \u201cha estat un proc\u00e9s de negociaci\u00f3 llarg i complicat\u201d i agraeix a totes les administracions \u201cla feina feta\u201d. A m\u00e9s, destaca que a \u201cl\u2019ajuntament era necessari un espai expositiu i cultural tal com tenim a ca n\u2019\u00c0ngel as Mercadal, un espai que posi en valor la cultura&hellip;<\/p>\n","protected":false},"author":1,"featured_media":0,"comment_status":"closed","ping_status":"open","sticky":false,"template":"","format":"standard","meta":{"footnotes":""},"categories":[100],"tags":[84],"class_list":["post-25223","post","type-post","status-publish","format-standard","hentry","category-es-mercadal-i-fornells","tag-psib-psoe"],"_links":{"self":[{"href":"https:\/\/www.psib-psoe.org\/menorca\/alaior\/wp-json\/wp\/v2\/posts\/25223"}],"collection":[{"href":"https:\/\/www.psib-psoe.org\/menorca\/alaior\/wp-json\/wp\/v2\/posts"}],"about":[{"href":"https:\/\/www.psib-psoe.org\/menorca\/alaior\/wp-json\/wp\/v2\/types\/post"}],"author":[{"embeddable":true,"href":"https:\/\/www.psib-psoe.org\/menorca\/alaior\/wp-json\/wp\/v2\/users\/1"}],"replies":[{"embeddable":true,"href":"https:\/\/www.psib-psoe.org\/menorca\/alaior\/wp-json\/wp\/v2\/comments?post=25223"}],"version-history":[{"count":0,"href":"https:\/\/www.psib-psoe.org\/menorca\/alaior\/wp-json\/wp\/v2\/posts\/25223\/revisions"}],"wp:attachment":[{"href":"https:\/\/www.psib-psoe.org\/menorca\/alaior\/wp-json\/wp\/v2\/media?parent=25223"}],"wp:term":[{"taxonomy":"category","embeddable":true,"href":"https:\/\/www.psib-psoe.org\/menorca\/alaior\/wp-json\/wp\/v2\/categories?post=25223"},{"taxonomy":"post_tag","embeddable":true,"href":"https:\/\/www.psib-psoe.org\/menorca\/alaior\/wp-json\/wp\/v2\/tags?post=25223"}],"curies":[{"name":"wp","href":"https:\/\/api.w.org\/{rel}","templated":true}]}}