{"id":25484,"date":"2021-04-27T11:22:50","date_gmt":"2021-04-27T09:22:50","guid":{"rendered":"https:\/\/www.psib-psoe.org\/menorca\/alaior\/?p=25484"},"modified":"2021-04-27T11:22:53","modified_gmt":"2021-04-27T09:22:53","slug":"moltes-gracies-lidio","status":"publish","type":"post","link":"https:\/\/www.psib-psoe.org\/menorca\/alaior\/moltes-gracies-lidio\/","title":{"rendered":"Moltes gr\u00e0cies Lidio !!!"},"content":{"rendered":"\n<p>\nDes de l\u2019Agrupaci\u00f3 local\ndel PSOE volem expressar el nostre reconeixement a la traject\u00f2ria\nvital de Lidio Ameller Carreras que ens ha deixat recentment.<\/p>\n\n\n\n<p>Com\nva explicar Pablo Iglesias, fundador del PSOE, en un dels seus\ndiscursos m\u00e9s destacats: \u201cNo s\u00f3lo hacen adeptos los partidos con\nsus ideolog\u00edas, sino con buenos ejemplos y la recta conducta de sus\nhombres\u201d.<\/p>\n\n\n\n<p>Aquest\n\u00e9s el cas d\u2019en Lidio, preocupat sempre per la vida social de la\npoblaci\u00f3 i implicat, primer amb la seva fam\u00edlia i a continuaci\u00f3\namb els moviments ciutadans que volien dinamitzar i fer avan\u00e7ar\nAlaior.<\/p>\n\n\n\n<p>Sobretot\n\u00e9s reconeguda la seva feina professional a la Cooperativa San\nCrisp\u00edn, l\u2019impuls de l\u2019Associaci\u00f3 de Pares i Mares del CP Dr\nComas Camps, el treball constant des de la direcci\u00f3 del Club de\nJubilats, i la seva implicaci\u00f3 pol\u00edtica a favor dels valors\nsocialistes.<\/p>\n\n\n\n<p>\u00c9s\naqu\u00ed on volem posar el nostre m\u00e9s sincer agra\u00efment per la seva\nparticipaci\u00f3 en la vida pol\u00edtica local, com a regidor, com a\nmilitant socialista i com a Secretari general de la nostra agrupaci\u00f3.<\/p>\n\n\n\n<p>D\u2019en\nLidio recordam els dilluns de cada setmana, no en fallava cap, on\nrepass\u00e0vem l\u2019actualitat pol\u00edtica municipal, insular, auton\u00f3mica\ni estatal. Vivia la pol\u00edtica amb apassionament, des de les lleis\nprogressistes que aprovava el Govern d\u2019Espanya fins a les obres que\nmilloraven i feien avan\u00e7ar el nostre municipi. De fet, amb la seva\nparticipaci\u00f3 i aportaci\u00f3 d\u2019idees es va convertir en un estal\u00f3\ndels governs progressistes de la nostra poblaci\u00f3 entre 1995 i 2011.<\/p>\n\n\n\n<p>En\nLidio ha estat un clar exemple de persona socialista que empenyia les\nidees de progr\u00e9s i justicia social i les escampava per tot arreu. \n<\/p>\n\n\n\n<p>Per\ntot a\u00e7\u00f2, volem tenir aquest record  i aquest agra\u00efment sentit cap\na la seva persona. Ha\nestat una gran satisfacci\u00f3 tenir-lo de ve\u00ed i de company.<\/p>\n\n\n\n<p>Ara,\nha marxat, per\u00f2 ha deixat molt de bo entre noltros.<\/p>\n\n\n\n<p>PSOE\nAlaior<\/p>\n","protected":false},"excerpt":{"rendered":"<p>Des de l\u2019Agrupaci\u00f3 local del PSOE volem expressar el nostre reconeixement a la traject\u00f2ria vital de Lidio Ameller Carreras que ens ha deixat recentment. Com va explicar Pablo Iglesias, fundador del PSOE, en un dels seus discursos m\u00e9s destacats: \u201cNo s\u00f3lo hacen adeptos los partidos con sus ideolog\u00edas, sino con buenos ejemplos y la recta&hellip;<\/p>\n","protected":false},"author":7,"featured_media":0,"comment_status":"open","ping_status":"open","sticky":false,"template":"","format":"standard","meta":{"footnotes":""},"categories":[97],"tags":[],"class_list":["post-25484","post","type-post","status-publish","format-standard","hentry","category-alaior"],"_links":{"self":[{"href":"https:\/\/www.psib-psoe.org\/menorca\/alaior\/wp-json\/wp\/v2\/posts\/25484"}],"collection":[{"href":"https:\/\/www.psib-psoe.org\/menorca\/alaior\/wp-json\/wp\/v2\/posts"}],"about":[{"href":"https:\/\/www.psib-psoe.org\/menorca\/alaior\/wp-json\/wp\/v2\/types\/post"}],"author":[{"embeddable":true,"href":"https:\/\/www.psib-psoe.org\/menorca\/alaior\/wp-json\/wp\/v2\/users\/7"}],"replies":[{"embeddable":true,"href":"https:\/\/www.psib-psoe.org\/menorca\/alaior\/wp-json\/wp\/v2\/comments?post=25484"}],"version-history":[{"count":0,"href":"https:\/\/www.psib-psoe.org\/menorca\/alaior\/wp-json\/wp\/v2\/posts\/25484\/revisions"}],"wp:attachment":[{"href":"https:\/\/www.psib-psoe.org\/menorca\/alaior\/wp-json\/wp\/v2\/media?parent=25484"}],"wp:term":[{"taxonomy":"category","embeddable":true,"href":"https:\/\/www.psib-psoe.org\/menorca\/alaior\/wp-json\/wp\/v2\/categories?post=25484"},{"taxonomy":"post_tag","embeddable":true,"href":"https:\/\/www.psib-psoe.org\/menorca\/alaior\/wp-json\/wp\/v2\/tags?post=25484"}],"curies":[{"name":"wp","href":"https:\/\/api.w.org\/{rel}","templated":true}]}}