{"id":25530,"date":"2021-06-04T12:51:41","date_gmt":"2021-06-04T10:51:41","guid":{"rendered":"https:\/\/www.psib-psoe.org\/menorca\/alaior\/inversio-de-500-000-e-del-govern-per-a-lequipament-del-convent-de-sant-diego-2\/"},"modified":"2021-06-04T12:51:41","modified_gmt":"2021-06-04T10:51:41","slug":"inversio-de-500-000-e-del-govern-per-a-lequipament-del-convent-de-sant-diego-2","status":"publish","type":"post","link":"https:\/\/www.psib-psoe.org\/menorca\/alaior\/inversio-de-500-000-e-del-govern-per-a-lequipament-del-convent-de-sant-diego-2\/","title":{"rendered":"INVERSI\u00d3 DE 500.000 \u20ac DEL GOVERN PER A L\u2019EQUIPAMENT DEL CONVENT DE SANT DIEGO"},"content":{"rendered":"<p>Inversi\u00f3 de 500.000 \u20ac del Govern per a l\u2019equipament de totes les sales del Convent de Sant Diego.<\/p>\n<p>L\u2019Ag\u00e8ncia d\u2019Estat\u00e8gia Tur\u00edstica de les Illes Balears ja t\u00e9 la licitaci\u00f3 en marxa, bona feina !!!<\/p>\n<p><a href=\"https:\/\/www.facebook.com\/hashtag\/patidesalluna?__eep__=6&amp;__cft__[0]=AZUWab6lTe9tcAGRys31i1H7_uf93a7TfUDTq_P6qzcqYxkpNVW8DKg8qXVjD7a1pIruZqksd3m8DzyLVLrRJCKj-8qXQAhbQDAdw8Q69f6P_WPbmGVjNuCjwsCOCII-LEs&amp;__tn__=*NK-R\">#PatiDeSaLluna<\/a><\/p>\n<p><a href=\"https:\/\/www.facebook.com\/hashtag\/alaior?__eep__=6&amp;__cft__[0]=AZUWab6lTe9tcAGRys31i1H7_uf93a7TfUDTq_P6qzcqYxkpNVW8DKg8qXVjD7a1pIruZqksd3m8DzyLVLrRJCKj-8qXQAhbQDAdw8Q69f6P_WPbmGVjNuCjwsCOCII-LEs&amp;__tn__=*NK-R\">#Alaior<\/a><a href=\"https:\/\/www.facebook.com\/hashtag\/menorca?__eep__=6&amp;__cft__[0]=AZUWab6lTe9tcAGRys31i1H7_uf93a7TfUDTq_P6qzcqYxkpNVW8DKg8qXVjD7a1pIruZqksd3m8DzyLVLrRJCKj-8qXQAhbQDAdw8Q69f6P_WPbmGVjNuCjwsCOCII-LEs&amp;__tn__=*NK-R\"> #Menorca<\/a><a href=\"https:\/\/www.facebook.com\/hashtag\/illesbalears?__eep__=6&amp;__cft__[0]=AZUWab6lTe9tcAGRys31i1H7_uf93a7TfUDTq_P6qzcqYxkpNVW8DKg8qXVjD7a1pIruZqksd3m8DzyLVLrRJCKj-8qXQAhbQDAdw8Q69f6P_WPbmGVjNuCjwsCOCII-LEs&amp;__tn__=*NK-R\"> #IllesBalears<\/a><\/p>\n<figure class=\"wp-block-image\"><img decoding=\"async\" src=\"https:\/\/www.psib-psoe.org\/menorca\/alaior\/wp-content\/uploads\/194816182_10223147703794670_1775535489952264034_n.jpg\" alt=\"May be an image of a l'exterior i monument\" \/><\/figure>\n<p>&#013;<br \/>\nSource: Municipi Alaior<\/p>\n<p>&#013;<br \/>\nSource: Es Migjorn<\/p>\n","protected":false},"excerpt":{"rendered":"<p>Inversi\u00f3 de 500.000 \u20ac del Govern per a l\u2019equipament de totes les sales del Convent de Sant Diego. L\u2019Ag\u00e8ncia d\u2019Estat\u00e8gia Tur\u00edstica de les Illes Balears ja t\u00e9 la licitaci\u00f3 en marxa, bona feina !!! #PatiDeSaLluna #Alaior #Menorca #IllesBalears &#013; Source: Municipi Alaior &#013; Source: Es Migjorn<\/p>\n","protected":false},"author":1,"featured_media":25531,"comment_status":"false","ping_status":"open","sticky":false,"template":"","format":"standard","meta":{"footnotes":""},"categories":[103],"tags":[84],"class_list":["post-25530","post","type-post","status-publish","format-standard","has-post-thumbnail","hentry","category-es-migjorn","tag-psib-psoe"],"_links":{"self":[{"href":"https:\/\/www.psib-psoe.org\/menorca\/alaior\/wp-json\/wp\/v2\/posts\/25530"}],"collection":[{"href":"https:\/\/www.psib-psoe.org\/menorca\/alaior\/wp-json\/wp\/v2\/posts"}],"about":[{"href":"https:\/\/www.psib-psoe.org\/menorca\/alaior\/wp-json\/wp\/v2\/types\/post"}],"author":[{"embeddable":true,"href":"https:\/\/www.psib-psoe.org\/menorca\/alaior\/wp-json\/wp\/v2\/users\/1"}],"replies":[{"embeddable":true,"href":"https:\/\/www.psib-psoe.org\/menorca\/alaior\/wp-json\/wp\/v2\/comments?post=25530"}],"version-history":[{"count":0,"href":"https:\/\/www.psib-psoe.org\/menorca\/alaior\/wp-json\/wp\/v2\/posts\/25530\/revisions"}],"wp:featuredmedia":[{"embeddable":true,"href":"https:\/\/www.psib-psoe.org\/menorca\/alaior\/wp-json\/wp\/v2\/media\/25531"}],"wp:attachment":[{"href":"https:\/\/www.psib-psoe.org\/menorca\/alaior\/wp-json\/wp\/v2\/media?parent=25530"}],"wp:term":[{"taxonomy":"category","embeddable":true,"href":"https:\/\/www.psib-psoe.org\/menorca\/alaior\/wp-json\/wp\/v2\/categories?post=25530"},{"taxonomy":"post_tag","embeddable":true,"href":"https:\/\/www.psib-psoe.org\/menorca\/alaior\/wp-json\/wp\/v2\/tags?post=25530"}],"curies":[{"name":"wp","href":"https:\/\/api.w.org\/{rel}","templated":true}]}}