{"id":25890,"date":"2022-06-09T13:33:04","date_gmt":"2022-06-09T11:33:04","guid":{"rendered":"https:\/\/www.psib-psoe.org\/menorca\/alaior\/manca-de-manteniment-dels-nuclis-costaners-2\/"},"modified":"2022-06-09T13:33:04","modified_gmt":"2022-06-09T11:33:04","slug":"manca-de-manteniment-dels-nuclis-costaners-2","status":"publish","type":"post","link":"https:\/\/www.psib-psoe.org\/menorca\/alaior\/manca-de-manteniment-dels-nuclis-costaners-2\/","title":{"rendered":"Manca de manteniment dels nuclis costaners"},"content":{"rendered":"<p \/>\n<p> L\u2019enquesta de PIME Menorca sobre la valoraci\u00f3 de les urbanitzacions deixa 18 mancances greus o molt greus als nuclis costaners del nostre municipi. I constata que en els darrers tres anys no s\u2019ha millorat pr\u00e0cticament res. <\/p>\n<p>Tot i aix\u00ed, l\u2019equip de govern municipal va gastar milers d\u2019euros a FITUR-Madrid per fer propaganda, incloses enguany totes les despeses pagades per a 6 persones, <\/p>\n<p>En canvi, la realitat a peu de carrer \u00e9s que les principals defici\u00e8ncies detectades per l\u2019enquesta fan refer\u00e8ncia al tancament de solars, senyalitzaci\u00f3 i enllumenat p\u00fablic, sobretot a Cala en Porter, Sant Jaume i Torre-sol\u00ed.<\/p>\n<p>De Cala en Porter, a m\u00e9s a m\u00e9s, diu que s\u2019ha de millorar el tema del cablejat aeri, el manteniment de voreres i zones verdes i que ja fa uns quants anys que no s\u2019observa un canvi substancial. <\/p>\n<p>Molt preocupant.<\/p>\n<p><a href=\"https:\/\/www.facebook.com\/hashtag\/massapropagandapocafeina?__eep__=6&amp;__cft__[0]=AZWHqMw1R-YN3Owb4RAdO0phJRthAJVo96-qO8UEqa-KbPVjkd6Ssy82R12D71V9l--tuekDi3rv-W3aynYEmVNSwH6h2ahdCEZuK7FEDYzZGFZdhxyzPP19Uq25NcHvX2OBw3_qoUhfqP5bJb2kL-GzjawND5prdVqYAbLwt_WlhQ&amp;__tn__=*NK-R\">#MassaPropagandaPocaFeina<\/a><\/p>\n<p>&#013;<br \/>\nSource: Municipi Alaior <\/p>\n<p>&#013;<br \/>\nSource: Es Castell<\/p>\n","protected":false},"excerpt":{"rendered":"<p>L\u2019enquesta de PIME Menorca sobre la valoraci\u00f3 de les urbanitzacions deixa 18 mancances greus o molt greus als nuclis costaners del nostre municipi. I constata que en els darrers tres anys no s\u2019ha millorat pr\u00e0cticament res. Tot i aix\u00ed, l\u2019equip de govern municipal va gastar milers d\u2019euros a FITUR-Madrid per fer propaganda, incloses enguany totes&hellip;<\/p>\n","protected":false},"author":1,"featured_media":0,"comment_status":"false","ping_status":"open","sticky":false,"template":"","format":"standard","meta":{"footnotes":""},"categories":[99],"tags":[84],"class_list":["post-25890","post","type-post","status-publish","format-standard","hentry","category-es-castell","tag-psib-psoe"],"_links":{"self":[{"href":"https:\/\/www.psib-psoe.org\/menorca\/alaior\/wp-json\/wp\/v2\/posts\/25890"}],"collection":[{"href":"https:\/\/www.psib-psoe.org\/menorca\/alaior\/wp-json\/wp\/v2\/posts"}],"about":[{"href":"https:\/\/www.psib-psoe.org\/menorca\/alaior\/wp-json\/wp\/v2\/types\/post"}],"author":[{"embeddable":true,"href":"https:\/\/www.psib-psoe.org\/menorca\/alaior\/wp-json\/wp\/v2\/users\/1"}],"replies":[{"embeddable":true,"href":"https:\/\/www.psib-psoe.org\/menorca\/alaior\/wp-json\/wp\/v2\/comments?post=25890"}],"version-history":[{"count":0,"href":"https:\/\/www.psib-psoe.org\/menorca\/alaior\/wp-json\/wp\/v2\/posts\/25890\/revisions"}],"wp:attachment":[{"href":"https:\/\/www.psib-psoe.org\/menorca\/alaior\/wp-json\/wp\/v2\/media?parent=25890"}],"wp:term":[{"taxonomy":"category","embeddable":true,"href":"https:\/\/www.psib-psoe.org\/menorca\/alaior\/wp-json\/wp\/v2\/categories?post=25890"},{"taxonomy":"post_tag","embeddable":true,"href":"https:\/\/www.psib-psoe.org\/menorca\/alaior\/wp-json\/wp\/v2\/tags?post=25890"}],"curies":[{"name":"wp","href":"https:\/\/api.w.org\/{rel}","templated":true}]}}