{"id":26122,"date":"2023-09-15T14:02:05","date_gmt":"2023-09-15T12:02:05","guid":{"rendered":"https:\/\/www.psib-psoe.org\/menorca\/alaior\/el-psoe-menorca-critica-que-la-representacio-menorquina-que-viatja-a-riad-no-te-en-compte-la-representacio-de-tots-els-grups-politics-del-consell-insular-2\/"},"modified":"2023-09-15T14:02:05","modified_gmt":"2023-09-15T12:02:05","slug":"el-psoe-menorca-critica-que-la-representacio-menorquina-que-viatja-a-riad-no-te-en-compte-la-representacio-de-tots-els-grups-politics-del-consell-insular-2","status":"publish","type":"post","link":"https:\/\/www.psib-psoe.org\/menorca\/alaior\/el-psoe-menorca-critica-que-la-representacio-menorquina-que-viatja-a-riad-no-te-en-compte-la-representacio-de-tots-els-grups-politics-del-consell-insular-2\/","title":{"rendered":"El PSOE Menorca critica que la representaci\u00f3 menorquina que viatja a Riad no t\u00e9 en compte la representaci\u00f3 de tots els grups pol\u00edtics del Consell Insular"},"content":{"rendered":"<div class=\"row wpb_row row-fluid img_noticia\">\n<div class=\"wpb_column columns small-12 medium-12 thb-dark-column\">\n<div class=\"vc_column-inner  \">\n<div class=\"wpb_wrapper\">\n<div class=\"wpb_single_image wpb_content_element vc_align_left\">\n<figure class=\"wpb_wrapper vc_figure\">\n<div class=\"vc_single_image-wrapper   vc_box_border_grey\"><img decoding=\"async\" class=\"vc_img-placeholder vc_single_image-img\" src=\"https:\/\/www.psib-psoe.org\/menorca\/alaior\/wp-content\/uploads\/no_image-70-1.png\" \/><\/div>\n<\/figure>\n<\/div>\n<\/div>\n<\/div>\n<\/div>\n<\/div>\n<div class=\"row wpb_row row-fluid intro\">\n<div class=\"wpb_column columns small-12 medium-12 thb-dark-column\">\n<div class=\"vc_column-inner  \">\n<div class=\"wpb_wrapper\">\n<div class=\"wpb_text_column wpb_content_element  \">\n<div class=\"wpb_wrapper\" \/>\n<\/div>\n<\/div>\n<\/div>\n<\/div>\n<\/div>\n<div class=\"row wpb_row row-fluid\">\n<div class=\"wpb_column columns small-12 medium-6 thb-dark-column\">\n<div class=\"vc_column-inner  \">\n<div class=\"wpb_wrapper\">\n<div class=\"wpb_text_column wpb_content_element  \">\n<div class=\"wpb_wrapper\">\n<p>El PSOE Menorca ha criticat aquest mat\u00ed que la delegaci\u00f3 menorquina, encap\u00e7alada per Adolfo Vilafranca i Marga Progens, viatja a Riad (l\u2019Ar\u00e0bia Saudita) per defensar la candidatura de Menorca Talai\u00f2tica sense tenir en compte la representaci\u00f3 de tots els grups pol\u00edtics de la instituci\u00f3, i m\u00e9s quan ha estat un expedient que ha estat treballat, impulsat i defensat de forma conjunta entre les administracions i la societat en general.<span class=\"Apple-converted-space\">\u00a0<\/span><\/p>\n<\/div>\n<\/div>\n<\/div>\n<\/div>\n<\/div>\n<div class=\"wpb_column columns small-12 medium-6 thb-dark-column\">\n<div class=\"vc_column-inner  \">\n<div class=\"wpb_wrapper\">\n<div class=\"wpb_text_column wpb_content_element  \">\n<div class=\"wpb_wrapper\">\n<p>En aquest sentit, el partit ha acusat els populars d\u2019actuar des d\u2019un punt de vista totalment partidista, ja que la delegaci\u00f3 menorquina nom\u00e9s ha incl\u00f2s membres del Govern i no reflexa la pluralitat del ple del Consell Insular de Menorca. Per tant, el PSOE Menorca demana m\u00e9s rigorisitat, responsabilitat i transpar\u00e8ncia als governs en q\u00fcestions que afecten la nostra illa i a la seva representaci\u00f3.<span class=\"Apple-converted-space\">\u00a0<\/span><\/p>\n<p>Per \u00faltim, el PSOE Menorca ent\u00e9n que el reconeixement que es fa a Menorca mereix que l\u2019illa estigui representada per la instituci\u00f3 del Consell Insular, amb tota la seva composici\u00f3, i no \u00fanicament dels representants del seu govern.<span class=\"Apple-converted-space\">\u00a0<\/span><\/p>\n<\/div>\n<\/div>\n<\/div>\n<\/div>\n<\/div>\n<\/div>\n<p>&#013;<br \/>\nSource: Federaci\u00f3 de Menorca<\/p>\n<p>Source: Municipi Sant Lluis<\/p>\n<p>&#013;<br \/>\nSource: Municipi Ciutadella<\/p>\n","protected":false},"excerpt":{"rendered":"<p>El PSOE Menorca ha criticat aquest mat\u00ed que la delegaci\u00f3 menorquina, encap\u00e7alada per Adolfo Vilafranca i Marga Progens, viatja a Riad (l\u2019Ar\u00e0bia Saudita) per defensar la candidatura de Menorca Talai\u00f2tica sense tenir en compte la representaci\u00f3 de tots els grups pol\u00edtics de la instituci\u00f3, i m\u00e9s quan ha estat un expedient que ha estat treballat,&hellip;<\/p>\n","protected":false},"author":1,"featured_media":26123,"comment_status":"false","ping_status":"closed","sticky":false,"template":"","format":"standard","meta":{"footnotes":""},"categories":[98],"tags":[84],"class_list":["post-26122","post","type-post","status-publish","format-standard","has-post-thumbnail","hentry","category-ciutadella","tag-psib-psoe"],"_links":{"self":[{"href":"https:\/\/www.psib-psoe.org\/menorca\/alaior\/wp-json\/wp\/v2\/posts\/26122"}],"collection":[{"href":"https:\/\/www.psib-psoe.org\/menorca\/alaior\/wp-json\/wp\/v2\/posts"}],"about":[{"href":"https:\/\/www.psib-psoe.org\/menorca\/alaior\/wp-json\/wp\/v2\/types\/post"}],"author":[{"embeddable":true,"href":"https:\/\/www.psib-psoe.org\/menorca\/alaior\/wp-json\/wp\/v2\/users\/1"}],"replies":[{"embeddable":true,"href":"https:\/\/www.psib-psoe.org\/menorca\/alaior\/wp-json\/wp\/v2\/comments?post=26122"}],"version-history":[{"count":0,"href":"https:\/\/www.psib-psoe.org\/menorca\/alaior\/wp-json\/wp\/v2\/posts\/26122\/revisions"}],"wp:featuredmedia":[{"embeddable":true,"href":"https:\/\/www.psib-psoe.org\/menorca\/alaior\/wp-json\/wp\/v2\/media\/26123"}],"wp:attachment":[{"href":"https:\/\/www.psib-psoe.org\/menorca\/alaior\/wp-json\/wp\/v2\/media?parent=26122"}],"wp:term":[{"taxonomy":"category","embeddable":true,"href":"https:\/\/www.psib-psoe.org\/menorca\/alaior\/wp-json\/wp\/v2\/categories?post=26122"},{"taxonomy":"post_tag","embeddable":true,"href":"https:\/\/www.psib-psoe.org\/menorca\/alaior\/wp-json\/wp\/v2\/tags?post=26122"}],"curies":[{"name":"wp","href":"https:\/\/api.w.org\/{rel}","templated":true}]}}