{"id":28743,"date":"2024-02-02T14:00:29","date_gmt":"2024-02-02T12:00:29","guid":{"rendered":"https:\/\/www.psib-psoe.org\/menorca\/alaior\/?p=28743"},"modified":"2024-02-02T14:00:29","modified_gmt":"2024-02-02T12:00:29","slug":"el-psoe-menorca-demana-la-implicacio-del-govern-i-consell-per-frenar-la-contaminacio-per-pellets-a-les-costes-de-les-illes-balears","status":"publish","type":"post","link":"https:\/\/www.psib-psoe.org\/menorca\/alaior\/el-psoe-menorca-demana-la-implicacio-del-govern-i-consell-per-frenar-la-contaminacio-per-pellets-a-les-costes-de-les-illes-balears\/","title":{"rendered":"El PSOE Menorca demana la implicaci\u00f3 del Govern i Consell per frenar la contaminaci\u00f3 per p\u00e8l\u00b7lets a les costes de les Illes Balears"},"content":{"rendered":"<div class=\"row wpb_row row-fluid img_noticia\">\n<div class=\"wpb_column columns small-12 medium-12 thb-dark-column\">\n<div class=\"vc_column-inner  \">\n<div class=\"wpb_wrapper\">\n<div class=\"wpb_single_image wpb_content_element vc_align_left\">\n<figure class=\"wpb_wrapper vc_figure\">\n<div class=\"vc_single_image-wrapper   vc_box_border_grey\"><img decoding=\"async\" class=\"vc_img-placeholder vc_single_image-img\" src=\"https:\/\/www.psib-psoe.org\/menorca\/alaior\/wp-content\/uploads\/no_image-90.png\" \/><\/div>\n<\/figure>\n<\/div>\n<\/div>\n<\/div>\n<\/div>\n<\/div>\n<div class=\"row wpb_row row-fluid intro\">\n<div class=\"wpb_column columns small-12 medium-12 thb-dark-column\">\n<div class=\"vc_column-inner  \">\n<div class=\"wpb_wrapper\">\n<div class=\"wpb_text_column wpb_content_element  \">\n<div class=\"wpb_wrapper\">\n<p>Pilar Carbonero i Josep Pastrana han explicat aquest mat\u00ed que presentaran una PNL i una moci\u00f3, al Parlament i Consell, respetivament, per exigir accions concretes per aturar l\u2019expansi\u00f3 d\u2019aquests micropl\u00e0stics que danyen els ecosistemes de les illes<\/p>\n<\/p><\/div><\/div>\n<\/div>\n<\/div>\n<\/div>\n<\/div>\n<div class=\"row wpb_row row-fluid\">\n<div class=\"wpb_column columns small-12 medium-6 thb-dark-column\">\n<div class=\"vc_column-inner  \">\n<div class=\"wpb_wrapper\">\n<div class=\"wpb_text_column wpb_content_element  \">\n<div class=\"wpb_wrapper\">\n<p>Aquest mat\u00ed, la diputada, Pilar Carbonero, i el conseller, Josep Pastrana, han explicat en roda de premsa que presentaran una PNL i una moci\u00f3 amb l\u2019objectiu compartit d\u2019exigir tant al govern insular com l\u2019auton\u00f2mic l\u2019aturada de micropl\u00e0stics industrials a les costes de les Illes Balears. En aquest sentit, la socialista ha destacat que \u201cBalears no est\u00e0 exempt d\u2019aquesta problem\u00e0tica iniciada pel litoral gallec. Treballs constants d\u2019entitats que estan implicades en la detecci\u00f3 d\u2019aquests material que danyen els nostres ecosistemes, han constatat la pres\u00e8ncia de micropl\u00e0stics i han iniciat un estudi per descobrir quin \u00e9s el seu origen\u201d.<span class=\"Apple-converted-space\">\u00a0<\/span><\/p>\n<p>De fet, \u201cl\u2019estudi MedPellets al riu Francol\u00ed de Tarragona determina clarament que l\u2019origen d\u2019una bona part de la contaminaci\u00f3 per p\u00e8l\u00b7lets a Balears prov\u00e9, precisament, d\u2019abocaments incontrolats al riu Francol\u00ed on s\u2019hi concentren activitats industrials petroqu\u00edmiques que fan \u00fas i copien aquests tipus de materials\u201d, ha afegit. Per tant, \u201cles dades demostren que no es tracta nom\u00e9s d\u2019una problem\u00e0tica sorgida a Gal\u00edcia, sin\u00f3 que s\u2019ha est\u00e8s fins a les nostres illes\u201d, i per a\u00e7\u00f2, la diputada ha exigit al Govern de les Illes Balears i al Consell de Menorca \u201ca recon\u00e8ixer aquesta realitat i a posar-se en marxa d\u2019immediat per impulsar accions i mesures que frenin la seva periollosa expansi\u00f3\u201d.<\/p>\n<p>\u201cAmbdues propostes van en el mateix sentit\u201d, ha seguit explicant. Per una banda, \u201ca la PNL instam el Govern, a trav\u00e9s del Parlament, a ser conscient d\u2019aquesta problem\u00e0tica i a col\u00b7laborar, mitjan\u00e7ant una l\u00ednia de finan\u00e7ament, per a la neteja dels micropl\u00e0stics existents; a impulsar un programa d\u2019educaci\u00f3 i sensibilitazaci\u00f3 ambiental sobre p\u00e8l\u00b7lets i a posar en marxa l\u00ednies de divulgaci\u00f3 i transfer\u00e8ncia del coneixement en aquesta mat\u00e8ria, i a obrir vies de coordinaci\u00f3 amb la Generalitat de Calalunya, entitats, consells insulars i ajuntaments per tal de prevenir i contenir aquesta contaminaci\u00f3, entre d\u2019altres punts\u201d.<\/p>\n<\/p><\/div><\/div>\n<\/div>\n<\/div>\n<\/div>\n<div class=\"wpb_column columns small-12 medium-6 thb-dark-column\">\n<div class=\"vc_column-inner  \">\n<div class=\"wpb_wrapper\">\n<div class=\"wpb_text_column wpb_content_element  \">\n<div class=\"wpb_wrapper\">\n<p>Per altra banda, i en la mateixa l\u00ednia que la PNL registrada pel Grup Parlamentari Socialista, \u201ca la moci\u00f3 instam el Consell de Menorca a implementar mitjans t\u00e8cnics i humans per netejar els micropl\u00e0stics de nostre litoral i a cercar tamb\u00e9 una l\u00ednia de finan\u00e7ament per a aquesta neteja\u201d. A m\u00e9s, ambd\u00f3s textos coincideixen amb la proposta de col\u00b7laborar amb la Generalitat de Catalunya per aportar la documentaci\u00f3 necess\u00e0ria sobre l\u2019exist\u00e8ncia d\u2019aquests p\u00e8l\u00b7lets a les platges per tal que sigui incorporada a l\u2019expedient de responsabilitat en la contaminaci\u00f3 del medi ambient que ha obert el Govern a diverses empreses ubicades a l\u2019entorn del riu Francol\u00ed.<span class=\"Apple-converted-space\">\u00a0<\/span><\/p>\n<p>Per \u00faltim, tamb\u00e9 preveuen comprometre l\u2019administraci\u00f3 insular i auton\u00f2mica per desenvolupar estudis cient\u00edfics i d\u2019investigaci\u00f3 per documentar les zones d\u2019acumulaci\u00f3 i contaminaci\u00f3 amb l\u2019objectiu de tenir disposar de registres detalls d\u2019arribada de p\u00e8l\u00b7lets a les costes de Menorca i analitzar la seva afectaci\u00f3 als ecosistemes marins.<\/p>\n<p>Amb tot, els socialistes han coincidit en la idea que \u201cla responsabilitat de ser conscients de la realitat que tenim a Balears \u00e9s de qui governa, i si els que governen prefereixen mirar cap a una altra banda en lloc de resoldre els problemes de present i futur que presenta la nostra societat, i utilizar les institucions p\u00fabliques perseguint interessos particulars en lloc de treballar pel b\u00e9 com\u00fa, a\u00e7\u00f2 ens demostra, una vegada m\u00e9s, que significa que no mereixem aquests governs. No obstant aquest context, esperam que obrin els ulls i aprovin aquestes propostes pel b\u00e9 de les nostres illes\u201d.<span class=\"Apple-converted-space\">\u00a0<\/span><\/p>\n<\/p><\/div><\/div>\n<\/div>\n<\/div>\n<\/div>\n<\/div>\n<p>&#013;<br \/>\nSource: Federaci\u00f3 de Menorca<\/p>\n","protected":false},"excerpt":{"rendered":"<p>Pilar Carbonero i Josep Pastrana han explicat aquest mat\u00ed que presentaran una PNL i una moci\u00f3, al Parlament i Consell, respetivament, per exigir accions concretes per aturar l\u2019expansi\u00f3 d\u2019aquests micropl\u00e0stics que danyen els ecosistemes de les illes Aquest mat\u00ed, la diputada, Pilar Carbonero, i el conseller, Josep Pastrana, han explicat en roda de premsa que&hellip;<\/p>\n","protected":false},"author":1,"featured_media":28744,"comment_status":"false","ping_status":"closed","sticky":false,"template":"","format":"standard","meta":{"footnotes":""},"categories":[2],"tags":[84],"class_list":["post-28743","post","type-post","status-publish","format-standard","has-post-thumbnail","hentry","category-federacio-de-menorca","tag-psib-psoe"],"_links":{"self":[{"href":"https:\/\/www.psib-psoe.org\/menorca\/alaior\/wp-json\/wp\/v2\/posts\/28743"}],"collection":[{"href":"https:\/\/www.psib-psoe.org\/menorca\/alaior\/wp-json\/wp\/v2\/posts"}],"about":[{"href":"https:\/\/www.psib-psoe.org\/menorca\/alaior\/wp-json\/wp\/v2\/types\/post"}],"author":[{"embeddable":true,"href":"https:\/\/www.psib-psoe.org\/menorca\/alaior\/wp-json\/wp\/v2\/users\/1"}],"replies":[{"embeddable":true,"href":"https:\/\/www.psib-psoe.org\/menorca\/alaior\/wp-json\/wp\/v2\/comments?post=28743"}],"version-history":[{"count":0,"href":"https:\/\/www.psib-psoe.org\/menorca\/alaior\/wp-json\/wp\/v2\/posts\/28743\/revisions"}],"wp:featuredmedia":[{"embeddable":true,"href":"https:\/\/www.psib-psoe.org\/menorca\/alaior\/wp-json\/wp\/v2\/media\/28744"}],"wp:attachment":[{"href":"https:\/\/www.psib-psoe.org\/menorca\/alaior\/wp-json\/wp\/v2\/media?parent=28743"}],"wp:term":[{"taxonomy":"category","embeddable":true,"href":"https:\/\/www.psib-psoe.org\/menorca\/alaior\/wp-json\/wp\/v2\/categories?post=28743"},{"taxonomy":"post_tag","embeddable":true,"href":"https:\/\/www.psib-psoe.org\/menorca\/alaior\/wp-json\/wp\/v2\/tags?post=28743"}],"curies":[{"name":"wp","href":"https:\/\/api.w.org\/{rel}","templated":true}]}}