{"id":29250,"date":"2024-02-02T14:14:26","date_gmt":"2024-02-02T12:14:26","guid":{"rendered":"https:\/\/www.psib-psoe.org\/menorca\/alaior\/el-psoe-denuncia-la-falta-de-publicitat-de-tots-els-document-economics-de-2024-i-acusa-al-partit-popular-de-vulnerar-el-dret-a-la-informacio-de-la-ciutadania\/"},"modified":"2024-02-02T14:14:26","modified_gmt":"2024-02-02T12:14:26","slug":"el-psoe-denuncia-la-falta-de-publicitat-de-tots-els-document-economics-de-2024-i-acusa-al-partit-popular-de-vulnerar-el-dret-a-la-informacio-de-la-ciutadania","status":"publish","type":"post","link":"https:\/\/www.psib-psoe.org\/menorca\/alaior\/el-psoe-denuncia-la-falta-de-publicitat-de-tots-els-document-economics-de-2024-i-acusa-al-partit-popular-de-vulnerar-el-dret-a-la-informacio-de-la-ciutadania\/","title":{"rendered":"El PSOE denuncia la falta de publicitat de tots els document econ\u00f2mics de 2024 i acusa al Partit Popular de vulnerar el dret a la informaci\u00f3 de la ciutadania"},"content":{"rendered":"<p>El grup municipal socialista a l\u2019Ajuntament de Ciutadella exigeix a l\u2019equip de govern del Partit Popular la publicaci\u00f3 al web municipal de tots els documents econ\u00f2mics i financers que conformen l\u2019expedient dels pressupostos generals de la instituci\u00f3 per a 2024. <\/p>\n<ul>\n<li>El pressupost d\u2019ingressos i despeses amb totes les partides<\/li>\n<li>L\u2019annex d\u2019inversions<\/li>\n<li>L\u2019informe econ\u00f2mic-financer<\/li>\n<li>L\u2019informe d\u2019Intervenci\u00f3 i estabilitat pressupost\u00e0ria<\/li>\n<li>Les bases d\u2019execuci\u00f3 dels pressupostos<\/li>\n<li>La plantilla de personal<\/li>\n<li>La mem\u00f2ria d\u2019Alcaldia.<\/li>\n<li>L\u2019estat del deute.<\/li>\n<li> Els pressupostos del Patronat d\u2019Escoles Infantils, de l\u2019Hospital i de la Fundaci\u00f3 Ciutadella Cultura<\/li>\n<\/ul>\n<p>Tots aquests documents van ser sempre p\u00fablics durant els anys 2015 a 2023 amb els governs del pacte de progr\u00e9s a Ciutadella, fent de la instituci\u00f3 municipal un referent de transpar\u00e8ncia reconegut a les diferents avaluacions fetes per empreses externes independents. <\/p>\n<p> El PSOE avisa tamb\u00e9 que l\u2019actual opacitat informativa del govern del PP a Ciutadella xoca amb el codi de bon govern aprovat per l\u2019Ajuntament en 2018 i no respecta els aven\u00e7os en mat\u00e8ria d\u2019informaci\u00f3 p\u00fablica ni la normativa impulsada durant els darrers anys en l\u2019\u00e0mbit estatal i auton\u00f2mic.<\/p>\n<p> La secret\u00e0ria general del PSOE Ciutadella i regidora a l\u2019Ajuntament, Sandra Moll, creu que el retroc\u00e9s en mat\u00e8ria de transpar\u00e8ncia de l\u2019actual equip de govern del Partit Popular va en conson\u00e0ncia amb la passivitat i la des\u00eddia que demostren en el dia a dia a l\u2019hora d\u2019informar a la ciutadania sobre la feina que porten a terme a l\u2019Ajuntament. <\/p>\n<p>\ud835\udc12\ud835\udc04\ud835\udc0d\ud835\udc12\ud835\udc04 \ud835\udc0f\ud835\udc14\ud835\udc01\ud835\udc0b\ud835\udc08\ud835\udc02\ud835\udc08\ud835\udc13\ud835\udc00\ud835\udc13 \ud835\udc00 \ud835\udc0b\u2019\ud835\udc04\ud835\udc17\ud835\udc0f\ud835\udc0e\ud835\udc12\ud835\udc08\ud835\udc02\ud835\udc08\u00d3 \ud835\udc0f\u00da\ud835\udc01\ud835\udc0b\ud835\udc08\ud835\udc02\ud835\udc00<\/p>\n<p> El PSOE considera que la no publicaci\u00f3 dels pressupostos a la p\u00e0gina web despr\u00e9s del\u2019aprovaci\u00f3 inicial i durant el per\u00edode d\u2019exposici\u00f3 p\u00fablica ja va ser un absolut contrasentit, destinat a posar pals a les rodes a qualsevol ciutad\u00e0 o entitat que volgu\u00e9s examinar els comptes per poder presentar-hi al\u00b7legacions. \u201c\u00c9s evident que el govern del Partit Popular, com ha fet sempre, governa Ciutadella d\u2019esquena als ciutadans, amagant-los els documents de la gesti\u00f3 p\u00fablica i dificultant qualsevol mena de fiscalitzaci\u00f3\u201d, es queixa la regidora Sandra Moll.<\/p>\n<p> La informaci\u00f3 publica i els documents sobre la gesti\u00f3 municipal en mat\u00e8ria econ\u00f2mica han minvat en m\u00e9s d\u2019un 90 per cent amb l\u2019arribada del Partit Popular, respecte a la informaci\u00f3 i documents accessibles durant els anys 2015-2023 de govern progressista. Els documents de les anteriors legislatures encara es poden consultar al web. <\/p>\n<p><strong>GRUP MUNICIPAL DEL PSOE A L\u2019 AJUNTAMENT DE CIUTADELLA<\/strong><\/p>\n<p>&#013;<br \/>\nSource: Municipi Ciutadella<\/p>\n","protected":false},"excerpt":{"rendered":"<p>El grup municipal socialista a l\u2019Ajuntament de Ciutadella exigeix a l\u2019equip de govern del Partit Popular la publicaci\u00f3 al web municipal de tots els documents econ\u00f2mics i financers que conformen l\u2019expedient dels pressupostos generals de la instituci\u00f3 per a 2024. El pressupost d\u2019ingressos i despeses amb totes les partides L\u2019annex d\u2019inversions L\u2019informe econ\u00f2mic-financer L\u2019informe d\u2019Intervenci\u00f3&hellip;<\/p>\n","protected":false},"author":1,"featured_media":0,"comment_status":"false","ping_status":"closed","sticky":false,"template":"","format":"standard","meta":{"footnotes":""},"categories":[98],"tags":[84],"class_list":["post-29250","post","type-post","status-publish","format-standard","hentry","category-ciutadella","tag-psib-psoe"],"_links":{"self":[{"href":"https:\/\/www.psib-psoe.org\/menorca\/alaior\/wp-json\/wp\/v2\/posts\/29250"}],"collection":[{"href":"https:\/\/www.psib-psoe.org\/menorca\/alaior\/wp-json\/wp\/v2\/posts"}],"about":[{"href":"https:\/\/www.psib-psoe.org\/menorca\/alaior\/wp-json\/wp\/v2\/types\/post"}],"author":[{"embeddable":true,"href":"https:\/\/www.psib-psoe.org\/menorca\/alaior\/wp-json\/wp\/v2\/users\/1"}],"replies":[{"embeddable":true,"href":"https:\/\/www.psib-psoe.org\/menorca\/alaior\/wp-json\/wp\/v2\/comments?post=29250"}],"version-history":[{"count":0,"href":"https:\/\/www.psib-psoe.org\/menorca\/alaior\/wp-json\/wp\/v2\/posts\/29250\/revisions"}],"wp:attachment":[{"href":"https:\/\/www.psib-psoe.org\/menorca\/alaior\/wp-json\/wp\/v2\/media?parent=29250"}],"wp:term":[{"taxonomy":"category","embeddable":true,"href":"https:\/\/www.psib-psoe.org\/menorca\/alaior\/wp-json\/wp\/v2\/categories?post=29250"},{"taxonomy":"post_tag","embeddable":true,"href":"https:\/\/www.psib-psoe.org\/menorca\/alaior\/wp-json\/wp\/v2\/tags?post=29250"}],"curies":[{"name":"wp","href":"https:\/\/api.w.org\/{rel}","templated":true}]}}