{"id":29493,"date":"2024-02-27T14:44:07","date_gmt":"2024-02-27T12:44:07","guid":{"rendered":"https:\/\/www.psib-psoe.org\/menorca\/alaior\/carol-marques-critica-el-discurs-demagogic-del-pp-entorn-el-cicle-de-laigua-i-li-demana-que-doni-continuitat-a-la-feina-que-lanterior-govern-va-deixar-feta\/"},"modified":"2024-02-27T14:44:07","modified_gmt":"2024-02-27T12:44:07","slug":"carol-marques-critica-el-discurs-demagogic-del-pp-entorn-el-cicle-de-laigua-i-li-demana-que-doni-continuitat-a-la-feina-que-lanterior-govern-va-deixar-feta","status":"publish","type":"post","link":"https:\/\/www.psib-psoe.org\/menorca\/alaior\/carol-marques-critica-el-discurs-demagogic-del-pp-entorn-el-cicle-de-laigua-i-li-demana-que-doni-continuitat-a-la-feina-que-lanterior-govern-va-deixar-feta\/","title":{"rendered":"Carol Marqu\u00e8s critica el discurs demag\u00f2gic del PP entorn el cicle de l\u2019aigua i li demana que doni continu\u00eftat \u201ca la feina que l\u2019anterior govern va deixar feta\u201d"},"content":{"rendered":"<div class=\"row wpb_row row-fluid img_noticia\">\n<div class=\"wpb_column columns small-12 medium-12 thb-dark-column\">\n<div class=\"vc_column-inner  \">\n<div class=\"wpb_wrapper\">\n<div class=\"wpb_single_image wpb_content_element vc_align_left\">\n<figure class=\"wpb_wrapper vc_figure\">\n<div class=\"vc_single_image-wrapper   vc_box_border_grey\"><img loading=\"lazy\" decoding=\"async\" width=\"1272\" height=\"942\" src=\"\" class=\"vc_single_image-img attachment-full\" alt=\"\" \/><\/div>\n<\/figure>\n<\/div>\n<\/div>\n<\/div>\n<\/div>\n<\/div>\n<div class=\"row wpb_row row-fluid intro\">\n<div class=\"wpb_column columns small-12 medium-12 thb-dark-column\">\n<div class=\"vc_column-inner  \">\n<div class=\"wpb_wrapper\">\n<div class=\"wpb_text_column wpb_content_element  \">\n<div class=\"wpb_wrapper\">\n<p>La socialista ha tornat interpel\u00b7lar el conseller Lafuente per exigir accions concretes que doni soluci\u00f3 al problema d\u2019abastament d\u2019aigua que pateixen les Illes Balears<\/p>\n<\/div>\n<\/div>\n<\/div>\n<\/div>\n<\/div>\n<\/div>\n<div class=\"row wpb_row row-fluid\">\n<div class=\"wpb_column columns small-12 medium-6 thb-dark-column\">\n<div class=\"vc_column-inner  \">\n<div class=\"wpb_wrapper\">\n<div class=\"wpb_text_column wpb_content_element  \">\n<div class=\"wpb_wrapper\">\n<p>La diputada socialista, Carol Marqu\u00e8s, ha interpel\u00b7lat aquest mat\u00ed el conseller Juan Manuel Lafuente per exigir que detalli el calendari d\u2019execuci\u00f3 de les infraestructures del cicle de l\u2019aigua que s\u00f3n necess\u00e0ries per donar resposta a les necessitats d\u2019abastament de la ciutadania, ja que les darreres respostes del popular, en paraules de Marqu\u00e8s, \u201chan estat per donar llargues, amb paraules buides, enganys i cap mesura concreta per fer front a aquesta situaci\u00f3\u201d.<span class=\"Apple-converted-space\">\u00a0<\/span><\/p>\n<p>\u201cS\u2019omplen la boca en explicar per premsa la posada en marxa de diferents obres per garantir l\u2019abastament d\u2019aigua potable a diferents punts de les illes, per\u00f2 la realitat \u00e9s que nom\u00e9s es troben redactant el Pla d\u2019Infraestructures, els efectes del qual vorem a llarg termini\u201d. Un pla que, tal com ha recordat la socialista, \u201cva ser l\u2019anterior govern que va deixar la base de la feina feta. Ara nom\u00e9s han de creure en aquesta problem\u00e0tica i no \u00e9s necessari esperar a tenir un nou pla per actuar, mentre nom\u00e9s han donar continu\u00eftat al nostre full de ruta\u201d.<\/p>\n<p>En aquest sentit, la diputada ha explicat la feina feta que van deixar damunt la taula. \u201cVam iniciar un Pla Hidrol\u00f2gic que marca el full de ruta a seguir per garantir l\u2019abastament i la preservaci\u00f3 dels aq\u00fc\u00edfers en un estat \u00f2ptim els propers anys i que preveu m\u00e9s de 600 mesures. Un Pla d\u2019Actuaci\u00f3 en situacions d\u2019alerta i eventual sequera, el qual incia les mesures a aplicar per anticipar-se a aquesta situaci\u00f3. Un Pla d\u2019Inversions urgents, amb 146M\u20ac, per executar m\u00e9s de 35 obres, algunes d\u2019elles en marxa i d\u2019altres en tramitaci\u00f3\u201d.<span class=\"Apple-converted-space\">\u00a0<\/span><\/p>\n<\/div>\n<\/div>\n<\/div>\n<\/div>\n<\/div>\n<div class=\"wpb_column columns small-12 medium-6 thb-dark-column\">\n<div class=\"vc_column-inner  \">\n<div class=\"wpb_wrapper\">\n<div class=\"wpb_text_column wpb_content_element  \">\n<div class=\"wpb_wrapper\">\n<p>De fet, \u201cla gran majoria de les infraestructures d\u2019aquest \u00faltim pla van quedar fora del pressupost del 2024 i, pensant que s\u2019havia tractat d\u2019un oblit puntual, el Grup Parlamentari Socialista va presentar un seguit d\u2019emenes per donar l\u2019oportunitat al Govern d\u2019incloure aquestes necessitats en els comptes. La sorpresa va venir quan no ens van acceptar cap esmena i, llavors, vam entendre que no es tractava d\u2019un oblit puntual, sin\u00f3 una clara voluntat de no voler pressupostar-ne cap\u201d.<span class=\"Apple-converted-space\">\u00a0<\/span><\/p>\n<p>I, fins i tot, \u201ctamb\u00e9 vam deixar un pla que tenia l\u2019objectiu de reduir les p\u00e8rdues a les xarxes municipals de distribuci\u00f3 d\u2019aigua i altres actuacions d\u2019abastament, amb 20M\u20ac de l\u2019ITS del 2022, un pla que ja estava negociat amb tots els consells i ajuntaments. I quan nom\u00e9s faltava signar-lo, el PP, de forma intencionada, va tardar 6 mesos en fer-ho perqu\u00e8 d\u2019aquesta manera han presentat el Pla com a seu per poder mantenir el seu mantra que l\u2019esquerra, en mat\u00e8ria d\u2019aigua, no va fer res en 8 anys, quan la realitat \u00e9s que li hem deixat la feina en marxa i ben encaminada\u201d.<\/p>\n<p>Per acabar, Carol Marqu\u00e8s ha denunciat que \u201cno ens podem permetre un conseller responsable d\u2019una de les problem\u00e0tiques m\u00e9s importants que pateixen les nostres illes, la del cicle de l\u2019aigua, i que no ent\u00e9n la import\u00e0ncia de donar respostes clares i d\u2019actuar d\u2019una manera m\u00e9s responsable i compromesa, amb accions clares, efectes i concretes per poder garantir l\u2019abastament de l\u2019aigua a la ciutadania. No mereixem paraules buides, ni m\u00e9s enganys, l\u2019\u00fanic que demanam s\u00f3n m\u00e9s accions concretes\u201d.<span class=\"Apple-converted-space\">\u00a0<\/span><\/p>\n<\/div>\n<\/div>\n<\/div>\n<\/div>\n<\/div>\n<\/div>\n<p>&#013;<br \/>\nSource: Federaci\u00f3 de Menorca<\/p>\n<p>&#013;<br \/>\nSource: Es Migjorn<\/p>\n","protected":false},"excerpt":{"rendered":"<p>La socialista ha tornat interpel\u00b7lar el conseller Lafuente per exigir accions concretes que doni soluci\u00f3 al problema d\u2019abastament d\u2019aigua que pateixen les Illes Balears La diputada socialista, Carol Marqu\u00e8s, ha interpel\u00b7lat aquest mat\u00ed el conseller Juan Manuel Lafuente per exigir que detalli el calendari d\u2019execuci\u00f3 de les infraestructures del cicle de l\u2019aigua que s\u00f3n necess\u00e0ries&hellip;<\/p>\n","protected":false},"author":1,"featured_media":0,"comment_status":"false","ping_status":"closed","sticky":false,"template":"","format":"standard","meta":{"footnotes":""},"categories":[103],"tags":[84],"class_list":["post-29493","post","type-post","status-publish","format-standard","hentry","category-es-migjorn","tag-psib-psoe"],"_links":{"self":[{"href":"https:\/\/www.psib-psoe.org\/menorca\/alaior\/wp-json\/wp\/v2\/posts\/29493"}],"collection":[{"href":"https:\/\/www.psib-psoe.org\/menorca\/alaior\/wp-json\/wp\/v2\/posts"}],"about":[{"href":"https:\/\/www.psib-psoe.org\/menorca\/alaior\/wp-json\/wp\/v2\/types\/post"}],"author":[{"embeddable":true,"href":"https:\/\/www.psib-psoe.org\/menorca\/alaior\/wp-json\/wp\/v2\/users\/1"}],"replies":[{"embeddable":true,"href":"https:\/\/www.psib-psoe.org\/menorca\/alaior\/wp-json\/wp\/v2\/comments?post=29493"}],"version-history":[{"count":0,"href":"https:\/\/www.psib-psoe.org\/menorca\/alaior\/wp-json\/wp\/v2\/posts\/29493\/revisions"}],"wp:attachment":[{"href":"https:\/\/www.psib-psoe.org\/menorca\/alaior\/wp-json\/wp\/v2\/media?parent=29493"}],"wp:term":[{"taxonomy":"category","embeddable":true,"href":"https:\/\/www.psib-psoe.org\/menorca\/alaior\/wp-json\/wp\/v2\/categories?post=29493"},{"taxonomy":"post_tag","embeddable":true,"href":"https:\/\/www.psib-psoe.org\/menorca\/alaior\/wp-json\/wp\/v2\/tags?post=29493"}],"curies":[{"name":"wp","href":"https:\/\/api.w.org\/{rel}","templated":true}]}}