{"id":29522,"date":"2024-03-22T15:45:00","date_gmt":"2024-03-22T13:45:00","guid":{"rendered":"https:\/\/www.psib-psoe.org\/menorca\/alaior\/el-psoe-menorca-exigeix-el-pp-que-respecti-el-model-territorial-de-menorca-2\/"},"modified":"2024-03-22T15:45:00","modified_gmt":"2024-03-22T13:45:00","slug":"el-psoe-menorca-exigeix-el-pp-que-respecti-el-model-territorial-de-menorca-2","status":"publish","type":"post","link":"https:\/\/www.psib-psoe.org\/menorca\/alaior\/el-psoe-menorca-exigeix-el-pp-que-respecti-el-model-territorial-de-menorca-2\/","title":{"rendered":"El PSOE Menorca exigeix el PP que respecti el model territorial de Menorca"},"content":{"rendered":"<div class=\"row wpb_row row-fluid img_noticia\">\n<div class=\"wpb_column columns small-12 medium-12 thb-dark-column\">\n<div class=\"vc_column-inner  \">\n<div class=\"wpb_wrapper\">\n<div class=\"wpb_single_image wpb_content_element vc_align_left\">\n<figure class=\"wpb_wrapper vc_figure\">\n<div class=\"vc_single_image-wrapper   vc_box_border_grey\"><img decoding=\"async\" class=\"vc_img-placeholder vc_single_image-img\" src=\"https:\/\/www.psib-psoe.org\/menorca\/alaior\/wp-content\/uploads\/no_image-101.png\" \/><\/div>\n<\/figure>\n<\/div>\n<\/div>\n<\/div>\n<\/div>\n<\/div>\n<div class=\"row wpb_row row-fluid intro\">\n<div class=\"wpb_column columns small-12 medium-12 thb-dark-column\">\n<div class=\"vc_column-inner  \">\n<div class=\"wpb_wrapper\">\n<div class=\"wpb_text_column wpb_content_element  \">\n<div class=\"wpb_wrapper\">\n<p>Susana Mora i Marc Pons han defensat que l\u2019aministia urban\u00edstica vol premiar les persones que no han respectat la normativa territorial i s\u2019han saltat les seves regles<\/p>\n<p>A m\u00e9s, els i les socialistes demanen a Vilafranca que defensi davant el Govern balear el PTI i els valors territorials de Menorca<\/p>\n<\/div>\n<\/div>\n<\/div>\n<\/div>\n<\/div>\n<\/div>\n<div class=\"row wpb_row row-fluid\">\n<div class=\"wpb_column columns small-12 medium-6 thb-dark-column\">\n<div class=\"vc_column-inner  \">\n<div class=\"wpb_wrapper\">\n<div class=\"wpb_text_column wpb_content_element  \">\n<div class=\"wpb_wrapper\">\n<p>Aquest mat\u00ed, la portaveu del Grup Socialista al Consell de Menorca, Susana Mora, i el diputat socialista en el Parlament de les Illes Balears, Marc Pons, han ofert una roda de premsa per denunciar la deriva de la pol\u00edtica territorial del Partit Popular. Mora s\u2019ha mostrat preocupada davant d\u2019alguns projectes que impulsa el Govern de les Illes Balears, liderats pel PP, com la Llei Omnibus. \u201cMallorca no pot canviar el model territorial de Menorca, un model que ha ha estat exemple per a altres territoris i que no \u00e9s de cap partit, sin\u00f3 de tota la societat\u201d.<\/p>\n<p>En aquest sentit, \u201ctamb\u00e9 esteim preocupats per una evident deixadesa per part del PP quant a les decisions que es prenen a Mallorca respecte Menorca. \u00c9s a dir, esteim davant d\u2019un PP que defensa el model de Menorca per\u00f2 que, alhora, permet que des de Mallorca el canvi\u00efn i el destrueixin. I a\u00e7\u00f2, precisament, \u00e9s la Llei Omnibus: el PP la ven com una normativa de simplificaci\u00f3 administrativa, per\u00f2 realment neix amb l\u2019objectiu d\u2019arreglar la situaci\u00f3 d\u2019aquelles persones que no han respectat la normativa a trav\u00e9s d\u2019una amistia urban\u00edstica que les premia i perdona\u201d.<span class=\"Apple-converted-space\">\u00a0<\/span><\/p>\n<\/div>\n<\/div>\n<\/div>\n<\/div>\n<\/div>\n<div class=\"wpb_column columns small-12 medium-6 thb-dark-column\">\n<div class=\"vc_column-inner  \">\n<div class=\"wpb_wrapper\">\n<div class=\"wpb_text_column wpb_content_element  \">\n<div class=\"wpb_wrapper\">\n<p>Marc Pons s\u2019ha afegit a les paraules de Mora i ha reiterat que \u201cMenorca ha fet un cam\u00ed propi, el qual ha suposat prendre consci\u00e8ncia de la import\u00e0ncia dels seus valors ambientals i territorials. Per\u00f2 ara demanam que, governi qui governi, tengui la valentia i l\u2019autoritat de defensar davant qualsevol instituci\u00f3 aquest acord que vam construir entre tots i totes\u201d. I ha recordat que, \u201csi la Llei Omnibus representa una estrat\u00e8gia per devaluar la nostra illa, no anam pel cam\u00ed correcte\u201d. Davant d\u2019aquest escenari, Pons ha defensat que des del PSOE \u201cpresentarem les iniciatives necess\u00e0ries per garantir que no hi hagi cap tipus de retroc\u00e9s en mat\u00e8ria territorial i ambiental a la nostra illa\u201d.<span class=\"Apple-converted-space\">\u00a0<\/span><\/p>\n<p>Amb tot, els socialistes han coincidit amb la preocupaci\u00f3 del PSOE davant la manera de fer del PP, \u201ca la qual, malauradament, ja esteim acostumats\u201d. De fet, \u201c\u00e9s un Govern sense sorpreses perqu\u00e8 el PP, quan governa, sempre fa el mateix: amb la seva pol\u00edtica beneficia uns pocs i perjudica la majoria. Mentre per davant diu que defensa el model, per darrere el destrueix acotant el cap davant les directrius de Marga Prohens. \u201cI molt preocupats tamb\u00e9\u201d, han afegit, \u201cper la deixadesa de funcions del president del Consell de Menorca, Adolfo Vilafranca, ja que no nom\u00e9s \u00e9s un president que no t\u00e9 projecte, lideratge ni pressupost, sin\u00f3 que, a m\u00e9s, permet que Mallorca lideri la pol\u00edtica de Menorca\u201d.<span class=\"Apple-converted-space\">\u00a0<\/span><\/p>\n<\/div>\n<\/div>\n<\/div>\n<\/div>\n<\/div>\n<\/div>\n<p>Source: Federaci\u00f3 de Menorca<\/p>\n<p>&#013;<br \/>\nSource: Es Mercadal i Fornells<\/p>\n","protected":false},"excerpt":{"rendered":"<p>Susana Mora i Marc Pons han defensat que l\u2019aministia urban\u00edstica vol premiar les persones que no han respectat la normativa territorial i s\u2019han saltat les seves regles A m\u00e9s, els i les socialistes demanen a Vilafranca que defensi davant el Govern balear el PTI i els valors territorials de Menorca Aquest mat\u00ed, la portaveu del&hellip;<\/p>\n","protected":false},"author":1,"featured_media":29523,"comment_status":"false","ping_status":"closed","sticky":false,"template":"","format":"standard","meta":{"footnotes":""},"categories":[100],"tags":[84],"class_list":["post-29522","post","type-post","status-publish","format-standard","has-post-thumbnail","hentry","category-es-mercadal-i-fornells","tag-psib-psoe"],"_links":{"self":[{"href":"https:\/\/www.psib-psoe.org\/menorca\/alaior\/wp-json\/wp\/v2\/posts\/29522"}],"collection":[{"href":"https:\/\/www.psib-psoe.org\/menorca\/alaior\/wp-json\/wp\/v2\/posts"}],"about":[{"href":"https:\/\/www.psib-psoe.org\/menorca\/alaior\/wp-json\/wp\/v2\/types\/post"}],"author":[{"embeddable":true,"href":"https:\/\/www.psib-psoe.org\/menorca\/alaior\/wp-json\/wp\/v2\/users\/1"}],"replies":[{"embeddable":true,"href":"https:\/\/www.psib-psoe.org\/menorca\/alaior\/wp-json\/wp\/v2\/comments?post=29522"}],"version-history":[{"count":0,"href":"https:\/\/www.psib-psoe.org\/menorca\/alaior\/wp-json\/wp\/v2\/posts\/29522\/revisions"}],"wp:featuredmedia":[{"embeddable":true,"href":"https:\/\/www.psib-psoe.org\/menorca\/alaior\/wp-json\/wp\/v2\/media\/29523"}],"wp:attachment":[{"href":"https:\/\/www.psib-psoe.org\/menorca\/alaior\/wp-json\/wp\/v2\/media?parent=29522"}],"wp:term":[{"taxonomy":"category","embeddable":true,"href":"https:\/\/www.psib-psoe.org\/menorca\/alaior\/wp-json\/wp\/v2\/categories?post=29522"},{"taxonomy":"post_tag","embeddable":true,"href":"https:\/\/www.psib-psoe.org\/menorca\/alaior\/wp-json\/wp\/v2\/tags?post=29522"}],"curies":[{"name":"wp","href":"https:\/\/api.w.org\/{rel}","templated":true}]}}