{"id":29580,"date":"2024-05-03T17:05:04","date_gmt":"2024-05-03T15:05:04","guid":{"rendered":"https:\/\/www.psib-psoe.org\/menorca\/alaior\/el-psoe-reclama-mes-celeritat-al-pp-per-executar-les-inversions-previstes-a-l-escorxador-municipal\/"},"modified":"2024-05-03T17:05:04","modified_gmt":"2024-05-03T15:05:04","slug":"el-psoe-reclama-mes-celeritat-al-pp-per-executar-les-inversions-previstes-a-l-escorxador-municipal","status":"publish","type":"post","link":"https:\/\/www.psib-psoe.org\/menorca\/alaior\/el-psoe-reclama-mes-celeritat-al-pp-per-executar-les-inversions-previstes-a-l-escorxador-municipal\/","title":{"rendered":"El PSOE reclama m\u00e9s celeritat al PP per executar les inversions previstes a l\u2019 escorxador municipal"},"content":{"rendered":"<p>\n<strong>Els<br \/>\nsocialistes recorden que el finan\u00e7ament es va aconseguir el passat<br \/>\nmandat i ara temen que es puguin perdre les ajudes davant la falta<br \/>\nd\u2019avan\u00e7os en la tramitaci\u00f3 de les actuacions<\/strong><\/p>\n<p>El grup municipal del PSOE a l\u2019Ajuntament de Ciutadella ha presentat una moci\u00f3 pel Ple de maig per demanar a l\u2019equip de govern del Partit Popular l\u2019execuci\u00f3 de les inversions previstes a l\u2019escorxador municipal i la concreci\u00f3 de les ajudes que es destinaran a aquesta instal\u00b7laci\u00f3.<\/p>\n<p>\nDes del<br \/>\nPSOE es vol recordar que l\u2019escorxador Municipal de Ciutadella \u00e9s una<br \/>\ninstal\u00b7laci\u00f3 que acull el 80% del sacrifici de l\u2019Illa, \u00e9s, per<br \/>\ntant, una infraestructura necess\u00e0ria i imprescindible pel camp de<br \/>\nMenorca. De fet, els socialistes destaquen que durant els darrers<br \/>\nvuit anys s\u2019hi han fet inversions diverses, que han estat necess\u00e0ries<br \/>\ntant pel seu bon funcionament, com per donar compliment a la<br \/>\nnormativa sanit\u00e0ria, cada vegada m\u00e9s exigent. Aquestes inversions,<br \/>\nassenyalen, es van realitzar amb finan\u00e7ament del Govern Balear a<br \/>\ntrav\u00e9s del FOGAIBA i tamb\u00e9, des del 2021, amb finan\u00e7ament del<br \/>\nConsell Insular de Menorca.<\/p>\n<p>\nEl 2022<br \/>\nel govern balear, recorden, va destinar al seu pressupost una partida<br \/>\nd\u2019un mili\u00f3 d\u2019euros per dues inversions tan importants com<br \/>\nnecess\u00e0ries a l\u2019escorxador de Ciutadella: El Sanejament de les<br \/>\naig\u00fces residuals i el Tractament de la sang.<\/p>\n<p>\nDe fet,<br \/>\ndes del PSOE s\u2019apunta significativament que l\u2019anterior equip de<br \/>\ngovern va deixar adjudicats aquests projectes amb el finan\u00e7ament<br \/>\nespec\u00edfic del Govern Balear. Passat, per\u00f2,  ja quasi un any de<br \/>\nlegislatura, davant la manca de not\u00edcies i informaci\u00f3 respecte a<br \/>\nl\u2019execuci\u00f3 d\u2019aquestes inversions, el PSOE ha consultat els<br \/>\nexpedients i ha vist que, concretament, pel que fa al projecte de<br \/>\ntractament de sang, no s\u2019hi ha fet cap passa m\u00e9s i ha quedat aturat.<\/p>\n<p>\nEl grup<br \/>\nmunicipal del PSOE a l\u2019Ajuntament manifesta una gran preocupaci\u00f3<br \/>\nper aquest fet, ja que  la finalitat de l\u2019actuaci\u00f3 era la de<br \/>\nresoldre un tema sanitari i ara temen tamb\u00e9 que un cop aconseguit el<br \/>\nfinan\u00e7ament l\u2019anterior mandat, ara aquestes ajudes es puguin perdre,<br \/>\nperqu\u00e8 com lamenten no s\u2019ha avan\u00e7at res per tal d\u2019executar aquesta<br \/>\nactuaci\u00f3.<\/p>\n<p>\n<strong>El<br \/>\ntransport i eliminaci\u00f3 dels subproductes animals, sense contracte.<\/strong><\/p>\n<p>\nD\u2019altra<br \/>\nbanda, des del  grup municipal del PSOE Ciutadella tamb\u00e9 s\u2019ha<br \/>\nconstatat que el servei de transport i l\u2019eliminaci\u00f3 dels<br \/>\nsubproductes animals de l\u2019escorxador municipal va veure com<br \/>\ncaducava el contracte el desembre de 2023, sense que l\u2019equip de<br \/>\ngovern municipal del Partit Popular l\u2019hagi licitat de nou. En aquest<br \/>\nsentit, els socialistes han<br \/>\npresentat tamb\u00e9 una bateria de preguntes<br \/>\nal Ple d\u2019aquest mes, per tal que el regidor responsable  clarifiqui<br \/>\nels fets i informi davant del Ple  sobre la irregularitat d\u2019estar<br \/>\nportant-se un servei fora de contracte, la qual cosa suposa un<br \/>\nincompliment clar de la llei de contractes del sector p\u00fablic, que ho<br \/>\nprohibeix expressament.<\/p>\n<p>Source: Municipi Ciutadella<\/p>\n<p>Source: Ferreries<\/p>\n<p>&#013;<br \/>\nSource: Municipi Ciutadella<\/p>\n","protected":false},"excerpt":{"rendered":"<p>Els socialistes recorden que el finan\u00e7ament es va aconseguir el passat mandat i ara temen que es puguin perdre les ajudes davant la falta d\u2019avan\u00e7os en la tramitaci\u00f3 de les actuacions El grup municipal del PSOE a l\u2019Ajuntament de Ciutadella ha presentat una moci\u00f3 pel Ple de maig per demanar a l\u2019equip de govern del&hellip;<\/p>\n","protected":false},"author":1,"featured_media":0,"comment_status":"false","ping_status":"closed","sticky":false,"template":"","format":"standard","meta":{"footnotes":""},"categories":[98],"tags":[84],"class_list":["post-29580","post","type-post","status-publish","format-standard","hentry","category-ciutadella","tag-psib-psoe"],"_links":{"self":[{"href":"https:\/\/www.psib-psoe.org\/menorca\/alaior\/wp-json\/wp\/v2\/posts\/29580"}],"collection":[{"href":"https:\/\/www.psib-psoe.org\/menorca\/alaior\/wp-json\/wp\/v2\/posts"}],"about":[{"href":"https:\/\/www.psib-psoe.org\/menorca\/alaior\/wp-json\/wp\/v2\/types\/post"}],"author":[{"embeddable":true,"href":"https:\/\/www.psib-psoe.org\/menorca\/alaior\/wp-json\/wp\/v2\/users\/1"}],"replies":[{"embeddable":true,"href":"https:\/\/www.psib-psoe.org\/menorca\/alaior\/wp-json\/wp\/v2\/comments?post=29580"}],"version-history":[{"count":0,"href":"https:\/\/www.psib-psoe.org\/menorca\/alaior\/wp-json\/wp\/v2\/posts\/29580\/revisions"}],"wp:attachment":[{"href":"https:\/\/www.psib-psoe.org\/menorca\/alaior\/wp-json\/wp\/v2\/media?parent=29580"}],"wp:term":[{"taxonomy":"category","embeddable":true,"href":"https:\/\/www.psib-psoe.org\/menorca\/alaior\/wp-json\/wp\/v2\/categories?post=29580"},{"taxonomy":"post_tag","embeddable":true,"href":"https:\/\/www.psib-psoe.org\/menorca\/alaior\/wp-json\/wp\/v2\/tags?post=29580"}],"curies":[{"name":"wp","href":"https:\/\/api.w.org\/{rel}","templated":true}]}}