{"id":29582,"date":"2024-05-06T18:13:51","date_gmt":"2024-05-06T16:13:51","guid":{"rendered":"https:\/\/www.psib-psoe.org\/menorca\/alaior\/?p=29582"},"modified":"2024-05-06T18:13:51","modified_gmt":"2024-05-06T16:13:51","slug":"el-psoe-menorca-exigeix-al-president-del-consell-de-menorca-que-accepti-la-proposta-del-govern-despanya-de-fixar-un-preu-maxim-entre-menorca-i-barcelona","status":"publish","type":"post","link":"https:\/\/www.psib-psoe.org\/menorca\/alaior\/el-psoe-menorca-exigeix-al-president-del-consell-de-menorca-que-accepti-la-proposta-del-govern-despanya-de-fixar-un-preu-maxim-entre-menorca-i-barcelona\/","title":{"rendered":"El PSOE Menorca exigeix al president del Consell de Menorca que accepti la proposta del Govern d\u2019Espanya de fixar un preu m\u00e0xim entre Menorca i Barcelona"},"content":{"rendered":"<div class=\"row wpb_row row-fluid img_noticia\">\n<div class=\"wpb_column columns small-12 medium-12 thb-dark-column\">\n<div class=\"vc_column-inner  \">\n<div class=\"wpb_wrapper\">\n<div class=\"wpb_single_image wpb_content_element vc_align_left\">\n<figure class=\"wpb_wrapper vc_figure\">\n<div class=\"vc_single_image-wrapper   vc_box_border_grey\"><img loading=\"lazy\" decoding=\"async\" width=\"2560\" height=\"1920\" src=\"https:\/\/www.psib-psoe.org\/menorca\/alaior\/wp-content\/uploads\/Mora-i-Pastrana-scaled.jpg\" class=\"vc_single_image-img attachment-full\" alt=\"\" \/><\/div>\n<\/figure>\n<\/div>\n<\/div>\n<\/div>\n<\/div>\n<\/div>\n<div class=\"row wpb_row row-fluid intro\">\n<div class=\"wpb_column columns small-12 medium-12 thb-dark-column\">\n<div class=\"vc_column-inner  \">\n<div class=\"wpb_wrapper\">\n<div class=\"wpb_text_column wpb_content_element  \">\n<div class=\"wpb_wrapper\">\n<p>Susana Mora demana al PP del Consell que deixi de banda la pol\u00edtica de bra\u00e7os caiguts en mat\u00e8ria de connectivitat i prengui les decisions necess\u00e0ries per tal de millorar les connexions entre Menorca i Barcelona<\/p>\n<\/p><\/div><\/div>\n<\/div>\n<\/div>\n<\/div>\n<\/div>\n<div class=\"row wpb_row row-fluid\">\n<div class=\"wpb_column columns small-12 medium-6 thb-dark-column\">\n<div class=\"vc_column-inner  \">\n<div class=\"wpb_wrapper\">\n<div class=\"wpb_text_column wpb_content_element  \">\n<div class=\"wpb_wrapper\">\n<p>La portaveu del Grup Socialista al Consell Insular de Menorca, Susana Mora, aquest mat\u00ed en roda de premsa ha exigit al president del Consell Insular de Menorca, Adolfo Vilafranca, que accepti la proposta que fa el Ministeri de fixar un preu m\u00e0xim en els vols entre Menorca i Barcelona, una prova pilot tamb\u00e9 es vol posar en marxa entre la ruta Lanzarote-Madrid. Aquesta proposta eliminar\u00e0 el tram m\u00e9s car de bitllets, el qual coincideix majorit\u00e0riament amb la compra de bitllets durant Nadal i Setmana Santa.<span class=\"Apple-converted-space\">\u00a0<\/span><\/p>\n<p>La socialista ha defensat aquesta proposta posant en context la situaci\u00f3. \u201cAconseguir una bona connectivitat durant tot l\u2019any amb Menorca ha estat sempre un repte i una prioritat per a les administracions\u201d, per\u00f2, tal com ha reconegut la socialista, \u201cf\u00f3rmules m\u00e0giques en aquest sentit no existeixen\u201d. No obstant a\u00e7\u00f2, \u201cl\u2019administraci\u00f3 ha d\u2019intervenir per tal de garantir als menorquins i menorquines unes condicions d\u2019equitat quant a mobilitat i transport\u201d.<span class=\"Apple-converted-space\">\u00a0<\/span><\/p>\n<p>La proposta que fa el Ministeri, la qual el Partit Socialista li dona suport, est\u00e0 relacionada amb limitar amb un preu m\u00e0xim la ruta entre Menorca i Barcelona. \u201cNo es tracta, en aquest sentit, amb subvencionar l\u00ednies, freq\u00fc\u00e8ncies o places; es tracta de tenir un preu m\u00e0xim per tal que els menorquins i menorquines que vulguin tornar a Menorca per Nadal o Setmana Santa puguin fer-ho amb un preu assequible. \u00c9s injust que els preus m\u00e9s cars de l\u2019any precisament coincideixin amb aquestes dates tan assenyalades\u201d.<\/p>\n<\/p><\/div><\/div>\n<\/div>\n<\/div>\n<\/div>\n<div class=\"wpb_column columns small-12 medium-6 thb-dark-column\">\n<div class=\"vc_column-inner  \">\n<div class=\"wpb_wrapper\">\n<div class=\"wpb_text_column wpb_content_element  \">\n<div class=\"wpb_wrapper\">\n<p>Per tant, es tracta de fer feina entorn una prova pilot que fixi un preu m\u00e0xim en la ruta entre Menorca i Barcelona i que no afecti els preus m\u00e9s barats que es venen durant la resta de l\u2019any. \u201cLa proposta \u00e9s que aquesta prova pilot s\u2019inici\u00ef enguany i duri 18 mesos, amb la possibilitat que, si no funciona, es pugui suspendre\u201d. Aix\u00ed, \u201cdes del PSOE Menorca exigim que el president Vilafranca accepti la proposta, la qual compta amb les garanties necess\u00e0ries, tant per ser iniciada com per ser suspesa si finalment es constata que no acaba de funcionar\u201d.<span class=\"Apple-converted-space\">\u00a0<\/span><\/p>\n<p>A m\u00e9s, Mora ha criticat la pol\u00edtica de bra\u00e7os caiguts del PP al Consell de Menorca en mat\u00e8ria de connectivitat. \u201cNo podem tolerar que, per la seva manca de gesti\u00f3 i lideratge, el PP deixi perdre connexions durant l\u2019hivern, les quals hav\u00edem aconseguit amb esfor\u00e7, di\u00e0leg i feina durant la passada legislatura. \u00c9s per aquest motiu que necessitam, d\u2019una vegada per totes, que el president sigui seri\u00f3s, responsable i prengui les decisions necess\u00e0ries per tal de millorar, en aquest cas, la connectivitat amb Menorca i Barcelona\u201d.<span class=\"Apple-converted-space\">\u00a0<\/span><\/p>\n<\/p><\/div><\/div>\n<\/div>\n<\/div>\n<\/div>\n<\/div>\n<p>&#013;<br \/>\nSource: Federaci\u00f3 de Menorca<\/p>\n","protected":false},"excerpt":{"rendered":"<p>Susana Mora demana al PP del Consell que deixi de banda la pol\u00edtica de bra\u00e7os caiguts en mat\u00e8ria de connectivitat i prengui les decisions necess\u00e0ries per tal de millorar les connexions entre Menorca i Barcelona La portaveu del Grup Socialista al Consell Insular de Menorca, Susana Mora, aquest mat\u00ed en roda de premsa ha exigit&hellip;<\/p>\n","protected":false},"author":1,"featured_media":0,"comment_status":"false","ping_status":"closed","sticky":false,"template":"","format":"standard","meta":{"footnotes":""},"categories":[2],"tags":[84],"class_list":["post-29582","post","type-post","status-publish","format-standard","hentry","category-federacio-de-menorca","tag-psib-psoe"],"_links":{"self":[{"href":"https:\/\/www.psib-psoe.org\/menorca\/alaior\/wp-json\/wp\/v2\/posts\/29582"}],"collection":[{"href":"https:\/\/www.psib-psoe.org\/menorca\/alaior\/wp-json\/wp\/v2\/posts"}],"about":[{"href":"https:\/\/www.psib-psoe.org\/menorca\/alaior\/wp-json\/wp\/v2\/types\/post"}],"author":[{"embeddable":true,"href":"https:\/\/www.psib-psoe.org\/menorca\/alaior\/wp-json\/wp\/v2\/users\/1"}],"replies":[{"embeddable":true,"href":"https:\/\/www.psib-psoe.org\/menorca\/alaior\/wp-json\/wp\/v2\/comments?post=29582"}],"version-history":[{"count":0,"href":"https:\/\/www.psib-psoe.org\/menorca\/alaior\/wp-json\/wp\/v2\/posts\/29582\/revisions"}],"wp:attachment":[{"href":"https:\/\/www.psib-psoe.org\/menorca\/alaior\/wp-json\/wp\/v2\/media?parent=29582"}],"wp:term":[{"taxonomy":"category","embeddable":true,"href":"https:\/\/www.psib-psoe.org\/menorca\/alaior\/wp-json\/wp\/v2\/categories?post=29582"},{"taxonomy":"post_tag","embeddable":true,"href":"https:\/\/www.psib-psoe.org\/menorca\/alaior\/wp-json\/wp\/v2\/tags?post=29582"}],"curies":[{"name":"wp","href":"https:\/\/api.w.org\/{rel}","templated":true}]}}