{"id":25493,"date":"2022-01-18T12:37:05","date_gmt":"2022-01-18T10:37:05","guid":{"rendered":"https:\/\/www.psib-psoe.org\/menorca\/ciutadella\/a-alaior-hi-ha-les-zones-amb-la-renda-mes-baixa-de-menorca\/"},"modified":"2022-01-18T12:37:05","modified_gmt":"2022-01-18T10:37:05","slug":"a-alaior-hi-ha-les-zones-amb-la-renda-mes-baixa-de-menorca","status":"publish","type":"post","link":"https:\/\/www.psib-psoe.org\/menorca\/ciutadella\/a-alaior-hi-ha-les-zones-amb-la-renda-mes-baixa-de-menorca\/","title":{"rendered":"A ALAIOR HI HA LES ZONES AMB LA RENDA M\u00c9S BAIXA DE MENORCA"},"content":{"rendered":"<figure class=\"wp-block-image\"><img decoding=\"async\" src=\"https:\/\/scontent-mad1-1.xx.fbcdn.net\/v\/t39.30808-6\/p526x296\/271754085_236613688654464_1976056418916856865_n.jpg?_nc_cat=100&amp;ccb=1-5&amp;_nc_sid=8bfeb9&amp;_nc_ohc=JFjZSDmDiD0AX9JZAhy&amp;_nc_ht=scontent-mad1-1.xx&amp;oh=00_AT8yXC6DqUGAhsSZJtySCq3UBaqWnm-XQosGOx8598wGvA&amp;oe=61EBFB36\" alt=\"May be an image of a l'exterior i text que diu 'en REU Malb\u00fager es la \u00fanica zona urbana de la Isla donde la renta por hogar MENOS DE 30.000 EUROS POR UNIDAD FA Cuatro barrios de Alaior, a la cola en ingresos por hogar Cala en Busquets, Son Vitamina, Cales Coves y Cala en Porter son los puntos con menos renta na y Cales Coves con unos sOS familiares en ese a\u00f1o de euros. Aunque no es la prime que aparecen entre estas nes de la estad\u00edstica del los cuatro a\u00f1os que van de'\" \/><\/figure>\n<p>Source: Municipi Alaoir<\/p>\n","protected":false},"excerpt":{"rendered":"<p>Source: Municipi Alaoir<\/p>\n","protected":false},"author":1,"featured_media":0,"comment_status":"false","ping_status":"open","sticky":false,"template":"","format":"standard","meta":{"footnotes":""},"categories":[102],"tags":[84],"class_list":["post-25493","post","type-post","status-publish","format-standard","hentry","category-alaior","tag-psib-psoe"],"_links":{"self":[{"href":"https:\/\/www.psib-psoe.org\/menorca\/ciutadella\/wp-json\/wp\/v2\/posts\/25493"}],"collection":[{"href":"https:\/\/www.psib-psoe.org\/menorca\/ciutadella\/wp-json\/wp\/v2\/posts"}],"about":[{"href":"https:\/\/www.psib-psoe.org\/menorca\/ciutadella\/wp-json\/wp\/v2\/types\/post"}],"author":[{"embeddable":true,"href":"https:\/\/www.psib-psoe.org\/menorca\/ciutadella\/wp-json\/wp\/v2\/users\/1"}],"replies":[{"embeddable":true,"href":"https:\/\/www.psib-psoe.org\/menorca\/ciutadella\/wp-json\/wp\/v2\/comments?post=25493"}],"version-history":[{"count":0,"href":"https:\/\/www.psib-psoe.org\/menorca\/ciutadella\/wp-json\/wp\/v2\/posts\/25493\/revisions"}],"wp:attachment":[{"href":"https:\/\/www.psib-psoe.org\/menorca\/ciutadella\/wp-json\/wp\/v2\/media?parent=25493"}],"wp:term":[{"taxonomy":"category","embeddable":true,"href":"https:\/\/www.psib-psoe.org\/menorca\/ciutadella\/wp-json\/wp\/v2\/categories?post=25493"},{"taxonomy":"post_tag","embeddable":true,"href":"https:\/\/www.psib-psoe.org\/menorca\/ciutadella\/wp-json\/wp\/v2\/tags?post=25493"}],"curies":[{"name":"wp","href":"https:\/\/api.w.org\/{rel}","templated":true}]}}