{"id":25973,"date":"2024-03-26T13:26:59","date_gmt":"2024-03-26T11:26:59","guid":{"rendered":"https:\/\/www.psib-psoe.org\/menorca\/ciutadella\/?p=25973"},"modified":"2024-03-26T13:26:59","modified_gmt":"2024-03-26T11:26:59","slug":"el-psoe-menorca-aconegueix-que-el-govern-augmenti-en-300-000e-mes-la-partida-destinada-a-les-ajudes-al-sector-lacti-de-menorca","status":"publish","type":"post","link":"https:\/\/www.psib-psoe.org\/menorca\/ciutadella\/el-psoe-menorca-aconegueix-que-el-govern-augmenti-en-300-000e-mes-la-partida-destinada-a-les-ajudes-al-sector-lacti-de-menorca\/","title":{"rendered":"El PSOE Menorca aconegueix que el Govern augmenti en 300.000\u20ac m\u00e9s la partida destinada a les ajudes al sector lacti de Menorca"},"content":{"rendered":"<div class=\"row wpb_row row-fluid img_noticia\">\n<div class=\"wpb_column columns small-12 medium-12 thb-dark-column\">\n<div class=\"vc_column-inner  \">\n<div class=\"wpb_wrapper\">\n<div class=\"wpb_single_image wpb_content_element vc_align_left\">\n<figure class=\"wpb_wrapper vc_figure\">\n<div class=\"vc_single_image-wrapper   vc_box_border_grey\"><img loading=\"lazy\" decoding=\"async\" width=\"2560\" height=\"1707\" src=\"https:\/\/www.psib-psoe.org\/menorca\/wp-content\/uploads\/DSC01197-scaled.jpg\" class=\"vc_single_image-img attachment-full\" alt=\"\" \/><\/div>\n<\/figure><\/div>\n<\/div>\n<\/div>\n<\/div>\n<\/div>\n<div class=\"row wpb_row row-fluid intro\">\n<div class=\"wpb_column columns small-12 medium-12 thb-dark-column\">\n<div class=\"vc_column-inner  \">\n<div class=\"wpb_wrapper\">\n<div class=\"wpb_text_column wpb_content_element  \">\n<div class=\"wpb_wrapper\">\n<p>Pilar Carbonero ha celebrat que el PP hagi escoltat la petici\u00f3 del PSOE i hagi augmentat la partida destinada al Pla PROVILAC en 300.000\u20ac, a part del 1,3 milions d&#8217;euros<\/p>\n<\/p><\/div><\/div>\n<\/div>\n<\/div>\n<\/div>\n<\/div>\n<div class=\"row wpb_row row-fluid\">\n<div class=\"wpb_column columns small-12 medium-6 thb-dark-column\">\n<div class=\"vc_column-inner  \">\n<div class=\"wpb_wrapper\">\n<div class=\"wpb_text_column wpb_content_element  \">\n<div class=\"wpb_wrapper\">\n<p>El PSOE Menorca celebra que la feina a l&#8217;oposici\u00f3 dels i les socialistes est\u00e0 servint per marcar l&#8217;agenda pol\u00edtica del Govern de les Illes Balears i per posar l&#8217;accent en les necessitats de cada territori. En aquest sentit, la diputada, Pilar Carbonero, ha aplaudit que el PP hagi escoltat les peticions del PSOE i hagi augmentat, en 300.000\u20ac m\u00e9s, a part del 1,3 milions d&#8217;euros, la quantia que rep Menorca a trav\u00e9s del Pla Provilac.<\/p>\n<p>Carbonero, en la seva segona intervenci\u00f3 al Parlament, ha recordat que &#8220;gr\u00e0cies al Partit Socialista el PP ha reconegut que Menorca representa el 79% de la producci\u00f3 de llet i ha actuat en conseq\u00fc\u00e8ncia, incrementant, de forma equitativa, la quantitat que ha de destinar per ajudar el nostre sector lacti. No era just que la distribuci\u00f3 per cada illa fos pr\u00e0cticament la mateixa, ja que, com hem dit, el volum de producci\u00f3 de Menorca \u00e9s molt m\u00e9s alt&#8221;.<\/p>\n<\/p><\/div><\/div>\n<\/div>\n<\/div>\n<\/div>\n<div class=\"wpb_column columns small-12 medium-6 thb-dark-column\">\n<div class=\"vc_column-inner  \">\n<div class=\"wpb_wrapper\">\n<div class=\"wpb_text_column wpb_content_element  \">\n<div class=\"wpb_wrapper\">\n<p>Cal recordar que, en el mateix sentit, el conseller socialista, Bep Pastrana, va presentar una proposta d&#8217;acord en el darrer plenari del Consell de Menorca que instava el Govern de les Illes Balears a destinar al sector lleter de Menorca la quantitat que pel volum de la seva producci\u00f3 li correspon, ja que el repartiment no s&#8217;havia fet de forma justa ni equitativa. Aquesta iniciativa socialista va ser aprovava per unanimitat, amb els vots a favor del PP i Vox.<span class=\"Apple-converted-space\">\u00a0<\/span><\/p>\n<p>Amb tot, des del PSOE Menorca, a tots els nivells, seguir\u00e0 vetllant perqu\u00e8 es corregeixin les desigualtats en les pol\u00edtiques que impulsa el PP. Aquest augment de la partida ha de suposar l&#8217;enfortiment de la competitivitat i sostenibilitat del sector lacti a Menorca i ha de garantir la seva viabilitat a llarg termini. Instam el PP a seguir escoltant les peticions del sector en particular i de la societat en general per continuar construint un futur m\u00e9s equitatiu i just per a tots i totes.<\/p>\n<\/p><\/div><\/div>\n<\/div>\n<\/div>\n<\/div>\n<\/div>\n<p>Source: Federaci\u00f3 de Menorca <\/p>\n","protected":false},"excerpt":{"rendered":"<p>Pilar Carbonero ha celebrat que el PP hagi escoltat la petici\u00f3 del PSOE i hagi augmentat la partida destinada al Pla PROVILAC en 300.000\u20ac, a part del 1,3 milions d&#8217;euros El PSOE Menorca celebra que la feina a l&#8217;oposici\u00f3 dels i les socialistes est\u00e0 servint per marcar l&#8217;agenda pol\u00edtica del Govern de les Illes Balears&hellip;<\/p>\n","protected":false},"author":1,"featured_media":25974,"comment_status":"false","ping_status":"closed","sticky":false,"template":"","format":"standard","meta":{"footnotes":""},"categories":[2],"tags":[84],"class_list":["post-25973","post","type-post","status-publish","format-standard","has-post-thumbnail","hentry","category-federacio-de-menorca","tag-psib-psoe"],"_links":{"self":[{"href":"https:\/\/www.psib-psoe.org\/menorca\/ciutadella\/wp-json\/wp\/v2\/posts\/25973"}],"collection":[{"href":"https:\/\/www.psib-psoe.org\/menorca\/ciutadella\/wp-json\/wp\/v2\/posts"}],"about":[{"href":"https:\/\/www.psib-psoe.org\/menorca\/ciutadella\/wp-json\/wp\/v2\/types\/post"}],"author":[{"embeddable":true,"href":"https:\/\/www.psib-psoe.org\/menorca\/ciutadella\/wp-json\/wp\/v2\/users\/1"}],"replies":[{"embeddable":true,"href":"https:\/\/www.psib-psoe.org\/menorca\/ciutadella\/wp-json\/wp\/v2\/comments?post=25973"}],"version-history":[{"count":0,"href":"https:\/\/www.psib-psoe.org\/menorca\/ciutadella\/wp-json\/wp\/v2\/posts\/25973\/revisions"}],"wp:featuredmedia":[{"embeddable":true,"href":"https:\/\/www.psib-psoe.org\/menorca\/ciutadella\/wp-json\/wp\/v2\/media\/25974"}],"wp:attachment":[{"href":"https:\/\/www.psib-psoe.org\/menorca\/ciutadella\/wp-json\/wp\/v2\/media?parent=25973"}],"wp:term":[{"taxonomy":"category","embeddable":true,"href":"https:\/\/www.psib-psoe.org\/menorca\/ciutadella\/wp-json\/wp\/v2\/categories?post=25973"},{"taxonomy":"post_tag","embeddable":true,"href":"https:\/\/www.psib-psoe.org\/menorca\/ciutadella\/wp-json\/wp\/v2\/tags?post=25973"}],"curies":[{"name":"wp","href":"https:\/\/api.w.org\/{rel}","templated":true}]}}