{"id":26117,"date":"2024-07-05T18:38:43","date_gmt":"2024-07-05T16:38:43","guid":{"rendered":"https:\/\/www.psib-psoe.org\/menorca\/ciutadella\/?p=26117"},"modified":"2024-07-06T12:58:14","modified_gmt":"2024-07-06T10:58:14","slug":"el-psoe-amb-psm-mes-per-menorca-i-ciutadella-endavant-registren-una-mocio-de-censura-a-lajuntament-i-tanquen-l-acord-de-governabilitat-per-a-la-resta-del-mandat","status":"publish","type":"post","link":"https:\/\/www.psib-psoe.org\/menorca\/ciutadella\/el-psoe-amb-psm-mes-per-menorca-i-ciutadella-endavant-registren-una-mocio-de-censura-a-lajuntament-i-tanquen-l-acord-de-governabilitat-per-a-la-resta-del-mandat\/","title":{"rendered":"El PSOE amb PSM &#8211; Mes per Menorca i Ciutadella Endavant registren una moci\u00f3 de censura a l&#8217;Ajuntament i tanquen l&#8217; acord de governabilitat per a la resta del mandat"},"content":{"rendered":"\n\n\n\n\n\n\n\n<figure class=\"wp-block-image\"><img loading=\"lazy\" decoding=\"async\" width=\"1024\" height=\"566\" src=\"https:\/\/www.psib-psoe.org\/menorca\/ciutadella\/wp-content\/uploads\/PACTE-CIUTADELLA-1024x566.jpg\" alt=\"\" class=\"wp-image-26126\" srcset=\"https:\/\/www.psib-psoe.org\/menorca\/ciutadella\/wp-content\/uploads\/PACTE-CIUTADELLA-1024x566.jpg 1024w, https:\/\/www.psib-psoe.org\/menorca\/ciutadella\/wp-content\/uploads\/PACTE-CIUTADELLA-300x166.jpg 300w, https:\/\/www.psib-psoe.org\/menorca\/ciutadella\/wp-content\/uploads\/PACTE-CIUTADELLA-768x424.jpg 768w, https:\/\/www.psib-psoe.org\/menorca\/ciutadella\/wp-content\/uploads\/PACTE-CIUTADELLA-20x11.jpg 20w, https:\/\/www.psib-psoe.org\/menorca\/ciutadella\/wp-content\/uploads\/PACTE-CIUTADELLA-150x83.jpg 150w, https:\/\/www.psib-psoe.org\/menorca\/ciutadella\/wp-content\/uploads\/PACTE-CIUTADELLA-600x332.jpg 600w, https:\/\/www.psib-psoe.org\/menorca\/ciutadella\/wp-content\/uploads\/PACTE-CIUTADELLA-900x497.jpg 900w, https:\/\/www.psib-psoe.org\/menorca\/ciutadella\/wp-content\/uploads\/PACTE-CIUTADELLA.jpg 1200w\" sizes=\"(max-width: 1024px) 100vw, 1024px\" \/><figcaption> Les portaveus Sandra Moll (PSOE), Carla Gener (Ciutadela Endavant) i Maria Jes\u00fas Bagur (PSM) a la seu del PSOE.  <\/figcaption><\/figure>\n\n\n\n<p>Un cop les assemblees dels tres partits van donar suport a l&#8217;acord de governabilitat per a la resta del mandat, els grups municipals de PSOE, PSM M\u00e9s per Menorca i Ciutadella Endavant han registrat a l&#8217;Ajuntament de Ciutadella una moci\u00f3 de censura, signada per tots els regidors d&#8217;esquerra amb la determinaci\u00f3 de recuperar el govern del municipi, d&#8217;acord al pacte de governabilitat que els partits progressistes han signat i que podeu consultar al final de la informaci\u00f3.<\/p>\n\n\n\n<p>El Ple de la moci\u00f3 de censura tindr\u00e0 lloc el proper divendres 19 de juliol a les dotze hores i situar\u00e0 al nostre regidor Lloren\u00e7 Ferrer com a batlle en el lloc de Juana Mari Pons Torres, del Partit Popular.<\/p>\n\n\n\n<p>D&#8217;aquesta manera, Ciutadella recupera el mandat  democr\u00e0tic sorgit de les urnes el maig de 2023 que va atorgar la majoria als partits progressistes, amb 11 regidors, front els 10 del bloc conservador, representat pel Partit Popular i Vox.<\/p>\n\n\n\n<p><strong>Per \u00e0rees la distribuci\u00f3 del nou organigrama de l&#8217;Ajuntament queda de la seg\u00fcent manera:<\/strong><\/p>\n\n\n\n<p><strong>PSOE Ciutadella:<\/strong> Serveis Econ\u00f2mics; Urbanisme i Activitats; Recursos Humans; \u00das de la Via P\u00fablica i Governaci\u00f3; Festes, Turisme i Salubritat P\u00fablica; Comer\u00e7, Fires i Mercats; i Servei d&#8217;Escorxador.<\/p>\n\n\n\n<p><strong>PSM M\u00e9s per Menorca:<\/strong> Medi Ambient, Sostenibilitat i Camins Rurals; Cultura i Patrimoni i Cementeris; Seguretat Ciutadana; Mobilitat i Atenci\u00f3 Social; Joventut, Participaci\u00f3 Ciutadana i Projecte de Ciutat; Esports; Millora i Manteniment de la Via P\u00fablica; Serveis d&#8217;Aigua i Clavegueram; Tecnologies de la Informaci\u00f3 i Comunicaci\u00f3 i Transpar\u00e8ncia.<\/p>\n\n\n\n<p><strong>Ciutadella Endavant:<\/strong> Igualtat i Cooperaci\u00f3; Formaci\u00f3 i Ocupaci\u00f3; Educaci\u00f3; i Neteja i Recollida de Residus.<\/p>\n\n\n\n<p>Podeu consultar el document de la moci\u00f3 de censura registrada a l&#8217;Ajuntament, aix\u00ed com els principals punts de l&#8217;acord de governabilitat en els documents adjunts.<\/p>\n\n\n\n<div class=\"wp-block-file\"><a href=\"https:\/\/www.psib-psoe.org\/menorca\/ciutadella\/wp-content\/uploads\/1735.pdf\">Acord de Governabilitat PSOE &#8211; PSM &#8211; CIUTADELLA ENDAVANT <br>(2024-2027) <\/a><a href=\"https:\/\/www.psib-psoe.org\/menorca\/ciutadella\/wp-content\/uploads\/1735.pdf\" class=\"wp-block-file__button\" download>Baixa<\/a><\/div>\n\n\n\n<div class=\"wp-block-file\"><a href=\"https:\/\/www.psib-psoe.org\/menorca\/ciutadella\/wp-content\/uploads\/1736.pdf\">Moci\u00f3 de censura  registrada el 5\/07\/2024<\/a><a href=\"https:\/\/www.psib-psoe.org\/menorca\/ciutadella\/wp-content\/uploads\/1736.pdf\" class=\"wp-block-file__button\" download>Baixa<\/a><\/div>\n","protected":false},"excerpt":{"rendered":"<p>Un cop les assemblees dels tres partits van donar suport a l&#8217;acord de governabilitat per a la resta del mandat, els grups municipals de PSOE, PSM M\u00e9s per Menorca i Ciutadella Endavant han registrat a l&#8217;Ajuntament de Ciutadella una moci\u00f3 de censura, signada per tots els regidors d&#8217;esquerra amb la determinaci\u00f3 de recuperar el govern&hellip;<\/p>\n","protected":false},"author":7,"featured_media":26126,"comment_status":"closed","ping_status":"closed","sticky":false,"template":"","format":"standard","meta":{"footnotes":""},"categories":[97],"tags":[84],"class_list":["post-26117","post","type-post","status-publish","format-standard","has-post-thumbnail","hentry","category-ciutadella","tag-psib-psoe"],"_links":{"self":[{"href":"https:\/\/www.psib-psoe.org\/menorca\/ciutadella\/wp-json\/wp\/v2\/posts\/26117"}],"collection":[{"href":"https:\/\/www.psib-psoe.org\/menorca\/ciutadella\/wp-json\/wp\/v2\/posts"}],"about":[{"href":"https:\/\/www.psib-psoe.org\/menorca\/ciutadella\/wp-json\/wp\/v2\/types\/post"}],"author":[{"embeddable":true,"href":"https:\/\/www.psib-psoe.org\/menorca\/ciutadella\/wp-json\/wp\/v2\/users\/7"}],"replies":[{"embeddable":true,"href":"https:\/\/www.psib-psoe.org\/menorca\/ciutadella\/wp-json\/wp\/v2\/comments?post=26117"}],"version-history":[{"count":0,"href":"https:\/\/www.psib-psoe.org\/menorca\/ciutadella\/wp-json\/wp\/v2\/posts\/26117\/revisions"}],"wp:featuredmedia":[{"embeddable":true,"href":"https:\/\/www.psib-psoe.org\/menorca\/ciutadella\/wp-json\/wp\/v2\/media\/26126"}],"wp:attachment":[{"href":"https:\/\/www.psib-psoe.org\/menorca\/ciutadella\/wp-json\/wp\/v2\/media?parent=26117"}],"wp:term":[{"taxonomy":"category","embeddable":true,"href":"https:\/\/www.psib-psoe.org\/menorca\/ciutadella\/wp-json\/wp\/v2\/categories?post=26117"},{"taxonomy":"post_tag","embeddable":true,"href":"https:\/\/www.psib-psoe.org\/menorca\/ciutadella\/wp-json\/wp\/v2\/tags?post=26117"}],"curies":[{"name":"wp","href":"https:\/\/api.w.org\/{rel}","templated":true}]}}