{"id":26130,"date":"2024-07-09T09:56:37","date_gmt":"2024-07-09T07:56:37","guid":{"rendered":"https:\/\/www.psib-psoe.org\/menorca\/ciutadella\/el-psoe-menorca-denuncia-que-durant-el-seu-primer-any-mandat-el-pp-no-ha-sabut-gestionar-i-ha-acotat-cap-davant-les-instruccions-de-prohens\/"},"modified":"2024-07-09T09:56:37","modified_gmt":"2024-07-09T07:56:37","slug":"el-psoe-menorca-denuncia-que-durant-el-seu-primer-any-mandat-el-pp-no-ha-sabut-gestionar-i-ha-acotat-cap-davant-les-instruccions-de-prohens","status":"publish","type":"post","link":"https:\/\/www.psib-psoe.org\/menorca\/ciutadella\/el-psoe-menorca-denuncia-que-durant-el-seu-primer-any-mandat-el-pp-no-ha-sabut-gestionar-i-ha-acotat-cap-davant-les-instruccions-de-prohens\/","title":{"rendered":"El PSOE Menorca denuncia que durant el seu primer any mandat, el PP no ha sabut gestionar i ha acotat cap davant les instruccions de Prohens"},"content":{"rendered":"<div class=\"row wpb_row row-fluid img_noticia\">\n<div class=\"wpb_column columns small-12 medium-12 thb-dark-column\">\n<div class=\"vc_column-inner  \">\n<div class=\"wpb_wrapper\">\n<div class=\"wpb_single_image wpb_content_element vc_align_left\">\n<figure class=\"wpb_wrapper vc_figure\">\n<div class=\"vc_single_image-wrapper   vc_box_border_grey\"><img loading=\"lazy\" decoding=\"async\" width=\"4032\" height=\"3024\" src=\"https:\/\/www.psib-psoe.org\/menorca\/wp-content\/uploads\/IMG_7791.png\" class=\"vc_single_image-img attachment-full\" alt=\"\" \/><\/div>\n<\/figure><\/div>\n<\/div>\n<\/div>\n<\/div>\n<\/div>\n<div class=\"row wpb_row row-fluid intro\">\n<div class=\"wpb_column columns small-12 medium-12 thb-dark-column\">\n<div class=\"vc_column-inner  \">\n<div class=\"wpb_wrapper\">\n<div class=\"wpb_text_column wpb_content_element  \">\n<div class=\"wpb_wrapper\">\n<p>B\u00e0rbara Torrent ha denunciat que &#8220;al Consell de Menorca tenim un govern que no s&#8217;implica amb els projectes prioritaris per a Menorca i no resol les principals necessitats dels menorquins i menorquines&#8221;<\/p>\n<\/p><\/div><\/div>\n<\/div>\n<\/div>\n<\/div>\n<\/div>\n<div class=\"row wpb_row row-fluid\">\n<div class=\"wpb_column columns small-12 medium-6 thb-dark-column\">\n<div class=\"vc_column-inner  \">\n<div class=\"wpb_wrapper\">\n<div class=\"wpb_text_column wpb_content_element  \">\n<div class=\"wpb_wrapper\">\n<p>Aquest mat\u00ed, el PSOE Menorca ha fet una valoraci\u00f3 del primer any de mandat del PP en el Consell Insular de Menorca, i ha avan\u00e7at que <b>durant aquest any no ha sabut ni ha sabut gestionar, ha acotat el cap davant les intruccions de Marga Prohens<\/b> i no ha sabut defensar els interessos de Menorca.<span class=\"Apple-converted-space\">\u00a0<\/span><\/p>\n<p>En aquest sentit, la consellera B\u00e0rbara Torrent, ha defensat que &#8220;el PP no ha estat capa\u00e7 d&#8217;estar a l&#8217;altura del que requereix governar un Consell Insular. No ha sabut gestionar i no estat capa\u00e7 de seure&#8217;s amb els grups de l&#8217;oposici\u00f3 i pactar un pressupost de m\u00ednims, el qual garant\u00eds les inversions fonamentals per Menorca&#8221;. La socialista ha criticat que &#8220;segueixi governant amb un pressupost prorrogat i a cop de modificacions pressupost\u00e0ries que presenten en els plenaris&#8221;.<\/p>\n<p>En segon lloc, Torrent ha criticat que <b>el PP ha acotat cap davant Prohens i que \u00e9s la sucursal de Mallorca<\/b>. &#8220;Davant les principals preocupacions i necessitats de Menorca, el PP ha acotat cap davant Mallorca i ha deixat que Prohens canvi\u00ef el model territorial i ambiental de Menorca que tants anys ha costat aconseguir i sense cap tipus de debat ni consens, demostrant aix\u00ed la manca de projecte propi. Un president incapa\u00e7 d&#8217;aixecar la veu i de fer valer la seva autonomia i capacitat de govern&#8221;. Alguns exemples que demostren aquest fet \u00e9s el decret de simplicaci\u00f3 administrativa; la supressi\u00f3 de la Comissi\u00f3 de Medi Ambient; la modificaci\u00f3 Llei Menorca Reserva de Biosfera, la segregaci\u00f3 ling\u00fc\u00edstica o el tancament de l&#8217;oficina anticorrupci\u00f3.<\/p>\n<p>En tercer lloc, tamb\u00e9 ha denunciat que <b>el PP nom\u00e9s aixeca la veu davant el Govern central i no davant el Govern auton\u00f2mic<\/b>. &#8220;Una mostra m\u00e9s que el PP al Consell de Menorca nom\u00e9s governa per al seu propi partit i no per als menorquins i menorquines \u00e9s, per exemple, que nom\u00e9s han assumit la gratu\u00eftat del transport p\u00fablic quan ha estat finan\u00e7at pel Govern de Pedro S\u00e1nchez. El que ha de fer un president responsable, el qual governa per a tota la ciutadania, \u00e9s reclamar a les administracions, governin els partits que governin, all\u00f2 que li correspon a la nostra illa. No pot fer partidisme entorn aquest tema&#8221;.<\/p>\n<\/p><\/div><\/div>\n<\/div>\n<\/div>\n<\/div>\n<div class=\"wpb_column columns small-12 medium-6 thb-dark-column\">\n<div class=\"vc_column-inner  \">\n<div class=\"wpb_wrapper\">\n<div class=\"wpb_text_column wpb_content_element  \">\n<div class=\"wpb_wrapper\">\n<p>En quart lloc, la socialista ha denunciat que <b>el PP no creu en els grans projectes per a Menorca<\/b>. &#8220;S&#8217;omple la boca en defensar els grans projectes en mat\u00e8ria d&#8217;habitatge, educaci\u00f3 o transici\u00f3 energ\u00e8tica, per\u00f2 a la pr\u00e0ctica les seves intencions queden retratades perqu\u00e8 ha deixat perdre fons fonamentals per a l&#8217;impuls i la posada en marxa d&#8217;aquests&#8221;. Alguns d&#8217;aquestes exemples, entre d&#8217;altres, s\u00f3n els 3 milions d&#8217;euros per al projecte del hub agrari Sa Granja o els 8 milions d&#8217;euros per a la repotenciaci\u00f3 del parc e\u00f2lic des Mil\u00e0.<\/p>\n<p>En cinqu\u00e8 lloc, Torrent ha criticat que <b>el PP ha estat sin\u00f2nim d&#8217;esc\u00e0ndols p\u00fablics i de vergonya pol\u00edtica<\/b>. &#8220;Aquest primer any de mandat es pot descriure com l&#8217;any dels esc\u00e0ndols pol\u00edtics protagonitzats per al PP. Ha demostrat poca transpar\u00e8ncia i responsabilitat, i que ha emprat la instituci\u00f3 p\u00fablica per al seu propi benefici i el dels seus&#8221;.<span class=\"Apple-converted-space\">\u00a0<\/span><\/p>\n<p>Alguns d&#8217;aquests exemples, entre d&#8217;altres, s\u00f3n la destituci\u00f3 de l&#8217;ex directora insular Marta Febrer per la pol\u00e8mica del Llatzaret; el cessament del director insular d&#8217;habitatge de Vox i la posterior destituci\u00f3 de Maite de Medrano de l&#8217;equip de govern; la contractaci\u00f3 il\u00b7legal d&#8217;un c\u00e0rrec de confian\u00e7a de Vox; la incompatibilitat amb el nomenament de Vilafranca com a membre del Consell d&#8217;Administraci\u00f3 d&#8217;Autoritat Portu\u00e0ria o l&#8217;exig\u00e8ncia d&#8217;incloure comissari pol\u00edtic del Govern a la Comissi\u00f3 d&#8217;Urbanisme del Consell de Menorca.<\/p>\n<p>Per tant, &#8220;la valoraci\u00f3 general del primer any de govern del PP al Consell de Menorca \u00e9s negativa i perjudicial per als interessos dels menorquines i menorquines. Esteim preocupats perqu\u00e8 no \u00e9s un equip de govern ocupat en les grans inversions per a la nostra illa o que sap aixecar la veu davant Mallorca quan es tracta de defensar els interessos de tots i totes. Mereixem un govern comprom\u00e8s, responsable i que faci pol\u00edtica per millorar la vida dels menorquins i menorquines. No un govern que mira cap a una altra banda quan les coses no van b\u00e9 o quan no li interessen&#8221;.<span class=\"Apple-converted-space\">\u00a0<\/span><\/p>\n<p>En definitiva, esteim davant un govern basat en fer grans anuncis que mai no es concreten; sense m\u00e9s \u00e8xits que els heretats d\u2019iniciatives d\u2019equips anteriors; sense projecte propi per a Menorca i amb una greu falta de gesti\u00f3, la qual camuflen amb una cr\u00edtica continuada als governs anteriors i al govern estatal, defugint en tot moment de la seva responsabilitat actual.<\/p>\n<\/p><\/div><\/div>\n<\/div>\n<\/div>\n<\/div>\n<\/div>\n<p>Source: Federaci\u00f3 de Menorca <\/p>\n","protected":false},"excerpt":{"rendered":"<p>B\u00e0rbara Torrent ha denunciat que &#8220;al Consell de Menorca tenim un govern que no s&#8217;implica amb els projectes prioritaris per a Menorca i no resol les principals necessitats dels menorquins i menorquines&#8221; Aquest mat\u00ed, el PSOE Menorca ha fet una valoraci\u00f3 del primer any de mandat del PP en el Consell Insular de Menorca, i&hellip;<\/p>\n","protected":false},"author":1,"featured_media":0,"comment_status":"false","ping_status":"closed","sticky":false,"template":"","format":"standard","meta":{"footnotes":""},"categories":[2],"tags":[84],"class_list":["post-26130","post","type-post","status-publish","format-standard","hentry","category-federacio-de-menorca","tag-psib-psoe"],"_links":{"self":[{"href":"https:\/\/www.psib-psoe.org\/menorca\/ciutadella\/wp-json\/wp\/v2\/posts\/26130"}],"collection":[{"href":"https:\/\/www.psib-psoe.org\/menorca\/ciutadella\/wp-json\/wp\/v2\/posts"}],"about":[{"href":"https:\/\/www.psib-psoe.org\/menorca\/ciutadella\/wp-json\/wp\/v2\/types\/post"}],"author":[{"embeddable":true,"href":"https:\/\/www.psib-psoe.org\/menorca\/ciutadella\/wp-json\/wp\/v2\/users\/1"}],"replies":[{"embeddable":true,"href":"https:\/\/www.psib-psoe.org\/menorca\/ciutadella\/wp-json\/wp\/v2\/comments?post=26130"}],"version-history":[{"count":0,"href":"https:\/\/www.psib-psoe.org\/menorca\/ciutadella\/wp-json\/wp\/v2\/posts\/26130\/revisions"}],"wp:attachment":[{"href":"https:\/\/www.psib-psoe.org\/menorca\/ciutadella\/wp-json\/wp\/v2\/media?parent=26130"}],"wp:term":[{"taxonomy":"category","embeddable":true,"href":"https:\/\/www.psib-psoe.org\/menorca\/ciutadella\/wp-json\/wp\/v2\/categories?post=26130"},{"taxonomy":"post_tag","embeddable":true,"href":"https:\/\/www.psib-psoe.org\/menorca\/ciutadella\/wp-json\/wp\/v2\/tags?post=26130"}],"curies":[{"name":"wp","href":"https:\/\/api.w.org\/{rel}","templated":true}]}}