{"id":26136,"date":"2024-07-11T11:25:05","date_gmt":"2024-07-11T09:25:05","guid":{"rendered":"https:\/\/www.psib-psoe.org\/menorca\/ciutadella\/?p=26136"},"modified":"2024-07-12T23:38:20","modified_gmt":"2024-07-12T21:38:20","slug":"comunicat-del-psoe-ciutadella-en-relacio-amb-les-difamacions-que-ha-sofert-llorenc-ferrer-per-part-de-determinats-mitjans-informatius","status":"publish","type":"post","link":"https:\/\/www.psib-psoe.org\/menorca\/ciutadella\/comunicat-del-psoe-ciutadella-en-relacio-amb-les-difamacions-que-ha-sofert-llorenc-ferrer-per-part-de-determinats-mitjans-informatius\/","title":{"rendered":"Comunicat del PSOE Ciutadella en relaci\u00f3 amb les difamacions que ha sofert Lloren\u00e7 Ferrer per part de determinats mitjans informatius"},"content":{"rendered":"\n<p>Davant les recents informacions difamat\u00f2ries publicades per certs mitjans de comunicaci\u00f3, el PSOE vol fer el seg\u00fcent comunicat<\/p>\n\n\n\n<p><strong>Sobre la exist\u00e8ncia de una den\u00fancia<\/strong>.<br>El 2011, Lloren\u00e7 Ferrer, llavors director d&#8217;una oficina banc\u00e0ria, va ser denunciat en l&#8217;exercici de la seva activitat professional i juntament amb l&#8217;entitat financera en la qual treballava per presumpta estafa. No obstant aix\u00f2, el 2012, el Jutjat d&#8217;Instrucci\u00f3 n\u00famero 1 de Ciutadella va decretar el sobrese\u00efment de la den\u00fancia, afirmant que no hi havia indicis de delicte i que les acusacions mancaven de fonament.<\/p>\n\n\n\n<p><strong>Difusi\u00f3 d&#8217;informaci\u00f3 interesada i tergiversada:<br><\/strong>Alguns mitjans que han volgut recordar la not\u00edcia aquests dies han manipulat la informaci\u00f3 ometent l&#8217;auto\u00a0posterior amb el sobrese\u00efment judicial per no haver-hi en paraules del jutge ni un &#8220;m\u00ednim indici de delicte&#8221;, i ho han fet amb l&#8217;objectiu clar de desprestigiar Lloren\u00e7 Ferrer just abans de la moci\u00f3 de censura que probablement el designar\u00e0 com a alcalde.<\/p>\n\n\n\n<p><strong>Context de la campanya difamat\u00f2ria:<\/strong><br>La coincid\u00e8ncia d&#8217;aquests atacs amb la moci\u00f3 de censura i el fet que s&#8217;hagin dif\u00f3s les informacions des de comptes de correu an\u00f2nims creats expressament, reflecteix una campanya de desprestigi sense precedents destinada a influir negativament en l&#8217;opini\u00f3 p\u00fablica i erosionar la imatge del futur alcalde.<\/p>\n\n\n\n<p><strong>Accions legals:<br><\/strong>El PSIB-PSOE ha enviat un burofax a\u00a0OK\u00a0Diario\u00a0sol\u00b7licitant el dret de rectificaci\u00f3. Aquesta acci\u00f3 s&#8217;ha pres amb l&#8217;objectiu de corregir les informacions falses i malintencionades publicades.<\/p>\n\n\n\n<p><strong>Comprom\u00eds amb Ciutadella<br><\/strong>Cap campanya medi\u00e0tica orquestrada maliciosament per erosionar el futur govern d&#8217;esquerra, avalat pels vots de la majoria dels votants a Ciutadella, i per tant recolzat per la majoria dels regidors de l&#8217;Ajuntament, no ens desviar\u00e0 ni un pam de la intenci\u00f3 d&#8217;aplicar des del govern municipal de les pol\u00edtiques progressistes que fan i faran de Ciutadella un poble per a les persones, obert i plural: dialogant, que entre altres vol una mobilitat sostenible i lluita per la igualtat i la just\u00edcia social. <\/p>\n\n\n\n<p><\/p>\n\n\n\n<div class=\"wp-block-image\"><figure class=\"aligncenter is-resized\"><img loading=\"lazy\" decoding=\"async\" src=\"https:\/\/www.psib-psoe.org\/menorca\/ciutadella\/wp-content\/uploads\/PUBLICACIONS-XARXES-SOCIALS-500-x-500-px-11.jpg\" alt=\"\" class=\"wp-image-26137\" width=\"430\" height=\"430\" srcset=\"https:\/\/www.psib-psoe.org\/menorca\/ciutadella\/wp-content\/uploads\/PUBLICACIONS-XARXES-SOCIALS-500-x-500-px-11.jpg 1000w, https:\/\/www.psib-psoe.org\/menorca\/ciutadella\/wp-content\/uploads\/PUBLICACIONS-XARXES-SOCIALS-500-x-500-px-11-150x150.jpg 150w, https:\/\/www.psib-psoe.org\/menorca\/ciutadella\/wp-content\/uploads\/PUBLICACIONS-XARXES-SOCIALS-500-x-500-px-11-300x300.jpg 300w, https:\/\/www.psib-psoe.org\/menorca\/ciutadella\/wp-content\/uploads\/PUBLICACIONS-XARXES-SOCIALS-500-x-500-px-11-768x768.jpg 768w, https:\/\/www.psib-psoe.org\/menorca\/ciutadella\/wp-content\/uploads\/PUBLICACIONS-XARXES-SOCIALS-500-x-500-px-11-600x600.jpg 600w, https:\/\/www.psib-psoe.org\/menorca\/ciutadella\/wp-content\/uploads\/PUBLICACIONS-XARXES-SOCIALS-500-x-500-px-11-900x900.jpg 900w, https:\/\/www.psib-psoe.org\/menorca\/ciutadella\/wp-content\/uploads\/PUBLICACIONS-XARXES-SOCIALS-500-x-500-px-11-20x20.jpg 20w\" sizes=\"(max-width: 430px) 100vw, 430px\" \/><\/figure><\/div>\n","protected":false},"excerpt":{"rendered":"<p>Davant les recents informacions difamat\u00f2ries publicades per certs mitjans de comunicaci\u00f3, el PSOE vol fer el seg\u00fcent comunicat Sobre la exist\u00e8ncia de una den\u00fancia.El 2011, Lloren\u00e7 Ferrer, llavors director d&#8217;una oficina banc\u00e0ria, va ser denunciat en l&#8217;exercici de la seva activitat professional i juntament amb l&#8217;entitat financera en la qual treballava per presumpta estafa. No&hellip;<\/p>\n","protected":false},"author":7,"featured_media":26137,"comment_status":"closed","ping_status":"closed","sticky":false,"template":"","format":"standard","meta":{"footnotes":""},"categories":[97],"tags":[84],"class_list":["post-26136","post","type-post","status-publish","format-standard","has-post-thumbnail","hentry","category-ciutadella","tag-psib-psoe"],"_links":{"self":[{"href":"https:\/\/www.psib-psoe.org\/menorca\/ciutadella\/wp-json\/wp\/v2\/posts\/26136"}],"collection":[{"href":"https:\/\/www.psib-psoe.org\/menorca\/ciutadella\/wp-json\/wp\/v2\/posts"}],"about":[{"href":"https:\/\/www.psib-psoe.org\/menorca\/ciutadella\/wp-json\/wp\/v2\/types\/post"}],"author":[{"embeddable":true,"href":"https:\/\/www.psib-psoe.org\/menorca\/ciutadella\/wp-json\/wp\/v2\/users\/7"}],"replies":[{"embeddable":true,"href":"https:\/\/www.psib-psoe.org\/menorca\/ciutadella\/wp-json\/wp\/v2\/comments?post=26136"}],"version-history":[{"count":0,"href":"https:\/\/www.psib-psoe.org\/menorca\/ciutadella\/wp-json\/wp\/v2\/posts\/26136\/revisions"}],"wp:featuredmedia":[{"embeddable":true,"href":"https:\/\/www.psib-psoe.org\/menorca\/ciutadella\/wp-json\/wp\/v2\/media\/26137"}],"wp:attachment":[{"href":"https:\/\/www.psib-psoe.org\/menorca\/ciutadella\/wp-json\/wp\/v2\/media?parent=26136"}],"wp:term":[{"taxonomy":"category","embeddable":true,"href":"https:\/\/www.psib-psoe.org\/menorca\/ciutadella\/wp-json\/wp\/v2\/categories?post=26136"},{"taxonomy":"post_tag","embeddable":true,"href":"https:\/\/www.psib-psoe.org\/menorca\/ciutadella\/wp-json\/wp\/v2\/tags?post=26136"}],"curies":[{"name":"wp","href":"https:\/\/api.w.org\/{rel}","templated":true}]}}