{"id":32793,"date":"2024-10-30T19:46:59","date_gmt":"2024-10-30T17:46:59","guid":{"rendered":"https:\/\/www.psib-psoe.org\/menorca\/escastell\/el-psoe-menorca-proposa-una-bateria-diniciatives-per-actuar-amb-mes-rapidesa-i-efectivitat-davant-els-efectes-del-canvi-climatic-i-les-seves-derivades-com-els-causats-per-la-dana\/"},"modified":"2024-10-30T19:46:59","modified_gmt":"2024-10-30T17:46:59","slug":"el-psoe-menorca-proposa-una-bateria-diniciatives-per-actuar-amb-mes-rapidesa-i-efectivitat-davant-els-efectes-del-canvi-climatic-i-les-seves-derivades-com-els-causats-per-la-dana","status":"publish","type":"post","link":"https:\/\/www.psib-psoe.org\/menorca\/escastell\/el-psoe-menorca-proposa-una-bateria-diniciatives-per-actuar-amb-mes-rapidesa-i-efectivitat-davant-els-efectes-del-canvi-climatic-i-les-seves-derivades-com-els-causats-per-la-dana\/","title":{"rendered":"El PSOE Menorca proposa una bateria d\u2019iniciatives per actuar amb m\u00e9s rapidesa i efectivitat davant els efectes del canvi clim\u00e0tic i les seves derivades, com els causats per la DANA"},"content":{"rendered":"<p><strong>Carol Marqu\u00e8s ha destacat que \u201cel pas de la DANA per Menorca va deixar algunes lli\u00e7ons importants i va evidenciar mancances en la gesti\u00f3 de les institucions governades pel PP que s\u2019han de millorar de cara a afrontar futurs temporals climatol\u00f2gics a la nostra illa\u201d<\/strong>.<\/p>\n<p>La diputada del del PSIB-PSOE en el Parlament de les Illes Balears, Carol Marqu\u00e8s, i el conseller del PSOE en el Consell de Menorca, Josep Pastrana, han explicat aquest mat\u00ed en roda de premsa un seguit de propostes de millora per actuar d\u2019una forma m\u00e9s r\u00e0pida i eficient davant futurs temporals climatol\u00f2gics. Els socialistes han coincidit amb l\u2019an\u00e0lisi de la gesti\u00f3 de la DANA del passat 15 d\u2019agost per part de les institucions governades pel PP. \u201cLa cat\u00e0strofe natural que vam viure a Menorca, i especialment as Mercadal i Alaior, va deixar algunes lli\u00e7ons importants i va evidenciar mancances en la gesti\u00f3 que s\u2019han de millorar a curt termini\u201d.\u00a0<\/p>\n<p>En l\u2019\u00e0mbit local, insular i auton\u00f2mic, el PSOE proposa les seg\u00fcents iniciatives:<\/p>\n<ol class=\"wp-block-list\">\n<li>Elaboraci\u00f3 d\u2019un <strong>Pla Insular d\u2019Adaptaci\u00f3 al Canvi Clim\u00e0tic<\/strong>, d\u2019acord amb la Llei 3\/2023, de 17 de febrer, de Menorca Reserva de Biosfera<\/li>\n<li>Elaboraci\u00f3, amb el suport econ\u00f2mic i t\u00e8cnic necessari del Consell Insular de Menorca i Govern de les Illes Balears, dels <strong>Plans d\u2019Emerg\u00e8ncies Municipals (PEMU)<\/strong><\/li>\n<li>Implementaci\u00f3 completa del <strong>Pla Estrat\u00e8gic del Servei de Prevenci\u00f3 i Extinci\u00f3 d\u2019Incendis de Menorca<\/strong>, tant en mitjans t\u00e8cnics com humans<\/li>\n<li>Adquisici\u00f3 i rehabilitaci\u00f3 de l\u2019edifici de Sa Farinera de S\u2019arang\u00ed des Mercadal per acollir un centre de <strong>coordinaci\u00f3 d\u2019emerg\u00e8ncies<\/strong> i el <strong>tercer parc de bombers<\/strong><\/li>\n<li>Revisi\u00f3 dels protocols d\u2019activaci\u00f3 del sistema d\u2019alerta <strong>ES-Alert<\/strong> per tal que la informaci\u00f3 i comunicaci\u00f3 davant d\u2019un fen\u00f2men meteorol\u00f2gic de dimensions catastr\u00f2fiques arribi de forma immediata al conjunt dels ciutadans de Menorca<\/li>\n<li>Coher\u00e8ncia, convicci\u00f3 i determinaci\u00f3 del Govern de les Illes Balears a l\u2019hora d\u2019actuar en les <strong>zones del Domini P\u00fablic Hidr\u00e0ulic <\/strong>i tamb\u00e9 en el <strong>Domini P\u00fablic Mar\u00edtim, <\/strong>tot d\u2019acord amb el trasp\u00e0s de funcions i de serveis en mat\u00e8ria d\u2019ordenaci\u00f3 i gesti\u00f3 del litoral<\/li>\n<li>Elaboraci\u00f3 i aprovaci\u00f3 per part del Govern de les Illes Balears en col\u00b7laboraci\u00f3 amb el Consell Insular de Menorca del <strong>Pla Integral de Neteja de Torrents de l<\/strong>\u2019<strong>illa de Menorca<\/strong>. Entre altres, aquest pla ha d\u2019acollir:<\/li>\n<\/ol>\n<ul class=\"wp-block-list\">\n<li>L\u2019aplicaci\u00f3 dels criteris establerts al Pla Hidrol\u00f2gic de les Illes Balears en els treballs de neteja dels torrents i a la resta de la xarxa hidrogr\u00e0fica. Entre ells, s\u2019hi troba la <strong>neteja selectiva <\/strong>garantint el manteniment de la vegetaci\u00f3 de ribera<\/li>\n<li>Les actuacions necess\u00e0ries per garantir <strong>l<\/strong>\u2019<strong>erradicaci\u00f3 <\/strong>de les plantes invasores i especialment la \u201c<strong>canya\u201d <\/strong>(Arundo Donax)<\/li>\n<li>El sistema d\u2019agilitzaci\u00f3 de forma efectiva de les autoritzacions que els propietaris de les finques realitzen per a la <strong>retirada d<\/strong>\u2019<strong>obstacles ubicats en els torrents <\/strong>aix\u00ed com la suficient dotaci\u00f3 econ\u00f2mica per assegurar-ne els corresponent ajuts<\/li>\n<li>Els mecanismes de <strong>r\u00e0pida resposta i bona coordinaci\u00f3 <\/strong>entre els tres nivells de l\u2019administraci\u00f3 per tal de garantir una correcta resposta a les peticions plantejades des de l\u2019\u00e0mbit municipal<\/li>\n<\/ul>\n<ol start=\"8\" class=\"wp-block-list\">\n<li>Aplicaci\u00f3 i compliment del <strong>principi normatiu de no regressi\u00f3 en mat\u00e8ria d<\/strong>\u2019<strong>emerg\u00e8ncies. <\/strong>Tot amb l\u2019objectiu de no permetre l\u2019aprovaci\u00f3 de cap normativa que suposi un retroc\u00e9s en la seguretat de les persones davant l\u2019arriada de cat\u00e0strofes naturals. Concretament, es fa refer\u00e8ncia a la necessitat de suprimir l\u2019articulat del Decret Llei 3\/2024 de mesures urgents de simplificaci\u00f3 i racionalitzaci\u00f3 administratives de les administracions p\u00fabliques de les Illes Balears, el qual recupera, de nou, la possibilitat de <strong>construir habitatges en zones de risc d<\/strong>\u2019<strong>erosi\u00f3, d<\/strong>\u2019<strong>esllavissada, d<\/strong>\u2019<strong>incendi i d<\/strong>\u2019<strong>inundaci\u00f3<\/strong>.\u00a0<\/li>\n<\/ol>\n<p>Tant Marqu\u00e8s com Pastrana han recordat que \u201calgunes d\u2019aquestes iniciatives han estat tombades per part del Partit Popular. Per exemple, el pla d\u2019adaptaci\u00f3 al canvi clim\u00e0tic i el pla de neteja de torrents, entre altres, s\u00f3n compromisos que els populars no han volgut agafar i que demostren, una vegada m\u00e9s, que no creuen en les conseq\u00fc\u00e8ncies del canvi clim\u00e0tic damunt del nostre planeta. Malgrat aquesta constant negativa i bloqueig per part seva, des del PSOE seguirem insistint en la import\u00e0ncia d\u2019impulsar i posar en marxa propostes de millora que afavoreixin una gesti\u00f3 m\u00e9s r\u00e0pida i eficient davant situacions adverses\u201d.\u00a0<\/p>\n<p>La diputada i el conseller han acabat les seves intervencions amb quatre conclusions que ha deixat la gesti\u00f3 de la DANA. \u201cLa primera d\u2019elles \u00e9s que la gesti\u00f3 de la DANA va ser millorable, tal com va recon\u00e8ixer el conseller Lafuente, i la gesti\u00f3 posterior tampoc no va ser prou efectiva. En tercer lloc, cal recordar que no es pot seguir aprovant normativa urban\u00edstica i clim\u00e0tica com si res no hagu\u00e9s passat. Per \u00faltim, que no es van netejar els torrents tot i tenir els recursos a diposici\u00f3. Per tant, demanam que, amb seny i responsabilitat, el PP tengui en compte les iniciatives socialistes i faci feina en un full de ruta clar i concret\u201d.\u00a0<\/p>\n<figure class=\"wp-block-image size-large\"><img loading=\"lazy\" decoding=\"async\" width=\"1024\" height=\"768\" src=\"https:\/\/www.psib-psoe.org\/menorca\/escastell\/wp-content\/uploads\/IMG_1129-1024x768-1.jpg\" alt=\"\" class=\"wp-image-26781\" \/><\/figure>\n<p>&#013;<br \/>\nSource: Federaci\u00f3 de Menorca <\/p>\n","protected":false},"excerpt":{"rendered":"<p>Carol Marqu\u00e8s ha destacat que \u201cel pas de la DANA per Menorca va deixar algunes lli\u00e7ons importants i va evidenciar mancances en la gesti\u00f3 de les institucions governades pel PP que s\u2019han de millorar de cara a afrontar futurs temporals climatol\u00f2gics a la nostra illa\u201d. La diputada del del PSIB-PSOE en el Parlament de les&hellip;<\/p>\n","protected":false},"author":6,"featured_media":32794,"comment_status":"false","ping_status":"open","sticky":false,"template":"","format":"standard","meta":{"footnotes":""},"categories":[2],"tags":[84],"class_list":["post-32793","post","type-post","status-publish","format-standard","has-post-thumbnail","hentry","category-federacio-de-menorca","tag-psib-psoe"],"_links":{"self":[{"href":"https:\/\/www.psib-psoe.org\/menorca\/escastell\/wp-json\/wp\/v2\/posts\/32793"}],"collection":[{"href":"https:\/\/www.psib-psoe.org\/menorca\/escastell\/wp-json\/wp\/v2\/posts"}],"about":[{"href":"https:\/\/www.psib-psoe.org\/menorca\/escastell\/wp-json\/wp\/v2\/types\/post"}],"author":[{"embeddable":true,"href":"https:\/\/www.psib-psoe.org\/menorca\/escastell\/wp-json\/wp\/v2\/users\/6"}],"replies":[{"embeddable":true,"href":"https:\/\/www.psib-psoe.org\/menorca\/escastell\/wp-json\/wp\/v2\/comments?post=32793"}],"version-history":[{"count":0,"href":"https:\/\/www.psib-psoe.org\/menorca\/escastell\/wp-json\/wp\/v2\/posts\/32793\/revisions"}],"wp:featuredmedia":[{"embeddable":true,"href":"https:\/\/www.psib-psoe.org\/menorca\/escastell\/wp-json\/wp\/v2\/media\/32794"}],"wp:attachment":[{"href":"https:\/\/www.psib-psoe.org\/menorca\/escastell\/wp-json\/wp\/v2\/media?parent=32793"}],"wp:term":[{"taxonomy":"category","embeddable":true,"href":"https:\/\/www.psib-psoe.org\/menorca\/escastell\/wp-json\/wp\/v2\/categories?post=32793"},{"taxonomy":"post_tag","embeddable":true,"href":"https:\/\/www.psib-psoe.org\/menorca\/escastell\/wp-json\/wp\/v2\/tags?post=32793"}],"curies":[{"name":"wp","href":"https:\/\/api.w.org\/{rel}","templated":true}]}}