{"id":25523,"date":"2022-04-04T13:24:14","date_gmt":"2022-04-04T11:24:14","guid":{"rendered":"https:\/\/www.psib-psoe.org\/menorca\/esmercadalifornells\/fons-europeus-per-a-projectes-dalaior\/"},"modified":"2022-04-04T13:24:14","modified_gmt":"2022-04-04T11:24:14","slug":"fons-europeus-per-a-projectes-dalaior","status":"publish","type":"post","link":"https:\/\/www.psib-psoe.org\/menorca\/esmercadalifornells\/fons-europeus-per-a-projectes-dalaior\/","title":{"rendered":"FONS EUROPEUS PER A PROJECTES D\u2019ALAIOR"},"content":{"rendered":"<p>Gr\u00e0cies als fons europeus gestionats pel Govern d\u2019Espanya i pel Consell de Menorca, Alaior rebr\u00e0 1,2 milions d\u2019euros per a les obres de sanejament de Calescoves i Son Vitamina i la renovaci\u00f3 de la il.luminaci\u00f3 de Torre-sol\u00ed.<\/p>\n<p>Recordau que el PP va boicotejar i va votar en contra dels fons europeus.<\/p>\n<p>Han quedat ben retratats !!!<\/p>\n<figure class=\"wp-block-image\"><img decoding=\"async\" src=\"https:\/\/www.psib-psoe.org\/menorca\/migjorn\/wp-content\/uploads\/Fons-europeus-140x120.jpg\" alt=\"\" \/><\/figure>\n<p><a href=\"https:\/\/www.facebook.com\/hashtag\/recuperaalaior?__eep__=6&amp;__cft__[0]=AZU5K1XYP7roaerZYS9UqdOctTgqnmdENRy-J-SuRpl451bdAMUyKjH5OrdnU3EMnXkQXsXXyu4bLAskvzSDBG0n_bmkP7t_7uaO16-tIknmkSW9VVXM6qK8Y6mBSK-7eJ4jq__6TmhTyf9fdgj7K-h7&amp;__tn__=*NK*F\">#RecuperaAlaior<\/a><\/p>\n<p>&#013;<br \/>\nSource: Municipi Alaior<\/p>\n<p>Source: Es Migjorn<\/p>\n","protected":false},"excerpt":{"rendered":"<p>Gr\u00e0cies als fons europeus gestionats pel Govern d\u2019Espanya i pel Consell de Menorca, Alaior rebr\u00e0 1,2 milions d\u2019euros per a les obres de sanejament de Calescoves i Son Vitamina i la renovaci\u00f3 de la il.luminaci\u00f3 de Torre-sol\u00ed. Recordau que el PP va boicotejar i va votar en contra dels fons europeus. Han quedat ben retratats&hellip;<\/p>\n","protected":false},"author":1,"featured_media":25524,"comment_status":"false","ping_status":"open","sticky":false,"template":"","format":"standard","meta":{"footnotes":""},"categories":[104],"tags":[84],"class_list":["post-25523","post","type-post","status-publish","format-standard","has-post-thumbnail","hentry","category-es-migjorn","tag-psib-psoe"],"_links":{"self":[{"href":"https:\/\/www.psib-psoe.org\/menorca\/esmercadalifornells\/wp-json\/wp\/v2\/posts\/25523"}],"collection":[{"href":"https:\/\/www.psib-psoe.org\/menorca\/esmercadalifornells\/wp-json\/wp\/v2\/posts"}],"about":[{"href":"https:\/\/www.psib-psoe.org\/menorca\/esmercadalifornells\/wp-json\/wp\/v2\/types\/post"}],"author":[{"embeddable":true,"href":"https:\/\/www.psib-psoe.org\/menorca\/esmercadalifornells\/wp-json\/wp\/v2\/users\/1"}],"replies":[{"embeddable":true,"href":"https:\/\/www.psib-psoe.org\/menorca\/esmercadalifornells\/wp-json\/wp\/v2\/comments?post=25523"}],"version-history":[{"count":0,"href":"https:\/\/www.psib-psoe.org\/menorca\/esmercadalifornells\/wp-json\/wp\/v2\/posts\/25523\/revisions"}],"wp:featuredmedia":[{"embeddable":true,"href":"https:\/\/www.psib-psoe.org\/menorca\/esmercadalifornells\/wp-json\/wp\/v2\/media\/25524"}],"wp:attachment":[{"href":"https:\/\/www.psib-psoe.org\/menorca\/esmercadalifornells\/wp-json\/wp\/v2\/media?parent=25523"}],"wp:term":[{"taxonomy":"category","embeddable":true,"href":"https:\/\/www.psib-psoe.org\/menorca\/esmercadalifornells\/wp-json\/wp\/v2\/categories?post=25523"},{"taxonomy":"post_tag","embeddable":true,"href":"https:\/\/www.psib-psoe.org\/menorca\/esmercadalifornells\/wp-json\/wp\/v2\/tags?post=25523"}],"curies":[{"name":"wp","href":"https:\/\/api.w.org\/{rel}","templated":true}]}}