{"id":25665,"date":"2023-07-12T14:35:55","date_gmt":"2023-07-12T12:35:55","guid":{"rendered":"https:\/\/www.psib-psoe.org\/menorca\/esmercadalifornells\/el-psoe-menorca-es-compromet-a-seguir-fent-feina-per-aconseguir-una-osp-en-obert-entre-menorca-i-barcelona-2\/"},"modified":"2023-07-12T14:35:55","modified_gmt":"2023-07-12T12:35:55","slug":"el-psoe-menorca-es-compromet-a-seguir-fent-feina-per-aconseguir-una-osp-en-obert-entre-menorca-i-barcelona-2","status":"publish","type":"post","link":"https:\/\/www.psib-psoe.org\/menorca\/esmercadalifornells\/el-psoe-menorca-es-compromet-a-seguir-fent-feina-per-aconseguir-una-osp-en-obert-entre-menorca-i-barcelona-2\/","title":{"rendered":"El PSOE Menorca es compromet a seguir fent feina per aconseguir una OSP en obert entre Menorca i Barcelona"},"content":{"rendered":"<div class=\"row wpb_row row-fluid img_noticia\">\n<div class=\"wpb_column columns small-12 medium-12 thb-dark-column\">\n<div class=\"vc_column-inner  \">\n<div class=\"wpb_wrapper\">\n<div class=\"wpb_single_image wpb_content_element vc_align_left\">\n<figure class=\"wpb_wrapper vc_figure\">\n<div class=\"vc_single_image-wrapper   vc_box_border_grey\"><img decoding=\"async\" class=\"vc_img-placeholder vc_single_image-img\" src=\"https:\/\/www.psib-psoe.org\/menorca\/alaior\/wp-content\/uploads\/no_image-50-1.png\" \/><\/div>\n<\/figure>\n<\/div>\n<\/div>\n<\/div>\n<\/div>\n<\/div>\n<div class=\"row wpb_row row-fluid intro\">\n<div class=\"wpb_column columns small-12 medium-12 thb-dark-column\">\n<div class=\"vc_column-inner  \">\n<div class=\"wpb_wrapper\">\n<div class=\"wpb_text_column wpb_content_element  \">\n<div class=\"wpb_wrapper\">\n<p>Els candidats al Congr\u00e9s i Senat, Pepe Mercadal i Miquel Mariano, es comprometen a impulsar una OSP en obert entre Menorca i Barcelona amb un preu m\u00e0xim de 15\u20ac per trajecte pels residents de les Illes Balears<\/p>\n<\/div>\n<\/div>\n<\/div>\n<\/div>\n<\/div>\n<\/div>\n<div class=\"row wpb_row row-fluid\">\n<div class=\"wpb_column columns small-12 medium-6 thb-dark-column\">\n<div class=\"vc_column-inner  \">\n<div class=\"wpb_wrapper\">\n<div class=\"wpb_text_column wpb_content_element  \">\n<div class=\"wpb_wrapper\">\n<p>El PSOE Menorca es compromet a impulsar i posar en marxa una Obligaci\u00f3 de Servei P\u00fablic en obert entre Menorca i Barcelona, en el que podran operar totes les companyies que vulguin, per\u00f2 amb una limitaci\u00f3 del preu. La proposta dels i les socialistes \u00e9s establir un preu m\u00e0xim de 60\u20ac per trajecte, el que suposar\u00e0 uns 15\u20ac per trajecte pels residents. A m\u00e9s, amb la implementaci\u00f3 d\u2019aquesta OSP en obert s\u2019haur\u00e0 d\u2019estudiar el fet d\u2019establir un n\u00famero de freq\u00fc\u00e8ncies m\u00ednim que cobreixi tota la demanda del mercat.<\/p>\n<p>Per part seva, els candidats del Congr\u00e9s i Senat, Pepe Mercadal i Miquel Mariano, han reconegut la import\u00e0ncia de continuar refor\u00e7ant una connexi\u00f3 eficient i accessible entre Menorca i Barcelona. Han coincidit amb el fet que l\u2019OSP exerceix un paper fonamental per garantir la mobilitat en termes d\u2019igualtat i de qualitat de les persones que viuen en territoris insulars i que pateixen els efectes de la doble insularitat. Tamb\u00e9 se seguir\u00e0 treballant per millorar l\u2019OSP amb Madrid.<span class=\"Apple-converted-space\">\u00a0<\/span><\/p>\n<\/div>\n<\/div>\n<\/div>\n<\/div>\n<\/div>\n<div class=\"wpb_column columns small-12 medium-6 thb-dark-column\">\n<div class=\"vc_column-inner  \">\n<div class=\"wpb_wrapper\">\n<div class=\"wpb_text_column wpb_content_element  \">\n<div class=\"wpb_wrapper\">\n<p>A m\u00e9s, ens comprometem a cercar noves oportunitats per ampliar les possibilitats de transport aeri i mar\u00edtim cap a i des de Menorca. Es far\u00e0 feina en col\u00b7laboraci\u00f3 amb les companyies a\u00e8ries i les diferents administracions implicades en el proc\u00e9s per tal d\u2019identificar i promoure noves rutes que ajudin a impulsar l\u2019activitat econ\u00f2mica, el turisme i la connectivitat a la nostra illa i que es complementin, alhora, amb les que ja estan en marxa.<span class=\"Apple-converted-space\">\u00a0<\/span><\/p>\n<p>Per \u00faltim, els candidats han recordat que tots els avan\u00e7os fets en aquesta mat\u00e8ria han estat impulsats i lluitats pel PSOE als governs a nivell auton\u00f2mic i estatal. No obstant les passes fetes, som conscients que encara queda molta feina per fer. Continuarem fent feina per millorar freq\u00fc\u00e8ncies, rutes i preus per assegurar que les necessitats dels menorquins i menorquines estiguin ateses i cobertes en tot moment.<\/p>\n<\/div>\n<\/div>\n<\/div>\n<\/div>\n<\/div>\n<\/div>\n<p>&#013;<br \/>\nSource: Federaci\u00f3 de Menorca <\/p>\n<p>&#013;<br \/>\nSource: Es Castell<\/p>\n<p>Source: Municipi Alaoir<\/p>\n<p>Source: Municipi Ciutadella<\/p>\n","protected":false},"excerpt":{"rendered":"<p>Els candidats al Congr\u00e9s i Senat, Pepe Mercadal i Miquel Mariano, es comprometen a impulsar una OSP en obert entre Menorca i Barcelona amb un preu m\u00e0xim de 15\u20ac per trajecte pels residents de les Illes Balears El PSOE Menorca es compromet a impulsar i posar en marxa una Obligaci\u00f3 de Servei P\u00fablic en obert&hellip;<\/p>\n","protected":false},"author":1,"featured_media":25666,"comment_status":"false","ping_status":"open","sticky":false,"template":"","format":"standard","meta":{"footnotes":""},"categories":[99],"tags":[84],"class_list":["post-25665","post","type-post","status-publish","format-standard","has-post-thumbnail","hentry","category-ciutadella","tag-psib-psoe"],"_links":{"self":[{"href":"https:\/\/www.psib-psoe.org\/menorca\/esmercadalifornells\/wp-json\/wp\/v2\/posts\/25665"}],"collection":[{"href":"https:\/\/www.psib-psoe.org\/menorca\/esmercadalifornells\/wp-json\/wp\/v2\/posts"}],"about":[{"href":"https:\/\/www.psib-psoe.org\/menorca\/esmercadalifornells\/wp-json\/wp\/v2\/types\/post"}],"author":[{"embeddable":true,"href":"https:\/\/www.psib-psoe.org\/menorca\/esmercadalifornells\/wp-json\/wp\/v2\/users\/1"}],"replies":[{"embeddable":true,"href":"https:\/\/www.psib-psoe.org\/menorca\/esmercadalifornells\/wp-json\/wp\/v2\/comments?post=25665"}],"version-history":[{"count":0,"href":"https:\/\/www.psib-psoe.org\/menorca\/esmercadalifornells\/wp-json\/wp\/v2\/posts\/25665\/revisions"}],"wp:featuredmedia":[{"embeddable":true,"href":"https:\/\/www.psib-psoe.org\/menorca\/esmercadalifornells\/wp-json\/wp\/v2\/media\/25666"}],"wp:attachment":[{"href":"https:\/\/www.psib-psoe.org\/menorca\/esmercadalifornells\/wp-json\/wp\/v2\/media?parent=25665"}],"wp:term":[{"taxonomy":"category","embeddable":true,"href":"https:\/\/www.psib-psoe.org\/menorca\/esmercadalifornells\/wp-json\/wp\/v2\/categories?post=25665"},{"taxonomy":"post_tag","embeddable":true,"href":"https:\/\/www.psib-psoe.org\/menorca\/esmercadalifornells\/wp-json\/wp\/v2\/tags?post=25665"}],"curies":[{"name":"wp","href":"https:\/\/api.w.org\/{rel}","templated":true}]}}