{"id":25762,"date":"2023-11-10T15:12:48","date_gmt":"2023-11-10T13:12:48","guid":{"rendered":"https:\/\/www.psib-psoe.org\/menorca\/esmercadalifornells\/el-psoe-menorca-reclama-lideratge-al-consell-de-menorca-i-negocii-amb-el-govern-mantenir-totes-les-inversions-turistiques-previstes-a-lilla\/"},"modified":"2023-11-10T15:12:48","modified_gmt":"2023-11-10T13:12:48","slug":"el-psoe-menorca-reclama-lideratge-al-consell-de-menorca-i-negocii-amb-el-govern-mantenir-totes-les-inversions-turistiques-previstes-a-lilla","status":"publish","type":"post","link":"https:\/\/www.psib-psoe.org\/menorca\/esmercadalifornells\/el-psoe-menorca-reclama-lideratge-al-consell-de-menorca-i-negocii-amb-el-govern-mantenir-totes-les-inversions-turistiques-previstes-a-lilla\/","title":{"rendered":"El PSOE Menorca reclama lideratge al Consell de Menorca i negocii amb el Govern mantenir totes les inversions tur\u00edstiques previstes a l\u2019illa"},"content":{"rendered":"<div class=\"row wpb_row row-fluid img_noticia\">\n<div class=\"wpb_column columns small-12 medium-12 thb-dark-column\">\n<div class=\"vc_column-inner  \">\n<div class=\"wpb_wrapper\">\n<div class=\"wpb_single_image wpb_content_element vc_align_left\">\n<figure class=\"wpb_wrapper vc_figure\">\n<div class=\"vc_single_image-wrapper   vc_box_border_grey\"><img loading=\"lazy\" decoding=\"async\" width=\"1134\" height=\"670\" src=\"https:\/\/www.psib-psoe.org\/menorca\/migjorn\/wp-content\/uploads\/RP_Susana-Mora-i-Damia-Borras-e1699614713214.jpe\" class=\"vc_single_image-img attachment-full\" alt=\"\" \/><\/div>\n<\/figure>\n<\/div>\n<\/div>\n<\/div>\n<\/div>\n<\/div>\n<div class=\"row wpb_row row-fluid intro\">\n<div class=\"wpb_column columns small-12 medium-12 thb-dark-column\">\n<div class=\"vc_column-inner  \">\n<div class=\"wpb_wrapper\">\n<div class=\"wpb_text_column wpb_content_element  \">\n<div class=\"wpb_wrapper\">\n<p><b>Explica que la majoria de recursos que arriben s\u00f3n fruit de la voluntat pol\u00edtica i de la capacitat de defensar els reptes de Menorca<\/b><\/p>\n<\/p>\n<\/div>\n<\/div>\n<\/div>\n<\/div>\n<\/div>\n<\/div>\n<div class=\"row wpb_row row-fluid\">\n<div class=\"wpb_column columns small-12 medium-6 thb-dark-column\">\n<div class=\"vc_column-inner  \">\n<div class=\"wpb_wrapper\">\n<div class=\"wpb_text_column wpb_content_element  \">\n<div class=\"wpb_wrapper\">\n<p>La portaveu socialista al Consell de Menorca, Susana Mora, i el diputat al Parlament, Dami\u00e0 Borr\u00e0s, han explicat que si no arriben els fons per a inversions a les zones tur\u00edstiques de Menorca \u00e9s responsabilitat del Consell i de la seva nul\u00b7la capacitat de pactar i arribar a acords amb el Govern, per atendre les necessitats particulars de l\u2019illa.<\/p>\n<p>Els socialistes han ofert una roda de premsa en resposta a les informacions difoses recentment, en qu\u00e8 el Govern de les Illes Balears va anunciar una convocat\u00f2ria en qu\u00e8 es repartiran 60 milions de fons europeus per modernitzar urbanitzacions tur\u00edstiques, i va advertir que Menorca en pot quedar exclosa, perqu\u00e8 aquests recursos es destinaran \u00fanicament a zones declarades madures.<span class=\"Apple-converted-space\">\u00a0<\/span><\/p>\n<p>En aquest sentit, els dos representants dels grups del PSOE, al Consell i al Parlament, respectivament, han explicat que no hi ha cap prescripci\u00f3 legal que els fons es destinin \u00fanicament a zones declarades amb questa categoria. Es deu nom\u00e9s a la voluntat pol\u00edtica del Govern i a la capacitat negociadora del Consell per fer valer les especificitats de l\u2019illa.<\/p>\n<p>De fet, han recordat que fins ara Menorca no havia quedat mai fora del repartiment de recursos per a inversions de modernitzaci\u00f3 d\u2019urbanitzacions tur\u00edstiques, malgrat que no t\u00e9 ni ha tingut cap zona declarada com a madura.<\/p>\n<p>Mora ha assenyalat que els fons europeus a qu\u00e8 es fa refer\u00e8ncia presumiblement provenen de l\u00ednies de finan\u00e7ament europeu que ja havien estat negociades amb el Govern de les Illes Balears en l\u2019anterior legislatura i, fruit d\u2019a\u00e7\u00f2, ja hi havia compromisos clars per a Menorca. En concret, eren 13 milions que es van pactar per a aquesta finalitat, a Menorca. Uns recursos per a unes inversions que s\u00f3n molt necess\u00e0ries.<\/p>\n<\/p>\n<\/div>\n<\/div>\n<\/div>\n<\/div>\n<\/div>\n<div class=\"wpb_column columns small-12 medium-6 thb-dark-column\">\n<div class=\"vc_column-inner  \">\n<div class=\"wpb_wrapper\">\n<div class=\"wpb_text_column wpb_content_element  \">\n<div class=\"wpb_wrapper\">\n<p>Per a la qual cosa, ha demanat que es mantenguin aquests acords i que el Consell <i>batalli<\/i> per no perdre m\u00e9s inversions. El PSOE recorda que, malauradament, \u00e9s una constant veure com es van perdent recursos que estaven compromesos: per al projecte de repotenciaci\u00f3 des Mil\u00e0, per al centre per a persones amb discapacitat f\u00edsica, per a ajudes al sector lleter\u2026 i tamb\u00e9 per a inversions en zones tur\u00edstiques quan, precisament, el PP de Menorca sempre havia defensat la necessitat de fer-hi millores.<\/p>\n<p>Per tot a\u00e7\u00f2, ha informat que el Grup socialista ha presentat una proposta d\u2019acord per debatre al pr\u00f2xim Ple del Consell, per instar l\u2019equip de govern a fer les gestions necess\u00e0ries davant del Govern balear, per mantenir l\u2019aportaci\u00f3 dels fons europeus per a zones tur\u00edstiques.<\/p>\n<p>Si el president Vilafranca no assumeix aquesta responsabilitat i lidera les reivindicacions que s\u00f3n justes per a Menorca, ser\u00e0 una evid\u00e8ncia m\u00e9s de la seva submissi\u00f3 al poder de Palma. El seu govern ja va n\u00e9ixer amb la imposici\u00f3 d\u2019un pacte amb VOX i hem vist com cada vegada els interessos de Mallorca s\u2019han posat per davant dels de Menorca.<\/p>\n<p>Dami\u00e0 Borr\u00e0s, per la seva part, ha manifestat la seva preocupaci\u00f3 pel dest\u00ed d\u2019altres inversions relacionades amb l\u2019activitat tur\u00edstica, concretament els fons de l\u2019Impost de Turisme Sostenible, que el PP ha decidit mantenir, per\u00f2 que ha posat dubtes de la seva finalitat. El diputat socialista ha demanat que imperi la idea que l\u2019activitat tur\u00edstica afecta la comunitat sencera que l\u2019acull. Per la qual cosa, \u00e9s necessari que aquest impost que satisfan els turistes pugui servir per millorar serveis p\u00fablics i equipaments de la poblaci\u00f3 resident; no nom\u00e9s ha de destinar-se a millorar l\u2019experi\u00e8ncia dels visitants. O el que seria pitjor, que s\u2019empri per fer una promoci\u00f3 massiva de visitants i atreure m\u00e9s gent de manera descontrolada.<\/p>\n<\/p>\n<\/div>\n<\/div>\n<\/div>\n<\/div>\n<\/div>\n<\/div>\n<p>&#013;<br \/>\nSource: Federaci\u00f3 de Menorca<\/p>\n<p>Source: Es Migjorn<\/p>\n","protected":false},"excerpt":{"rendered":"<p>Explica que la majoria de recursos que arriben s\u00f3n fruit de la voluntat pol\u00edtica i de la capacitat de defensar els reptes de Menorca La portaveu socialista al Consell de Menorca, Susana Mora, i el diputat al Parlament, Dami\u00e0 Borr\u00e0s, han explicat que si no arriben els fons per a inversions a les zones tur\u00edstiques&hellip;<\/p>\n","protected":false},"author":1,"featured_media":25763,"comment_status":"false","ping_status":"open","sticky":false,"template":"","format":"standard","meta":{"footnotes":""},"categories":[104],"tags":[84],"class_list":["post-25762","post","type-post","status-publish","format-standard","has-post-thumbnail","hentry","category-es-migjorn","tag-psib-psoe"],"_links":{"self":[{"href":"https:\/\/www.psib-psoe.org\/menorca\/esmercadalifornells\/wp-json\/wp\/v2\/posts\/25762"}],"collection":[{"href":"https:\/\/www.psib-psoe.org\/menorca\/esmercadalifornells\/wp-json\/wp\/v2\/posts"}],"about":[{"href":"https:\/\/www.psib-psoe.org\/menorca\/esmercadalifornells\/wp-json\/wp\/v2\/types\/post"}],"author":[{"embeddable":true,"href":"https:\/\/www.psib-psoe.org\/menorca\/esmercadalifornells\/wp-json\/wp\/v2\/users\/1"}],"replies":[{"embeddable":true,"href":"https:\/\/www.psib-psoe.org\/menorca\/esmercadalifornells\/wp-json\/wp\/v2\/comments?post=25762"}],"version-history":[{"count":0,"href":"https:\/\/www.psib-psoe.org\/menorca\/esmercadalifornells\/wp-json\/wp\/v2\/posts\/25762\/revisions"}],"wp:featuredmedia":[{"embeddable":true,"href":"https:\/\/www.psib-psoe.org\/menorca\/esmercadalifornells\/wp-json\/wp\/v2\/media\/25763"}],"wp:attachment":[{"href":"https:\/\/www.psib-psoe.org\/menorca\/esmercadalifornells\/wp-json\/wp\/v2\/media?parent=25762"}],"wp:term":[{"taxonomy":"category","embeddable":true,"href":"https:\/\/www.psib-psoe.org\/menorca\/esmercadalifornells\/wp-json\/wp\/v2\/categories?post=25762"},{"taxonomy":"post_tag","embeddable":true,"href":"https:\/\/www.psib-psoe.org\/menorca\/esmercadalifornells\/wp-json\/wp\/v2\/tags?post=25762"}],"curies":[{"name":"wp","href":"https:\/\/api.w.org\/{rel}","templated":true}]}}