{"id":25936,"date":"2024-04-19T09:00:37","date_gmt":"2024-04-19T07:00:37","guid":{"rendered":"https:\/\/www.psib-psoe.org\/menorca\/esmercadalifornells\/el-psoe-fa-valer-la-majoria-desquerres-i-saproven-la-totalitat-de-les-mocions-de-loposicio-al-ple\/"},"modified":"2024-04-19T09:00:37","modified_gmt":"2024-04-19T07:00:37","slug":"el-psoe-fa-valer-la-majoria-desquerres-i-saproven-la-totalitat-de-les-mocions-de-loposicio-al-ple","status":"publish","type":"post","link":"https:\/\/www.psib-psoe.org\/menorca\/esmercadalifornells\/el-psoe-fa-valer-la-majoria-desquerres-i-saproven-la-totalitat-de-les-mocions-de-loposicio-al-ple\/","title":{"rendered":"El PSOE fa valer la majoria                   d\u2019esquerres i s\u2019aproven la totalitat   de les mocions de l\u2019oposici\u00f3 al Ple"},"content":{"rendered":"<div class=\"wp-block-media-text alignwide has-media-on-the-right\" style=\"grid-template-columns:auto 32%\">\n<figure class=\"wp-block-media-text__media\"><video controls src=\"https:\/\/www.psib-psoe.org\/menorca\/ciutadella\/wp-content\/uploads\/RESUM-PLENARIS-1.mp4\"><\/video><\/figure>\n<div class=\"wp-block-media-text__content\">\n<p>PSOE, PSM MxM i Ciutadella Endavant van<br \/>\nfer valer la majoria al Ple d&#8217;ahir de l&#8217;Ajuntament i van aprovar les set<br \/>\nmocions que presentaven, tot i el vot contrari de l&#8217;equip de govern del Partit<br \/>\nPopular en algunes de les propostes d&#8217;acord.<\/p>\n<p>S&#8217;han aprovat amb el vot favorable de<br \/>\nPSOE, PSM i Ciutadella Endavant:<\/p>\n<ul>\n<li>Moci\u00f3 conjunta PSOE, PSM MxM i Ciutadella Endavant sobre la planta de biog\u00e0s i del tractament dels SANDACH<\/li>\n<li>Moci\u00f3 conjunta PSOE, PSM MxM i Ciutadella Endavant sobre la zona verda de la platja de Santandria<\/li>\n<li>Moci\u00f3 del Grup Municipal Socialista (PSOE) referent al Pla insular d&#8217;instal\u00b7lacions esportives de Menorca.<\/li>\n<li>Moci\u00f3 del Grup Municipal Socialista (PSOE) referent a la carretera de Cala en Blanes i la instal\u00b7laci\u00f3 de radars.<\/li>\n<li>Moci\u00f3 PSM MxM sobre el transport col\u00b7lectiu a punta Nati.<\/li>\n<li>Moci\u00f3 PSM MxM sobre la necessitat de declarar Menorca com a zona tensionada en el mercat de l&#8217;habitatge.<\/li>\n<li>Moci\u00f3 PSM MxM sobre la necessitat d&#8217;evitar estendre el lloguer tur\u00edstic a habitatges en s\u00f2l r\u00fastic.<\/li>\n<li>Moci\u00f3 PSM MxM sobre la modificaci\u00f3 de l&#8217;Ordenan\u00e7a fiscal amb relaci\u00f3 al tractament de les persones amb discapacitat.<\/li>\n<\/ul>\n<p>Tamb\u00e9 el Ple va servir perqu\u00e8 na Ester Mascar\u00f3 i en Bernat Casasnovas prenguessin possessi\u00f3 com a nou regidors del grup municipal socialista a l&#8217;Ajuntament. Els desitjam molta sort en aquesta nova etapa per a ells.<\/p>\n<p>Val a dir per \u00faltim que l&#8217;equip de govern del Partit Popular tan sols va presentar en aquest Ple dues propostes d&#8217;acord. <\/p>\n<ul>\n<li>Eliminar del cam\u00ed de sa Torre del Ram del Cat\u00e0leg municipal de camins rurals de Ciutadella i de l&#8217;Inventari municipal de b\u00e9ns.<\/li>\n<li>Aprovar inicialment la modificaci\u00f3 de l&#8217;Ordenan\u00e7a municipal d&#8217;\u00fas i aprofitament de les platges del municipi de Ciutadella de Menorca.<\/li>\n<\/ul>\n<\/div>\n<\/div>\n<p>Source: Municipi Ciutadella<\/p>\n","protected":false},"excerpt":{"rendered":"<p>PSOE, PSM MxM i Ciutadella Endavant van fer valer la majoria al Ple d&#8217;ahir de l&#8217;Ajuntament i van aprovar les set mocions que presentaven, tot i el vot contrari de l&#8217;equip de govern del Partit Popular en algunes de les propostes d&#8217;acord. S&#8217;han aprovat amb el vot favorable de PSOE, PSM i Ciutadella Endavant: Moci\u00f3&hellip;<\/p>\n","protected":false},"author":1,"featured_media":0,"comment_status":"false","ping_status":"open","sticky":false,"template":"","format":"standard","meta":{"footnotes":""},"categories":[99],"tags":[84],"class_list":["post-25936","post","type-post","status-publish","format-standard","hentry","category-ciutadella","tag-psib-psoe"],"_links":{"self":[{"href":"https:\/\/www.psib-psoe.org\/menorca\/esmercadalifornells\/wp-json\/wp\/v2\/posts\/25936"}],"collection":[{"href":"https:\/\/www.psib-psoe.org\/menorca\/esmercadalifornells\/wp-json\/wp\/v2\/posts"}],"about":[{"href":"https:\/\/www.psib-psoe.org\/menorca\/esmercadalifornells\/wp-json\/wp\/v2\/types\/post"}],"author":[{"embeddable":true,"href":"https:\/\/www.psib-psoe.org\/menorca\/esmercadalifornells\/wp-json\/wp\/v2\/users\/1"}],"replies":[{"embeddable":true,"href":"https:\/\/www.psib-psoe.org\/menorca\/esmercadalifornells\/wp-json\/wp\/v2\/comments?post=25936"}],"version-history":[{"count":0,"href":"https:\/\/www.psib-psoe.org\/menorca\/esmercadalifornells\/wp-json\/wp\/v2\/posts\/25936\/revisions"}],"wp:attachment":[{"href":"https:\/\/www.psib-psoe.org\/menorca\/esmercadalifornells\/wp-json\/wp\/v2\/media?parent=25936"}],"wp:term":[{"taxonomy":"category","embeddable":true,"href":"https:\/\/www.psib-psoe.org\/menorca\/esmercadalifornells\/wp-json\/wp\/v2\/categories?post=25936"},{"taxonomy":"post_tag","embeddable":true,"href":"https:\/\/www.psib-psoe.org\/menorca\/esmercadalifornells\/wp-json\/wp\/v2\/tags?post=25936"}],"curies":[{"name":"wp","href":"https:\/\/api.w.org\/{rel}","templated":true}]}}