{"id":25947,"date":"2024-05-03T14:22:18","date_gmt":"2024-05-03T12:22:18","guid":{"rendered":"https:\/\/www.psib-psoe.org\/menorca\/esmercadalifornells\/el-psoe-menorca-exigeix-a-vilafranca-que-doni-explicacions-sobre-la-contractacio-del-consell-dun-carrec-de-confianca-de-vox-2\/"},"modified":"2024-05-03T14:22:18","modified_gmt":"2024-05-03T12:22:18","slug":"el-psoe-menorca-exigeix-a-vilafranca-que-doni-explicacions-sobre-la-contractacio-del-consell-dun-carrec-de-confianca-de-vox-2","status":"publish","type":"post","link":"https:\/\/www.psib-psoe.org\/menorca\/esmercadalifornells\/el-psoe-menorca-exigeix-a-vilafranca-que-doni-explicacions-sobre-la-contractacio-del-consell-dun-carrec-de-confianca-de-vox-2\/","title":{"rendered":"El PSOE Menorca exigeix a Vilafranca que doni explicacions sobre la contractaci\u00f3 del Consell d\u2019un c\u00e0rrec de confian\u00e7a de Vox"},"content":{"rendered":"<div class=\"row wpb_row row-fluid img_noticia\">\n<div class=\"wpb_column columns small-12 medium-12 thb-dark-column\">\n<div class=\"vc_column-inner  \">\n<div class=\"wpb_wrapper\">\n<div class=\"wpb_single_image wpb_content_element vc_align_left\">\n<figure class=\"wpb_wrapper vc_figure\">\n<div class=\"vc_single_image-wrapper   vc_box_border_grey\"><img loading=\"lazy\" decoding=\"async\" width=\"2560\" height=\"1920\" src=\"https:\/\/www.psib-psoe.org\/menorca\/wp-content\/uploads\/Susana-i-Barbara-scaled.jpg\" class=\"vc_single_image-img attachment-full\" alt=\"\" \/><\/div>\n<\/figure>\n<\/div>\n<\/div>\n<\/div>\n<\/div>\n<\/div>\n<div class=\"row wpb_row row-fluid intro\">\n<div class=\"wpb_column columns small-12 medium-12 thb-dark-column\">\n<div class=\"vc_column-inner  \">\n<div class=\"wpb_wrapper\">\n<div class=\"wpb_text_column wpb_content_element  \">\n<div class=\"wpb_wrapper\">\n<p>El partit ha avan\u00e7at que si es confirma que la contractaci\u00f3 s&#8217;ha realitzat de forma conscient a esquenes de la legalitat, exigir\u00e0 que es prenguin les mesures necess\u00e0ries per corregir aquesta situaci\u00f3<\/p>\n<\/p>\n<\/div>\n<\/div>\n<\/div>\n<\/div>\n<\/div>\n<\/div>\n<div class=\"row wpb_row row-fluid\">\n<div class=\"wpb_column columns small-12 medium-6 thb-dark-column\">\n<div class=\"vc_column-inner  \">\n<div class=\"wpb_wrapper\">\n<div class=\"wpb_text_column wpb_content_element  \">\n<div class=\"wpb_wrapper\">\n<p>Davant el fet que el PP del Consell de Menorca ha contractat de forma presumptament il\u00b7legal, a trav\u00e9s d&#8217;un contracte menor, un c\u00e0rrec de confian\u00e7a de Vox, el PSOE Menorca critica la incoher\u00e8ncia del president, Adolfo Vilafranca, en aquest sentit. Mentre el PP ha iniciat l&#8217;elaboraci\u00f3 d&#8217;un Pla Anual de Control Financer i Auditoria, amb l&#8217;ojectiu de controlar les finances dels organismes que depenen del Consell Insular, est\u00e0 cometent greus infraccions en la contractaci\u00f3.<span class=\"Apple-converted-space\">\u00a0<\/span><\/p>\n<p>Davant d&#8217;aquest context, el PSOE Menorca exigeix a Adolfo Vilafranca que doni les explicacions necess\u00e0ries sobre aquest fet que prengui mesures per corregir aquesta situaci\u00f3.<\/p>\n<\/p>\n<\/div>\n<\/div>\n<\/div>\n<\/div>\n<\/div>\n<div class=\"wpb_column columns small-12 medium-6 thb-dark-column\">\n<div class=\"vc_column-inner  \">\n<div class=\"wpb_wrapper\">\n<div class=\"wpb_text_column wpb_content_element  \">\n<div class=\"wpb_wrapper\">\n<p>A ulls dels i les socialistes, \u00e9s fonamental que s&#8217;aclareixin els dubtes que hi ha sobre aquesta contractaci\u00f3 i, si es confirma que s&#8217;ha realitzat de forma conscient a esquenes de la legalitat, es prenguin les mesures necess\u00e0ries. Qualsevol tipus de pr\u00e0ctiques contr\u00e0ries a la llei no poden tenir cabuda en les institucions p\u00fabliques.<\/p>\n<p>El partit ha mostrat la seva preocupaci\u00f3 davant d&#8217;aquesta situaci\u00f3 perqu\u00e8 es demostra, una vegada m\u00e9s, que PP i Vox s\u00f3n el mateix i es demana si el que fa el PP amb aquesta contractaci\u00f3 \u00e9s, precisament, comprar el vot de Vox per aprovar de forma definitiva els pressupostos de la instituci\u00f3. Per \u00faltim, el Partit Socialista ha reafirmat el seu comprom\u00eds amb els valors de transpar\u00e8ncia i legalitat i ha defensat que seguir\u00e0 vetllant pel compliment d&#8217;aquests valors i per garantir una societat vertaderament democr\u00e0tica.<\/p>\n<\/p>\n<\/div>\n<\/div>\n<\/div>\n<\/div>\n<\/div>\n<\/div>\n<p>Source: Federaci\u00f3 de Menorca <\/p>\n<p>Source: Municipi Ciutadella<\/p>\n","protected":false},"excerpt":{"rendered":"<p>El partit ha avan\u00e7at que si es confirma que la contractaci\u00f3 s&#8217;ha realitzat de forma conscient a esquenes de la legalitat, exigir\u00e0 que es prenguin les mesures necess\u00e0ries per corregir aquesta situaci\u00f3 Davant el fet que el PP del Consell de Menorca ha contractat de forma presumptament il\u00b7legal, a trav\u00e9s d&#8217;un contracte menor, un c\u00e0rrec&hellip;<\/p>\n","protected":false},"author":1,"featured_media":25948,"comment_status":"false","ping_status":"open","sticky":false,"template":"","format":"standard","meta":{"footnotes":""},"categories":[99],"tags":[84],"class_list":["post-25947","post","type-post","status-publish","format-standard","has-post-thumbnail","hentry","category-ciutadella","tag-psib-psoe"],"_links":{"self":[{"href":"https:\/\/www.psib-psoe.org\/menorca\/esmercadalifornells\/wp-json\/wp\/v2\/posts\/25947"}],"collection":[{"href":"https:\/\/www.psib-psoe.org\/menorca\/esmercadalifornells\/wp-json\/wp\/v2\/posts"}],"about":[{"href":"https:\/\/www.psib-psoe.org\/menorca\/esmercadalifornells\/wp-json\/wp\/v2\/types\/post"}],"author":[{"embeddable":true,"href":"https:\/\/www.psib-psoe.org\/menorca\/esmercadalifornells\/wp-json\/wp\/v2\/users\/1"}],"replies":[{"embeddable":true,"href":"https:\/\/www.psib-psoe.org\/menorca\/esmercadalifornells\/wp-json\/wp\/v2\/comments?post=25947"}],"version-history":[{"count":0,"href":"https:\/\/www.psib-psoe.org\/menorca\/esmercadalifornells\/wp-json\/wp\/v2\/posts\/25947\/revisions"}],"wp:featuredmedia":[{"embeddable":true,"href":"https:\/\/www.psib-psoe.org\/menorca\/esmercadalifornells\/wp-json\/wp\/v2\/media\/25948"}],"wp:attachment":[{"href":"https:\/\/www.psib-psoe.org\/menorca\/esmercadalifornells\/wp-json\/wp\/v2\/media?parent=25947"}],"wp:term":[{"taxonomy":"category","embeddable":true,"href":"https:\/\/www.psib-psoe.org\/menorca\/esmercadalifornells\/wp-json\/wp\/v2\/categories?post=25947"},{"taxonomy":"post_tag","embeddable":true,"href":"https:\/\/www.psib-psoe.org\/menorca\/esmercadalifornells\/wp-json\/wp\/v2\/tags?post=25947"}],"curies":[{"name":"wp","href":"https:\/\/api.w.org\/{rel}","templated":true}]}}